{"id":9618,"date":"2021-04-26T22:07:20","date_gmt":"2021-04-26T20:07:20","guid":{"rendered":"http:\/\/agora.xtec.cat\/escolanouclave\/?p=9618"},"modified":"2021-04-28T08:29:31","modified_gmt":"2021-04-28T06:29:31","slug":"diada-de-st-jordi-2021-educacio-infantil","status":"publish","type":"post","link":"https:\/\/agora.xtec.cat\/escolanouclave\/general\/diada-de-st-jordi-2021-educacio-infantil\/","title":{"rendered":"Educaci\u00f3 infantil: Diada  de Sant Jordi 2021"},"content":{"rendered":"<p><a href=\"https:\/\/agora.xtec.cat\/escolanouclave\/wp-content\/uploads\/usu1363\/2021\/04\/th-3.jpg\"><img loading=\"lazy\" decoding=\"async\" class=\" wp-image-9626 aligncenter\" src=\"https:\/\/agora.xtec.cat\/escolanouclave\/wp-content\/uploads\/usu1363\/2021\/04\/th-3.jpg\" alt=\"\" width=\"328\" height=\"232\" \/><\/a><\/p>\n<p>La diada de St. Jordi \u00e9s una de les festes que celebrem cada any a la nostra escola. Aquest any hem realitzat una s\u00e8rie d&#8217;activitats i tallers durant tota la setmana. Mai pot fallar la llegenda de Sant Jordi on els nens queden bocabadats amb la hist\u00f2ria i els seus personatges, el drac, la princesa i el cavaller,\u00a0 i amb l&#8217;alegria de les can\u00e7ons.<\/p>\n<p>Cada classe ha fet un punt de llibre representant\u00a0 una rosa i com a manualitat hem fet un drac ferotge, dels que treu foc per la boca.tot decorant.lo amb gomets.. Com ens agrada portar els nostres treballs a casa.<\/p>\n<p>La cloenda de la festa ha estat divendres on els nois de l&#8217;ESO ens han fet una representaci\u00f3 de titelles al teatre i ens han fet reviure el conte. Plens d\u00b4entusiasme els hi hem pogut fer preguntes de les nostres inquietuds.i els hem felicitat. Ho han fet superb\u00e9. A la tarda hem sortit a passejar per Mollet per poder veure l&#8217;ambient i alguna de les t\u00edpiques paradetes de llibres i roses.<\/p>\n<p>Sabeu una cosa? Cada classe hem muntat la nostra pr\u00f2pia paradeta a l&#8217;aula. Cada nen ha portat un conte que hem intercanviat entre els companys. Per decorar no hi ha faltat les roses, algun drac i incl\u00fas alguna figureta dels personatges fetes pels propis nens.<\/p>\n<p>Estem molt contents perque s&#8217;ha publicat el primer n\u00famero de la revista de l&#8217;escola, LA FINESTRA,i ha estat un especial Sant Jordi. Els nens d&#8217;infantil v\u00e0rem fer uns dibuixos de la llegenda i han estat seleccionat uns quants per a fer la publicaci\u00f3.. Ha estat una manera molt bonica per desitjar una molt bona diada de Sant Jordi.<\/p>\n<p>Fins l&#8217;any vinent, Sant Jordi, la princesa i el drac. Que la m\u00e0gia de la llegenda ens ompli de llibres i roses en una festa molt arrelada a tots nosaltres.<\/p>\n<p>&nbsp;<\/p>\n<table>\n<tbody>\n<tr>\n<td><a href=\"https:\/\/agora.xtec.cat\/escolanouclave\/wp-content\/uploads\/usu1363\/2021\/04\/PHOTO-2021-04-26-18-27-20.jpg\"><img loading=\"lazy\" decoding=\"async\" class=\"wp-image-9622 aligncenter\" src=\"https:\/\/agora.xtec.cat\/escolanouclave\/wp-content\/uploads\/usu1363\/2021\/04\/PHOTO-2021-04-26-18-27-20-1024x724.jpg\" alt=\"\" width=\"302\" height=\"213\" srcset=\"https:\/\/agora.xtec.cat\/escolanouclave\/wp-content\/uploads\/usu1363\/2021\/04\/PHOTO-2021-04-26-18-27-20-1024x724.jpg 1024w, https:\/\/agora.xtec.cat\/escolanouclave\/wp-content\/uploads\/usu1363\/2021\/04\/PHOTO-2021-04-26-18-27-20-300x212.jpg 300w, https:\/\/agora.xtec.cat\/escolanouclave\/wp-content\/uploads\/usu1363\/2021\/04\/PHOTO-2021-04-26-18-27-20-768x543.jpg 768w, https:\/\/agora.xtec.cat\/escolanouclave\/wp-content\/uploads\/usu1363\/2021\/04\/PHOTO-2021-04-26-18-27-20.jpg 1170w\" sizes=\"auto, (max-width: 302px) 100vw, 302px\" \/><\/a><\/td>\n<td><img loading=\"lazy\" decoding=\"async\" class=\"wp-image-9623 aligncenter\" src=\"https:\/\/agora.xtec.cat\/escolanouclave\/wp-content\/uploads\/usu1363\/2021\/04\/PHOTO-2021-04-26-18-23-59-1024x1024.jpg\" alt=\"\" width=\"270\" height=\"271\" srcset=\"https:\/\/agora.xtec.cat\/escolanouclave\/wp-content\/uploads\/usu1363\/2021\/04\/PHOTO-2021-04-26-18-23-59-1024x1024.jpg 1024w, https:\/\/agora.xtec.cat\/escolanouclave\/wp-content\/uploads\/usu1363\/2021\/04\/PHOTO-2021-04-26-18-23-59-150x150.jpg 150w, https:\/\/agora.xtec.cat\/escolanouclave\/wp-content\/uploads\/usu1363\/2021\/04\/PHOTO-2021-04-26-18-23-59-300x300.jpg 300w, https:\/\/agora.xtec.cat\/escolanouclave\/wp-content\/uploads\/usu1363\/2021\/04\/PHOTO-2021-04-26-18-23-59-768x768.jpg 768w, https:\/\/agora.xtec.cat\/escolanouclave\/wp-content\/uploads\/usu1363\/2021\/04\/PHOTO-2021-04-26-18-23-59.jpg 2048w\" sizes=\"auto, (max-width: 270px) 100vw, 270px\" \/><\/td>\n<td><a href=\"https:\/\/agora.xtec.cat\/escolanouclave\/wp-content\/uploads\/usu1363\/2021\/04\/PHOTO-2021-04-26-18-27-11.jpg\"><img loading=\"lazy\" decoding=\"async\" class=\"alignnone wp-image-9624\" src=\"https:\/\/agora.xtec.cat\/escolanouclave\/wp-content\/uploads\/usu1363\/2021\/04\/PHOTO-2021-04-26-18-27-11-1024x677.jpg\" alt=\"\" width=\"312\" height=\"206\" srcset=\"https:\/\/agora.xtec.cat\/escolanouclave\/wp-content\/uploads\/usu1363\/2021\/04\/PHOTO-2021-04-26-18-27-11-1024x677.jpg 1024w, https:\/\/agora.xtec.cat\/escolanouclave\/wp-content\/uploads\/usu1363\/2021\/04\/PHOTO-2021-04-26-18-27-11-300x198.jpg 300w, https:\/\/agora.xtec.cat\/escolanouclave\/wp-content\/uploads\/usu1363\/2021\/04\/PHOTO-2021-04-26-18-27-11-768x508.jpg 768w, https:\/\/agora.xtec.cat\/escolanouclave\/wp-content\/uploads\/usu1363\/2021\/04\/PHOTO-2021-04-26-18-27-11.jpg 1170w\" sizes=\"auto, (max-width: 312px) 100vw, 312px\" \/><\/a><\/td>\n<\/tr>\n<\/tbody>\n<\/table>\n<p>&nbsp;<\/p>\n","protected":false},"excerpt":{"rendered":"<p>La diada de St. Jordi \u00e9s una de les festes que celebrem cada any a la nostra escola. Aquest any hem realitzat una s\u00e8rie d&#8217;activitats i tallers durant tota la setmana. Mai pot fallar la llegenda de Sant Jordi on els nens queden bocabadats amb la hist\u00f2ria i els seus personatges, el drac, la princesa [&hellip;]<\/p>\n","protected":false},"author":6,"featured_media":9626,"comment_status":"open","ping_status":"closed","sticky":false,"template":"","format":"standard","meta":{"_bbp_topic_count":0,"_bbp_reply_count":0,"_bbp_total_topic_count":0,"_bbp_total_reply_count":0,"_bbp_voice_count":0,"_bbp_anonymous_reply_count":0,"_bbp_topic_count_hidden":0,"_bbp_reply_count_hidden":0,"_bbp_forum_subforum_count":0,"site-sidebar-layout":"default","site-content-layout":"","ast-site-content-layout":"","site-content-style":"default","site-sidebar-style":"default","ast-global-header-display":"","ast-banner-title-visibility":"","ast-main-header-display":"","ast-hfb-above-header-display":"","ast-hfb-below-header-display":"","ast-hfb-mobile-header-display":"","site-post-title":"","ast-breadcrumbs-content":"","ast-featured-img":"","footer-sml-layout":"","theme-transparent-header-meta":"","adv-header-id-meta":"","stick-header-meta":"","header-above-stick-meta":"","header-main-stick-meta":"","header-below-stick-meta":"","astra-migrate-meta-layouts":"default","ast-page-background-enabled":"default","ast-page-background-meta":{"desktop":{"background-color":"var(--ast-global-color-4)","background-image":"","background-repeat":"repeat","background-position":"center center","background-size":"auto","background-attachment":"scroll","background-type":"","background-media":"","overlay-type":"","overlay-color":"","overlay-opacity":"","overlay-gradient":""},"tablet":{"background-color":"","background-image":"","background-repeat":"repeat","background-position":"center center","background-size":"auto","background-attachment":"scroll","background-type":"","background-media":"","overlay-type":"","overlay-color":"","overlay-opacity":"","overlay-gradient":""},"mobile":{"background-color":"","background-image":"","background-repeat":"repeat","background-position":"center center","background-size":"auto","background-attachment":"scroll","background-type":"","background-media":"","overlay-type":"","overlay-color":"","overlay-opacity":"","overlay-gradient":""}},"ast-content-background-meta":{"desktop":{"background-color":"var(--ast-global-color-5)","background-image":"","background-repeat":"repeat","background-position":"center center","background-size":"auto","background-attachment":"scroll","background-type":"","background-media":"","overlay-type":"","overlay-color":"","overlay-opacity":"","overlay-gradient":""},"tablet":{"background-color":"var(--ast-global-color-5)","background-image":"","background-repeat":"repeat","background-position":"center center","background-size":"auto","background-attachment":"scroll","background-type":"","background-media":"","overlay-type":"","overlay-color":"","overlay-opacity":"","overlay-gradient":""},"mobile":{"background-color":"var(--ast-global-color-5)","background-image":"","background-repeat":"repeat","background-position":"center center","background-size":"auto","background-attachment":"scroll","background-type":"","background-media":"","overlay-type":"","overlay-color":"","overlay-opacity":"","overlay-gradient":""}},"footnotes":""},"categories":[1,2,3,8,98],"tags":[1016],"class_list":["post-9618","post","type-post","status-publish","format-standard","has-post-thumbnail","hentry","category-general","category-infantil","category-p3","category-p4","category-p5-infantil","tag-st-jordi"],"post_mailing_queue_ids":[],"_links":{"self":[{"href":"https:\/\/agora.xtec.cat\/escolanouclave\/wp-json\/wp\/v2\/posts\/9618","targetHints":{"allow":["GET"]}}],"collection":[{"href":"https:\/\/agora.xtec.cat\/escolanouclave\/wp-json\/wp\/v2\/posts"}],"about":[{"href":"https:\/\/agora.xtec.cat\/escolanouclave\/wp-json\/wp\/v2\/types\/post"}],"author":[{"embeddable":true,"href":"https:\/\/agora.xtec.cat\/escolanouclave\/wp-json\/wp\/v2\/users\/6"}],"replies":[{"embeddable":true,"href":"https:\/\/agora.xtec.cat\/escolanouclave\/wp-json\/wp\/v2\/comments?post=9618"}],"version-history":[{"count":3,"href":"https:\/\/agora.xtec.cat\/escolanouclave\/wp-json\/wp\/v2\/posts\/9618\/revisions"}],"predecessor-version":[{"id":9635,"href":"https:\/\/agora.xtec.cat\/escolanouclave\/wp-json\/wp\/v2\/posts\/9618\/revisions\/9635"}],"wp:featuredmedia":[{"embeddable":true,"href":"https:\/\/agora.xtec.cat\/escolanouclave\/wp-json\/wp\/v2\/media\/9626"}],"wp:attachment":[{"href":"https:\/\/agora.xtec.cat\/escolanouclave\/wp-json\/wp\/v2\/media?parent=9618"}],"wp:term":[{"taxonomy":"category","embeddable":true,"href":"https:\/\/agora.xtec.cat\/escolanouclave\/wp-json\/wp\/v2\/categories?post=9618"},{"taxonomy":"post_tag","embeddable":true,"href":"https:\/\/agora.xtec.cat\/escolanouclave\/wp-json\/wp\/v2\/tags?post=9618"}],"curies":[{"name":"wp","href":"https:\/\/api.w.org\/{rel}","templated":true}]}}