{"id":9592,"date":"2021-04-23T23:50:18","date_gmt":"2021-04-23T21:50:18","guid":{"rendered":"http:\/\/agora.xtec.cat\/escolanouclave\/?p=9592"},"modified":"2021-04-23T23:51:53","modified_gmt":"2021-04-23T21:51:53","slug":"lalumnat-explica-projectes","status":"publish","type":"post","link":"https:\/\/agora.xtec.cat\/escolanouclave\/general\/lalumnat-explica-projectes\/","title":{"rendered":"L&#8217;alumnat explica: PROJECTES"},"content":{"rendered":"<p>Apostem pel canvi?<\/p>\n<p>A l&#8217;Anselm Clav\u00e9 estem en un canvi constant. Els i les alumnes canvien, les inquietuds, l&#8217;entorn&#8230; Doncs creiem que ens hem d&#8217;adaptar a les situacions i intentar donar el millor de tots i totes les professionals que formem part del dia a dia dels nens i les nenes de l&#8217;escola.<\/p>\n<p>Un d&#8217;aquests canvis \u00e9s la metodologia amb que treballem: aquest any hem comen\u00e7at a treballar per projectes, des de P3 fins a 4t d&#8217;ESO i volem explicar-vos tot el que comporta aquest canvi i, sobretot, que pugueu veure <strong>QU\u00c8 EN PENSA L&#8217;ALUMNAT<\/strong>.<\/p>\n<p>El treball per projectes significa:<\/p>\n<ul>\n<li>Un canvi en el paper de l&#8217;alumnat: \u00e9s el protagonista del seu propi aprenentatge.<\/li>\n<li>Un canvi en el paper del professorat: es converteix en transmissor de coneixements, incitador d&#8217;aprenentatges, creador de curiositats i motivador d&#8217;il\u00b7lusions, entre d&#8217;altres.<\/li>\n<li>Aprendre a partir de l&#8217;inter\u00e8s dels alumnes, de les seves inquietuds.<\/li>\n<li>Promoure l&#8217;autonomia dels alumnes en les seves tasques i decisions.<\/li>\n<li>Utilitzar les noves tecnologies i fomentar el m\u00e8tode cient\u00edfic per fer nous descobriments.<\/li>\n<li>Treballar cooperativament per tal de fomentar les relacions i el treball en equip.<\/li>\n<li>Prendre consci\u00e8ncia d&#8217;all\u00f2 que ja sabem, all\u00f2 que volem saber i all\u00f2 que hem apr\u00e8s.<\/li>\n<li>I, sobretot: fomentar l&#8217;aprenentatge significatiu, funcional, compartit i emocional.<\/li>\n<\/ul>\n<p>I ara que ja us hem explicat qu\u00e8 s\u00f3n per a nosaltres els projectes&#8230; us deixem un v\u00eddeo on podreu veure, de primera m\u00e0, que s\u00f3n els projectes pels vostres fills i filles.<\/p>\n<p>Esperem que us agradi i emocioni tant com a nosaltres!<\/p>\n<blockquote>\n<p style=\"text-align: center\"><strong>ENS ENCANTEN ELS PROJECTES!!!<\/strong><\/p>\n<p style=\"text-align: center\"><iframe loading=\"lazy\" src=\"\/\/www.youtube.com\/embed\/ROfIGZ22Hok\" width=\"560\" height=\"314\"><\/iframe><\/p>\n<p><b>ATT: L&#8217;EQUIP DE L&#8217;ESCOLA ANSELM CLAV\u00c9.<\/b><\/p><\/blockquote>\n","protected":false},"excerpt":{"rendered":"<p>Apostem pel canvi? A l&#8217;Anselm Clav\u00e9 estem en un canvi constant. Els i les alumnes canvien, les inquietuds, l&#8217;entorn&#8230; Doncs creiem que ens hem d&#8217;adaptar a les situacions i intentar donar el millor de tots i totes les professionals que formem part del dia a dia dels nens i les nenes de l&#8217;escola. Un d&#8217;aquests [&hellip;]<\/p>\n","protected":false},"author":22,"featured_media":3841,"comment_status":"open","ping_status":"closed","sticky":false,"template":"","format":"standard","meta":{"_bbp_topic_count":0,"_bbp_reply_count":0,"_bbp_total_topic_count":0,"_bbp_total_reply_count":0,"_bbp_voice_count":0,"_bbp_anonymous_reply_count":0,"_bbp_topic_count_hidden":0,"_bbp_reply_count_hidden":0,"_bbp_forum_subforum_count":0,"site-sidebar-layout":"default","site-content-layout":"","ast-site-content-layout":"","site-content-style":"default","site-sidebar-style":"default","ast-global-header-display":"","ast-banner-title-visibility":"","ast-main-header-display":"","ast-hfb-above-header-display":"","ast-hfb-below-header-display":"","ast-hfb-mobile-header-display":"","site-post-title":"","ast-breadcrumbs-content":"","ast-featured-img":"","footer-sml-layout":"","theme-transparent-header-meta":"","adv-header-id-meta":"","stick-header-meta":"","header-above-stick-meta":"","header-main-stick-meta":"","header-below-stick-meta":"","astra-migrate-meta-layouts":"default","ast-page-background-enabled":"default","ast-page-background-meta":{"desktop":{"background-color":"var(--ast-global-color-4)","background-image":"","background-repeat":"repeat","background-position":"center center","background-size":"auto","background-attachment":"scroll","background-type":"","background-media":"","overlay-type":"","overlay-color":"","overlay-opacity":"","overlay-gradient":""},"tablet":{"background-color":"","background-image":"","background-repeat":"repeat","background-position":"center center","background-size":"auto","background-attachment":"scroll","background-type":"","background-media":"","overlay-type":"","overlay-color":"","overlay-opacity":"","overlay-gradient":""},"mobile":{"background-color":"","background-image":"","background-repeat":"repeat","background-position":"center center","background-size":"auto","background-attachment":"scroll","background-type":"","background-media":"","overlay-type":"","overlay-color":"","overlay-opacity":"","overlay-gradient":""}},"ast-content-background-meta":{"desktop":{"background-color":"var(--ast-global-color-5)","background-image":"","background-repeat":"repeat","background-position":"center center","background-size":"auto","background-attachment":"scroll","background-type":"","background-media":"","overlay-type":"","overlay-color":"","overlay-opacity":"","overlay-gradient":""},"tablet":{"background-color":"var(--ast-global-color-5)","background-image":"","background-repeat":"repeat","background-position":"center center","background-size":"auto","background-attachment":"scroll","background-type":"","background-media":"","overlay-type":"","overlay-color":"","overlay-opacity":"","overlay-gradient":""},"mobile":{"background-color":"var(--ast-global-color-5)","background-image":"","background-repeat":"repeat","background-position":"center center","background-size":"auto","background-attachment":"scroll","background-type":"","background-media":"","overlay-type":"","overlay-color":"","overlay-opacity":"","overlay-gradient":""}},"footnotes":""},"categories":[1],"tags":[111,1015,121,117,953],"class_list":["post-9592","post","type-post","status-publish","format-standard","has-post-thumbnail","hentry","category-general","tag-escola-anselm-clave","tag-eso","tag-infantil","tag-primaria","tag-projectes"],"post_mailing_queue_ids":[],"_links":{"self":[{"href":"https:\/\/agora.xtec.cat\/escolanouclave\/wp-json\/wp\/v2\/posts\/9592","targetHints":{"allow":["GET"]}}],"collection":[{"href":"https:\/\/agora.xtec.cat\/escolanouclave\/wp-json\/wp\/v2\/posts"}],"about":[{"href":"https:\/\/agora.xtec.cat\/escolanouclave\/wp-json\/wp\/v2\/types\/post"}],"author":[{"embeddable":true,"href":"https:\/\/agora.xtec.cat\/escolanouclave\/wp-json\/wp\/v2\/users\/22"}],"replies":[{"embeddable":true,"href":"https:\/\/agora.xtec.cat\/escolanouclave\/wp-json\/wp\/v2\/comments?post=9592"}],"version-history":[{"count":3,"href":"https:\/\/agora.xtec.cat\/escolanouclave\/wp-json\/wp\/v2\/posts\/9592\/revisions"}],"predecessor-version":[{"id":9601,"href":"https:\/\/agora.xtec.cat\/escolanouclave\/wp-json\/wp\/v2\/posts\/9592\/revisions\/9601"}],"wp:featuredmedia":[{"embeddable":true,"href":"https:\/\/agora.xtec.cat\/escolanouclave\/wp-json\/wp\/v2\/media\/3841"}],"wp:attachment":[{"href":"https:\/\/agora.xtec.cat\/escolanouclave\/wp-json\/wp\/v2\/media?parent=9592"}],"wp:term":[{"taxonomy":"category","embeddable":true,"href":"https:\/\/agora.xtec.cat\/escolanouclave\/wp-json\/wp\/v2\/categories?post=9592"},{"taxonomy":"post_tag","embeddable":true,"href":"https:\/\/agora.xtec.cat\/escolanouclave\/wp-json\/wp\/v2\/tags?post=9592"}],"curies":[{"name":"wp","href":"https:\/\/api.w.org\/{rel}","templated":true}]}}