{"id":9585,"date":"2021-04-25T19:11:21","date_gmt":"2021-04-25T17:11:21","guid":{"rendered":"http:\/\/agora.xtec.cat\/escolanouclave\/?p=9585"},"modified":"2021-04-26T09:41:20","modified_gmt":"2021-04-26T07:41:20","slug":"diada-de-sant-jordi-educacio-primaria","status":"publish","type":"post","link":"https:\/\/agora.xtec.cat\/escolanouclave\/general\/diada-de-sant-jordi-educacio-primaria\/","title":{"rendered":"Educaci\u00f3 prim\u00e0ria: Diada de Sant Jordi"},"content":{"rendered":"<p>Com cada any, el 23 d&#8217;abril, diada de Sant Jordi, \u00e9s una data assenyalada per l&#8217;escola i la hem volgut celebrar preparant diverses activitats perqu\u00e8 sigui una setmana una mica diferent.<\/p>\n<p>La rosa, els llibres i els personatges de la llegenda de Sant Jordi han estat els protagonistes de les creacions art\u00edstiques dels alumnes. Tots els alumnes han realitzat un punt de llibre que s&#8217;han\u00a0 intercanviat amb els nens i nenes d&#8217;altres cursos com a premi per aconseguir els sis reptes que de Sant Jordi sel&#8217;s ha proposat. Han estat reptes molt diversos que cada classe ha ressolt\u00a0 de forma conjunta.<\/p>\n<p>Tamb\u00e9 hem fet una selecci\u00f3 de treballs que s&#8217;han publicat a la revista digitat de l&#8217;escola que s&#8217;enviar\u00e0 a totes les fam\u00edlies. Els alumnes de cicle inical han fet dibuixos, els alumnes de 3r passatemps, els alumnes de 4t\u00a0 poemes i els alumnes de cicle superior han creat el seu propi relat, tot evidentment relacionat amb la diada de Sant Jordi.<\/p>\n<p>Els nens i nenes de cicle inicial hem fet un drac molt simp\u00e0tic amb oueres i un punt de llibre que hem intercanviat amb altres nens i nenes d&#8217;altres cursos. Tamb\u00e9 cada nen i nena ha portat de casa el seu llibre preferit i ha explicat a la resta de companys i companyes perqu\u00e8 \u00e9s el seu preferit i una mica del qu\u00e8 tracta. Despr\u00e9s hem fet un mural amb tots els llibres que hem portat.<\/p>\n<p>Ens ho hem passat molt b\u00e9 ressolent els\u00a0 reptes de Sant Jordi\u00a0 i ens ha agradat molt els premis que hem rebut per aconseguir-ho; un punt de llibre, un llibre i un llapis que hem personalitat nosaltres mateixos. Ha estat una diada de Sant Jordi molt divertida i plena d&#8217;activitats!!!!<\/p>\n<table>\n<tbody>\n<tr>\n<td><a href=\"https:\/\/agora.xtec.cat\/escolanouclave\/wp-content\/uploads\/usu1363\/2021\/04\/el-nostre-drac-de-sant-jordi.jpg\"><img loading=\"lazy\" decoding=\"async\" class=\"alignnone size-large wp-image-9605\" src=\"https:\/\/agora.xtec.cat\/escolanouclave\/wp-content\/uploads\/usu1363\/2021\/04\/el-nostre-drac-de-sant-jordi-1024x819.jpg\" alt=\"\" width=\"1024\" height=\"819\" srcset=\"https:\/\/agora.xtec.cat\/escolanouclave\/wp-content\/uploads\/usu1363\/2021\/04\/el-nostre-drac-de-sant-jordi-1024x819.jpg 1024w, https:\/\/agora.xtec.cat\/escolanouclave\/wp-content\/uploads\/usu1363\/2021\/04\/el-nostre-drac-de-sant-jordi-300x240.jpg 300w, https:\/\/agora.xtec.cat\/escolanouclave\/wp-content\/uploads\/usu1363\/2021\/04\/el-nostre-drac-de-sant-jordi-768x614.jpg 768w, https:\/\/agora.xtec.cat\/escolanouclave\/wp-content\/uploads\/usu1363\/2021\/04\/el-nostre-drac-de-sant-jordi.jpg 2000w\" sizes=\"auto, (max-width: 1024px) 100vw, 1024px\" \/><\/a><\/td>\n<td><a href=\"https:\/\/agora.xtec.cat\/escolanouclave\/wp-content\/uploads\/usu1363\/2021\/04\/Verde-Blanco-Plantas-Flores-Cuadro-Borde-Foto-Collage.jpg\"><img loading=\"lazy\" decoding=\"async\" class=\"alignnone size-large wp-image-9607\" src=\"https:\/\/agora.xtec.cat\/escolanouclave\/wp-content\/uploads\/usu1363\/2021\/04\/Verde-Blanco-Plantas-Flores-Cuadro-Borde-Foto-Collage-1024x819.jpg\" alt=\"\" width=\"1024\" height=\"819\" srcset=\"https:\/\/agora.xtec.cat\/escolanouclave\/wp-content\/uploads\/usu1363\/2021\/04\/Verde-Blanco-Plantas-Flores-Cuadro-Borde-Foto-Collage-1024x819.jpg 1024w, https:\/\/agora.xtec.cat\/escolanouclave\/wp-content\/uploads\/usu1363\/2021\/04\/Verde-Blanco-Plantas-Flores-Cuadro-Borde-Foto-Collage-300x240.jpg 300w, https:\/\/agora.xtec.cat\/escolanouclave\/wp-content\/uploads\/usu1363\/2021\/04\/Verde-Blanco-Plantas-Flores-Cuadro-Borde-Foto-Collage-768x614.jpg 768w, https:\/\/agora.xtec.cat\/escolanouclave\/wp-content\/uploads\/usu1363\/2021\/04\/Verde-Blanco-Plantas-Flores-Cuadro-Borde-Foto-Collage.jpg 2000w\" sizes=\"auto, (max-width: 1024px) 100vw, 1024px\" \/><\/a><\/td>\n<td><a href=\"https:\/\/agora.xtec.cat\/escolanouclave\/wp-content\/uploads\/usu1363\/2021\/04\/Warm.jpg\"><img loading=\"lazy\" decoding=\"async\" class=\"alignnone size-large wp-image-9609\" src=\"https:\/\/agora.xtec.cat\/escolanouclave\/wp-content\/uploads\/usu1363\/2021\/04\/Warm-1024x819.jpg\" alt=\"\" width=\"1024\" height=\"819\" srcset=\"https:\/\/agora.xtec.cat\/escolanouclave\/wp-content\/uploads\/usu1363\/2021\/04\/Warm-1024x819.jpg 1024w, https:\/\/agora.xtec.cat\/escolanouclave\/wp-content\/uploads\/usu1363\/2021\/04\/Warm-300x240.jpg 300w, https:\/\/agora.xtec.cat\/escolanouclave\/wp-content\/uploads\/usu1363\/2021\/04\/Warm-768x614.jpg 768w, https:\/\/agora.xtec.cat\/escolanouclave\/wp-content\/uploads\/usu1363\/2021\/04\/Warm.jpg 2000w\" sizes=\"auto, (max-width: 1024px) 100vw, 1024px\" \/><\/a><\/td>\n<\/tr>\n<\/tbody>\n<\/table>\n<p>&nbsp;<\/p>\n","protected":false},"excerpt":{"rendered":"<p>Com cada any, el 23 d&#8217;abril, diada de Sant Jordi, \u00e9s una data assenyalada per l&#8217;escola i la hem volgut celebrar preparant diverses activitats perqu\u00e8 sigui una setmana una mica diferent. La rosa, els llibres i els personatges de la llegenda de Sant Jordi han estat els protagonistes de les creacions art\u00edstiques dels alumnes. Tots [&hellip;]<\/p>\n","protected":false},"author":1,"featured_media":9613,"comment_status":"open","ping_status":"closed","sticky":false,"template":"","format":"standard","meta":{"_bbp_topic_count":0,"_bbp_reply_count":0,"_bbp_total_topic_count":0,"_bbp_total_reply_count":0,"_bbp_voice_count":0,"_bbp_anonymous_reply_count":0,"_bbp_topic_count_hidden":0,"_bbp_reply_count_hidden":0,"_bbp_forum_subforum_count":0,"site-sidebar-layout":"default","site-content-layout":"","ast-site-content-layout":"","site-content-style":"default","site-sidebar-style":"default","ast-global-header-display":"","ast-banner-title-visibility":"","ast-main-header-display":"","ast-hfb-above-header-display":"","ast-hfb-below-header-display":"","ast-hfb-mobile-header-display":"","site-post-title":"","ast-breadcrumbs-content":"","ast-featured-img":"","footer-sml-layout":"","theme-transparent-header-meta":"","adv-header-id-meta":"","stick-header-meta":"","header-above-stick-meta":"","header-main-stick-meta":"","header-below-stick-meta":"","astra-migrate-meta-layouts":"default","ast-page-background-enabled":"default","ast-page-background-meta":{"desktop":{"background-color":"var(--ast-global-color-4)","background-image":"","background-repeat":"repeat","background-position":"center center","background-size":"auto","background-attachment":"scroll","background-type":"","background-media":"","overlay-type":"","overlay-color":"","overlay-opacity":"","overlay-gradient":""},"tablet":{"background-color":"","background-image":"","background-repeat":"repeat","background-position":"center center","background-size":"auto","background-attachment":"scroll","background-type":"","background-media":"","overlay-type":"","overlay-color":"","overlay-opacity":"","overlay-gradient":""},"mobile":{"background-color":"","background-image":"","background-repeat":"repeat","background-position":"center center","background-size":"auto","background-attachment":"scroll","background-type":"","background-media":"","overlay-type":"","overlay-color":"","overlay-opacity":"","overlay-gradient":""}},"ast-content-background-meta":{"desktop":{"background-color":"var(--ast-global-color-5)","background-image":"","background-repeat":"repeat","background-position":"center center","background-size":"auto","background-attachment":"scroll","background-type":"","background-media":"","overlay-type":"","overlay-color":"","overlay-opacity":"","overlay-gradient":""},"tablet":{"background-color":"var(--ast-global-color-5)","background-image":"","background-repeat":"repeat","background-position":"center center","background-size":"auto","background-attachment":"scroll","background-type":"","background-media":"","overlay-type":"","overlay-color":"","overlay-opacity":"","overlay-gradient":""},"mobile":{"background-color":"var(--ast-global-color-5)","background-image":"","background-repeat":"repeat","background-position":"center center","background-size":"auto","background-attachment":"scroll","background-type":"","background-media":"","overlay-type":"","overlay-color":"","overlay-opacity":"","overlay-gradient":""}},"footnotes":""},"categories":[10,1,5],"tags":[474],"class_list":["post-9585","post","type-post","status-publish","format-standard","has-post-thumbnail","hentry","category-1r","category-general","category-primaria","tag-sant-jordi"],"post_mailing_queue_ids":[],"_links":{"self":[{"href":"https:\/\/agora.xtec.cat\/escolanouclave\/wp-json\/wp\/v2\/posts\/9585","targetHints":{"allow":["GET"]}}],"collection":[{"href":"https:\/\/agora.xtec.cat\/escolanouclave\/wp-json\/wp\/v2\/posts"}],"about":[{"href":"https:\/\/agora.xtec.cat\/escolanouclave\/wp-json\/wp\/v2\/types\/post"}],"author":[{"embeddable":true,"href":"https:\/\/agora.xtec.cat\/escolanouclave\/wp-json\/wp\/v2\/users\/1"}],"replies":[{"embeddable":true,"href":"https:\/\/agora.xtec.cat\/escolanouclave\/wp-json\/wp\/v2\/comments?post=9585"}],"version-history":[{"count":4,"href":"https:\/\/agora.xtec.cat\/escolanouclave\/wp-json\/wp\/v2\/posts\/9585\/revisions"}],"predecessor-version":[{"id":9617,"href":"https:\/\/agora.xtec.cat\/escolanouclave\/wp-json\/wp\/v2\/posts\/9585\/revisions\/9617"}],"wp:featuredmedia":[{"embeddable":true,"href":"https:\/\/agora.xtec.cat\/escolanouclave\/wp-json\/wp\/v2\/media\/9613"}],"wp:attachment":[{"href":"https:\/\/agora.xtec.cat\/escolanouclave\/wp-json\/wp\/v2\/media?parent=9585"}],"wp:term":[{"taxonomy":"category","embeddable":true,"href":"https:\/\/agora.xtec.cat\/escolanouclave\/wp-json\/wp\/v2\/categories?post=9585"},{"taxonomy":"post_tag","embeddable":true,"href":"https:\/\/agora.xtec.cat\/escolanouclave\/wp-json\/wp\/v2\/tags?post=9585"}],"curies":[{"name":"wp","href":"https:\/\/api.w.org\/{rel}","templated":true}]}}