{"id":9362,"date":"2021-03-17T10:00:25","date_gmt":"2021-03-17T09:00:25","guid":{"rendered":"http:\/\/agora.xtec.cat\/escolanouclave\/?p=9362"},"modified":"2021-04-06T13:30:17","modified_gmt":"2021-04-06T11:30:17","slug":"projecte-acabat-la-torre-eiffel","status":"publish","type":"post","link":"https:\/\/agora.xtec.cat\/escolanouclave\/general\/projecte-acabat-la-torre-eiffel\/","title":{"rendered":"Projecte P5:  La Torre Eiffel."},"content":{"rendered":"<p>Som a les portes de les vacances de Setmana Santa i anem recopilant tot el que hem apr\u00e8s de la Torre<a href=\"https:\/\/agora.xtec.cat\/escolanouclave\/wp-content\/uploads\/usu1363\/2021\/03\/IMG_0251.jpg\"><img loading=\"lazy\" decoding=\"async\" class=\"wp-image-9363 alignright\" src=\"https:\/\/agora.xtec.cat\/escolanouclave\/wp-content\/uploads\/usu1363\/2021\/03\/IMG_0251-1024x768.jpg\" alt=\"\" width=\"387\" height=\"290\" srcset=\"https:\/\/agora.xtec.cat\/escolanouclave\/wp-content\/uploads\/usu1363\/2021\/03\/IMG_0251-1024x768.jpg 1024w, https:\/\/agora.xtec.cat\/escolanouclave\/wp-content\/uploads\/usu1363\/2021\/03\/IMG_0251-300x225.jpg 300w, https:\/\/agora.xtec.cat\/escolanouclave\/wp-content\/uploads\/usu1363\/2021\/03\/IMG_0251-768x576.jpg 768w, https:\/\/agora.xtec.cat\/escolanouclave\/wp-content\/uploads\/usu1363\/2021\/03\/IMG_0251-200x150.jpg 200w\" sizes=\"auto, (max-width: 387px) 100vw, 387px\" \/><\/a> Eiffel.<\/p>\n<p>Ens ha agradat molt parlar d&#8217;aquesta torre. Per\u00f2 no hem apr\u00e8s nom\u00e9s coses d&#8217;ella, sin\u00f3 que hem obert les portes al m\u00f3n:<\/p>\n<ul>\n<li>Coneixem el mapa del m\u00f3n<\/li>\n<li>Sabem quins s\u00f3n els continents<\/li>\n<li>Coneixem i sabem ubicar diferents meravelles del m\u00f3n<\/li>\n<li>Diferenciem entre hemisferi nord i hemisferi sud<\/li>\n<li>Sabem qu\u00e8 \u00e9s l\u00b4Equador<\/li>\n<li>Hem vist quanta terra hi ha i quant mar<\/li>\n<li>Sabem on fa m\u00e9s fred i on fa m\u00e9s calor<\/li>\n<li>Hem conegut banderes de diferents pa\u00efsos<\/li>\n<li>Hem vist com podem viatjar d\u00b4un lloc a l&#8217;altre del m\u00f3n<\/li>\n<\/ul>\n<p>&#8230;&#8230;&#8230;&#8230;&#8230;&#8230;&#8230;&#8230;&#8230;&#8230;&#8230;&#8230;&#8230;.<\/p>\n<p>Incre\u00efble com a trav\u00e9s d&#8217;una inquietud i desig de coneixement inicial es pot arribar a assolir tanta informaci\u00f3.<\/p>\n<p>Agra\u00efr la col\u00b7laboraci\u00f3 de les fam\u00edlies en ajudar a elaborar als infants respostes a diferents preguntes.<\/p>\n<p>I ara&#8230; ja estem comen\u00e7ant a parlar del nou projecte!!<\/p>\n<p>De ben segur que ser\u00e0 una altra aventura!!!!!!!!!!<\/p>\n<p>&nbsp;<\/p>\n<p><a href=\"https:\/\/agora.xtec.cat\/escolanouclave\/wp-content\/uploads\/usu1363\/2021\/03\/d73b3dfb-7d7c-4db6-8d24-d1a61a13d750.jpg\"><img loading=\"lazy\" decoding=\"async\" class=\"alignnone wp-image-9364\" src=\"https:\/\/agora.xtec.cat\/escolanouclave\/wp-content\/uploads\/usu1363\/2021\/03\/d73b3dfb-7d7c-4db6-8d24-d1a61a13d750-1024x768.jpg\" alt=\"\" width=\"674\" height=\"505\" srcset=\"https:\/\/agora.xtec.cat\/escolanouclave\/wp-content\/uploads\/usu1363\/2021\/03\/d73b3dfb-7d7c-4db6-8d24-d1a61a13d750-1024x768.jpg 1024w, https:\/\/agora.xtec.cat\/escolanouclave\/wp-content\/uploads\/usu1363\/2021\/03\/d73b3dfb-7d7c-4db6-8d24-d1a61a13d750-300x225.jpg 300w, https:\/\/agora.xtec.cat\/escolanouclave\/wp-content\/uploads\/usu1363\/2021\/03\/d73b3dfb-7d7c-4db6-8d24-d1a61a13d750-768x576.jpg 768w, https:\/\/agora.xtec.cat\/escolanouclave\/wp-content\/uploads\/usu1363\/2021\/03\/d73b3dfb-7d7c-4db6-8d24-d1a61a13d750-200x150.jpg 200w, https:\/\/agora.xtec.cat\/escolanouclave\/wp-content\/uploads\/usu1363\/2021\/03\/d73b3dfb-7d7c-4db6-8d24-d1a61a13d750.jpg 2048w\" sizes=\"auto, (max-width: 674px) 100vw, 674px\" \/><\/a><\/p>\n","protected":false},"excerpt":{"rendered":"<p>Som a les portes de les vacances de Setmana Santa i anem recopilant tot el que hem apr\u00e8s de la Torre Eiffel. Ens ha agradat molt parlar d&#8217;aquesta torre. Per\u00f2 no hem apr\u00e8s nom\u00e9s coses d&#8217;ella, sin\u00f3 que hem obert les portes al m\u00f3n: Coneixem el mapa del m\u00f3n Sabem quins s\u00f3n els continents Coneixem [&hellip;]<\/p>\n","protected":false},"author":1,"featured_media":9363,"comment_status":"open","ping_status":"closed","sticky":false,"template":"","format":"standard","meta":{"_bbp_topic_count":0,"_bbp_reply_count":0,"_bbp_total_topic_count":0,"_bbp_total_reply_count":0,"_bbp_voice_count":0,"_bbp_anonymous_reply_count":0,"_bbp_topic_count_hidden":0,"_bbp_reply_count_hidden":0,"_bbp_forum_subforum_count":0,"site-sidebar-layout":"default","site-content-layout":"","ast-site-content-layout":"","site-content-style":"default","site-sidebar-style":"default","ast-global-header-display":"","ast-banner-title-visibility":"","ast-main-header-display":"","ast-hfb-above-header-display":"","ast-hfb-below-header-display":"","ast-hfb-mobile-header-display":"","site-post-title":"","ast-breadcrumbs-content":"","ast-featured-img":"","footer-sml-layout":"","theme-transparent-header-meta":"","adv-header-id-meta":"","stick-header-meta":"","header-above-stick-meta":"","header-main-stick-meta":"","header-below-stick-meta":"","astra-migrate-meta-layouts":"default","ast-page-background-enabled":"default","ast-page-background-meta":{"desktop":{"background-color":"var(--ast-global-color-4)","background-image":"","background-repeat":"repeat","background-position":"center center","background-size":"auto","background-attachment":"scroll","background-type":"","background-media":"","overlay-type":"","overlay-color":"","overlay-opacity":"","overlay-gradient":""},"tablet":{"background-color":"","background-image":"","background-repeat":"repeat","background-position":"center center","background-size":"auto","background-attachment":"scroll","background-type":"","background-media":"","overlay-type":"","overlay-color":"","overlay-opacity":"","overlay-gradient":""},"mobile":{"background-color":"","background-image":"","background-repeat":"repeat","background-position":"center center","background-size":"auto","background-attachment":"scroll","background-type":"","background-media":"","overlay-type":"","overlay-color":"","overlay-opacity":"","overlay-gradient":""}},"ast-content-background-meta":{"desktop":{"background-color":"var(--ast-global-color-5)","background-image":"","background-repeat":"repeat","background-position":"center center","background-size":"auto","background-attachment":"scroll","background-type":"","background-media":"","overlay-type":"","overlay-color":"","overlay-opacity":"","overlay-gradient":""},"tablet":{"background-color":"var(--ast-global-color-5)","background-image":"","background-repeat":"repeat","background-position":"center center","background-size":"auto","background-attachment":"scroll","background-type":"","background-media":"","overlay-type":"","overlay-color":"","overlay-opacity":"","overlay-gradient":""},"mobile":{"background-color":"var(--ast-global-color-5)","background-image":"","background-repeat":"repeat","background-position":"center center","background-size":"auto","background-attachment":"scroll","background-type":"","background-media":"","overlay-type":"","overlay-color":"","overlay-opacity":"","overlay-gradient":""}},"footnotes":""},"categories":[1,2,4],"tags":[],"class_list":["post-9362","post","type-post","status-publish","format-standard","has-post-thumbnail","hentry","category-general","category-infantil","category-portada"],"post_mailing_queue_ids":[],"_links":{"self":[{"href":"https:\/\/agora.xtec.cat\/escolanouclave\/wp-json\/wp\/v2\/posts\/9362","targetHints":{"allow":["GET"]}}],"collection":[{"href":"https:\/\/agora.xtec.cat\/escolanouclave\/wp-json\/wp\/v2\/posts"}],"about":[{"href":"https:\/\/agora.xtec.cat\/escolanouclave\/wp-json\/wp\/v2\/types\/post"}],"author":[{"embeddable":true,"href":"https:\/\/agora.xtec.cat\/escolanouclave\/wp-json\/wp\/v2\/users\/1"}],"replies":[{"embeddable":true,"href":"https:\/\/agora.xtec.cat\/escolanouclave\/wp-json\/wp\/v2\/comments?post=9362"}],"version-history":[{"count":3,"href":"https:\/\/agora.xtec.cat\/escolanouclave\/wp-json\/wp\/v2\/posts\/9362\/revisions"}],"predecessor-version":[{"id":9482,"href":"https:\/\/agora.xtec.cat\/escolanouclave\/wp-json\/wp\/v2\/posts\/9362\/revisions\/9482"}],"wp:featuredmedia":[{"embeddable":true,"href":"https:\/\/agora.xtec.cat\/escolanouclave\/wp-json\/wp\/v2\/media\/9363"}],"wp:attachment":[{"href":"https:\/\/agora.xtec.cat\/escolanouclave\/wp-json\/wp\/v2\/media?parent=9362"}],"wp:term":[{"taxonomy":"category","embeddable":true,"href":"https:\/\/agora.xtec.cat\/escolanouclave\/wp-json\/wp\/v2\/categories?post=9362"},{"taxonomy":"post_tag","embeddable":true,"href":"https:\/\/agora.xtec.cat\/escolanouclave\/wp-json\/wp\/v2\/tags?post=9362"}],"curies":[{"name":"wp","href":"https:\/\/api.w.org\/{rel}","templated":true}]}}