{"id":9355,"date":"2021-03-18T09:29:35","date_gmt":"2021-03-18T08:29:35","guid":{"rendered":"http:\/\/agora.xtec.cat\/escolanouclave\/?p=9355"},"modified":"2021-03-18T09:29:35","modified_gmt":"2021-03-18T08:29:35","slug":"2n-de-primaria-estudiem-els-ecosistemes","status":"publish","type":"post","link":"https:\/\/agora.xtec.cat\/escolanouclave\/general\/2n-de-primaria-estudiem-els-ecosistemes\/","title":{"rendered":"2n de prim\u00e0ria: Estudiem els ecosistemes."},"content":{"rendered":"<p>Durant aquest trimestre els alumnes de 2n de prim\u00e0ria hem treballat els ecosistemes d&#8217;una manera for\u00e7a original: construint maquetes que reprodueixen diferents espais del nostre planeta. Amb una simple capsa de cartr\u00f3, pintura, plastilina, escuradents, goma eva\u00a0 i&#8230; <strong>MOLTA IMAGINACI\u00d3<\/strong> cada nen ha creat una maqueta.<\/p>\n<p>Vam comen\u00e7ar amb una recerca sobre qu\u00e8 \u00e9s un ecosistema i quins tipus d&#8217;ecosistemes existeixen al nostre planeta. Despr\u00e9s cada alumne va escollir-ne un: el Pol Nord, la sabana, la selva, l&#8217;oce\u00e0, el bosc&#8230;<\/p>\n<p>Tot seguit, vam elaborar entre tots un gui\u00f3 amb els aspectes que treballar\u00edem en cadascun dels ecosistemes. Al final vam decidir buscar informaci\u00f3 sobre:<\/p>\n<ol>\n<li>El clima.<\/li>\n<li>La fauna.<\/li>\n<li>La flora.<\/li>\n<li>Curiositats.<\/li>\n<\/ol>\n<p>Un cop acabada la recerca, cada nen\/a va mostrar explicar a la resta de la classe el que havia apr\u00e8s del seu ecosistema i va mostrar la seva maqueta. Hi ha nens que la seva exposici\u00f3 la van fer amb un power point. Els va quedar molt b\u00e9!!!<\/p>\n<p>Ha estat una <strong>experi\u00e8ncia incre\u00efble<\/strong> i molt enriquidora ja que hem apr\u00e8s d&#8217;una manera molt vivencial moltes coses que no sab\u00edem sobre els ecosistemes i a m\u00e9s a m\u00e9s&#8230; <strong>ens hem divertit molt!!!<\/strong><\/p>\n<p>&nbsp;<\/p>\n<p>&nbsp;<\/p>\n<p><img loading=\"lazy\" decoding=\"async\" class=\"attachment-266x266 alignleft\" src=\"https:\/\/agora.xtec.cat\/escolanouclave\/wp-content\/uploads\/usu1363\/2021\/03\/1R-COLLAGE.jpg\" alt=\"\" width=\"395\" height=\"316\" \/><\/p>\n<p><img loading=\"lazy\" decoding=\"async\" class=\"attachment-266x266 alignnone\" src=\"https:\/\/agora.xtec.cat\/escolanouclave\/wp-content\/uploads\/usu1363\/2021\/03\/maquetes-collage.jpg\" alt=\"\" width=\"396\" height=\"316\" \/><\/p>\n<p>&nbsp;<\/p>\n<p><a href=\"https:\/\/agora.xtec.cat\/escolanouclave\/wp-content\/uploads\/usu1363\/2021\/03\/Brown-Soft-and-Dainty-Fashion-Moodboard-Photo-Collage.jpg\"><img loading=\"lazy\" decoding=\"async\" class=\"alignnone wp-image-9404\" src=\"https:\/\/agora.xtec.cat\/escolanouclave\/wp-content\/uploads\/usu1363\/2021\/03\/Brown-Soft-and-Dainty-Fashion-Moodboard-Photo-Collage.jpg\" alt=\"\" width=\"410\" height=\"328\" srcset=\"https:\/\/agora.xtec.cat\/escolanouclave\/wp-content\/uploads\/usu1363\/2021\/03\/Brown-Soft-and-Dainty-Fashion-Moodboard-Photo-Collage.jpg 2000w, https:\/\/agora.xtec.cat\/escolanouclave\/wp-content\/uploads\/usu1363\/2021\/03\/Brown-Soft-and-Dainty-Fashion-Moodboard-Photo-Collage-300x240.jpg 300w, https:\/\/agora.xtec.cat\/escolanouclave\/wp-content\/uploads\/usu1363\/2021\/03\/Brown-Soft-and-Dainty-Fashion-Moodboard-Photo-Collage-768x614.jpg 768w, https:\/\/agora.xtec.cat\/escolanouclave\/wp-content\/uploads\/usu1363\/2021\/03\/Brown-Soft-and-Dainty-Fashion-Moodboard-Photo-Collage-1024x819.jpg 1024w\" sizes=\"auto, (max-width: 410px) 100vw, 410px\" \/>\u00a0\u00a0 <\/a><a href=\"https:\/\/agora.xtec.cat\/escolanouclave\/wp-content\/uploads\/usu1363\/2021\/03\/Copia-de-Copia-de-Sin-ti\u0301tulo-1.jpg\"><img loading=\"lazy\" decoding=\"async\" class=\"alignnone wp-image-9392\" src=\"https:\/\/agora.xtec.cat\/escolanouclave\/wp-content\/uploads\/usu1363\/2021\/03\/Copia-de-Copia-de-Sin-ti\u0301tulo-1.jpg\" alt=\"\" width=\"410\" height=\"328\" srcset=\"https:\/\/agora.xtec.cat\/escolanouclave\/wp-content\/uploads\/usu1363\/2021\/03\/Copia-de-Copia-de-Sin-ti\u0301tulo-1.jpg 2000w, https:\/\/agora.xtec.cat\/escolanouclave\/wp-content\/uploads\/usu1363\/2021\/03\/Copia-de-Copia-de-Sin-ti\u0301tulo-1-300x240.jpg 300w, https:\/\/agora.xtec.cat\/escolanouclave\/wp-content\/uploads\/usu1363\/2021\/03\/Copia-de-Copia-de-Sin-ti\u0301tulo-1-768x614.jpg 768w, https:\/\/agora.xtec.cat\/escolanouclave\/wp-content\/uploads\/usu1363\/2021\/03\/Copia-de-Copia-de-Sin-ti\u0301tulo-1-1024x819.jpg 1024w\" sizes=\"auto, (max-width: 410px) 100vw, 410px\" \/><\/a><\/p>\n<p>&nbsp;<\/p>\n<p><a href=\"https:\/\/agora.xtec.cat\/escolanouclave\/wp-content\/uploads\/usu1363\/2021\/03\/Brown-and-Green-Clean-Grid-Color-Inspiration-Moodboard-Photo-Collage.jpg\"><img loading=\"lazy\" decoding=\"async\" class=\"wp-image-9407 aligncenter\" src=\"https:\/\/agora.xtec.cat\/escolanouclave\/wp-content\/uploads\/usu1363\/2021\/03\/Brown-and-Green-Clean-Grid-Color-Inspiration-Moodboard-Photo-Collage.jpg\" alt=\"\" width=\"543\" height=\"434\" srcset=\"https:\/\/agora.xtec.cat\/escolanouclave\/wp-content\/uploads\/usu1363\/2021\/03\/Brown-and-Green-Clean-Grid-Color-Inspiration-Moodboard-Photo-Collage.jpg 2000w, https:\/\/agora.xtec.cat\/escolanouclave\/wp-content\/uploads\/usu1363\/2021\/03\/Brown-and-Green-Clean-Grid-Color-Inspiration-Moodboard-Photo-Collage-300x240.jpg 300w, https:\/\/agora.xtec.cat\/escolanouclave\/wp-content\/uploads\/usu1363\/2021\/03\/Brown-and-Green-Clean-Grid-Color-Inspiration-Moodboard-Photo-Collage-768x614.jpg 768w, https:\/\/agora.xtec.cat\/escolanouclave\/wp-content\/uploads\/usu1363\/2021\/03\/Brown-and-Green-Clean-Grid-Color-Inspiration-Moodboard-Photo-Collage-1024x819.jpg 1024w\" sizes=\"auto, (max-width: 543px) 100vw, 543px\" \/><\/a><\/p>\n<p>&nbsp;<\/p>\n<p>&nbsp;<\/p>\n<p>&nbsp;<\/p>\n<p>&nbsp;<\/p>\n<p>&nbsp;<\/p>\n<p>&nbsp;<\/p>\n<p>&nbsp;<\/p>\n<p>&nbsp;<\/p>\n","protected":false},"excerpt":{"rendered":"<p>Durant aquest trimestre els alumnes de 2n de prim\u00e0ria hem treballat els ecosistemes d&#8217;una manera for\u00e7a original: construint maquetes que reprodueixen diferents espais del nostre planeta. Amb una simple capsa de cartr\u00f3, pintura, plastilina, escuradents, goma eva\u00a0 i&#8230; MOLTA IMAGINACI\u00d3 cada nen ha creat una maqueta. Vam comen\u00e7ar amb una recerca sobre qu\u00e8 \u00e9s un [&hellip;]<\/p>\n","protected":false},"author":1,"featured_media":9371,"comment_status":"open","ping_status":"closed","sticky":false,"template":"","format":"standard","meta":{"_bbp_topic_count":0,"_bbp_reply_count":0,"_bbp_total_topic_count":0,"_bbp_total_reply_count":0,"_bbp_voice_count":0,"_bbp_anonymous_reply_count":0,"_bbp_topic_count_hidden":0,"_bbp_reply_count_hidden":0,"_bbp_forum_subforum_count":0,"site-sidebar-layout":"default","site-content-layout":"","ast-site-content-layout":"","site-content-style":"default","site-sidebar-style":"default","ast-global-header-display":"","ast-banner-title-visibility":"","ast-main-header-display":"","ast-hfb-above-header-display":"","ast-hfb-below-header-display":"","ast-hfb-mobile-header-display":"","site-post-title":"","ast-breadcrumbs-content":"","ast-featured-img":"","footer-sml-layout":"","theme-transparent-header-meta":"","adv-header-id-meta":"","stick-header-meta":"","header-above-stick-meta":"","header-main-stick-meta":"","header-below-stick-meta":"","astra-migrate-meta-layouts":"default","ast-page-background-enabled":"default","ast-page-background-meta":{"desktop":{"background-color":"var(--ast-global-color-4)","background-image":"","background-repeat":"repeat","background-position":"center center","background-size":"auto","background-attachment":"scroll","background-type":"","background-media":"","overlay-type":"","overlay-color":"","overlay-opacity":"","overlay-gradient":""},"tablet":{"background-color":"","background-image":"","background-repeat":"repeat","background-position":"center center","background-size":"auto","background-attachment":"scroll","background-type":"","background-media":"","overlay-type":"","overlay-color":"","overlay-opacity":"","overlay-gradient":""},"mobile":{"background-color":"","background-image":"","background-repeat":"repeat","background-position":"center center","background-size":"auto","background-attachment":"scroll","background-type":"","background-media":"","overlay-type":"","overlay-color":"","overlay-opacity":"","overlay-gradient":""}},"ast-content-background-meta":{"desktop":{"background-color":"var(--ast-global-color-5)","background-image":"","background-repeat":"repeat","background-position":"center center","background-size":"auto","background-attachment":"scroll","background-type":"","background-media":"","overlay-type":"","overlay-color":"","overlay-opacity":"","overlay-gradient":""},"tablet":{"background-color":"var(--ast-global-color-5)","background-image":"","background-repeat":"repeat","background-position":"center center","background-size":"auto","background-attachment":"scroll","background-type":"","background-media":"","overlay-type":"","overlay-color":"","overlay-opacity":"","overlay-gradient":""},"mobile":{"background-color":"var(--ast-global-color-5)","background-image":"","background-repeat":"repeat","background-position":"center center","background-size":"auto","background-attachment":"scroll","background-type":"","background-media":"","overlay-type":"","overlay-color":"","overlay-opacity":"","overlay-gradient":""}},"footnotes":""},"categories":[11,1],"tags":[984,985,74],"class_list":["post-9355","post","type-post","status-publish","format-standard","has-post-thumbnail","hentry","category-2n","category-general","tag-els-ecosistemes","tag-maquetes","tag-projecte"],"post_mailing_queue_ids":[],"_links":{"self":[{"href":"https:\/\/agora.xtec.cat\/escolanouclave\/wp-json\/wp\/v2\/posts\/9355","targetHints":{"allow":["GET"]}}],"collection":[{"href":"https:\/\/agora.xtec.cat\/escolanouclave\/wp-json\/wp\/v2\/posts"}],"about":[{"href":"https:\/\/agora.xtec.cat\/escolanouclave\/wp-json\/wp\/v2\/types\/post"}],"author":[{"embeddable":true,"href":"https:\/\/agora.xtec.cat\/escolanouclave\/wp-json\/wp\/v2\/users\/1"}],"replies":[{"embeddable":true,"href":"https:\/\/agora.xtec.cat\/escolanouclave\/wp-json\/wp\/v2\/comments?post=9355"}],"version-history":[{"count":3,"href":"https:\/\/agora.xtec.cat\/escolanouclave\/wp-json\/wp\/v2\/posts\/9355\/revisions"}],"predecessor-version":[{"id":9410,"href":"https:\/\/agora.xtec.cat\/escolanouclave\/wp-json\/wp\/v2\/posts\/9355\/revisions\/9410"}],"wp:featuredmedia":[{"embeddable":true,"href":"https:\/\/agora.xtec.cat\/escolanouclave\/wp-json\/wp\/v2\/media\/9371"}],"wp:attachment":[{"href":"https:\/\/agora.xtec.cat\/escolanouclave\/wp-json\/wp\/v2\/media?parent=9355"}],"wp:term":[{"taxonomy":"category","embeddable":true,"href":"https:\/\/agora.xtec.cat\/escolanouclave\/wp-json\/wp\/v2\/categories?post=9355"},{"taxonomy":"post_tag","embeddable":true,"href":"https:\/\/agora.xtec.cat\/escolanouclave\/wp-json\/wp\/v2\/tags?post=9355"}],"curies":[{"name":"wp","href":"https:\/\/api.w.org\/{rel}","templated":true}]}}