{"id":9284,"date":"2021-03-12T21:11:05","date_gmt":"2021-03-12T20:11:05","guid":{"rendered":"http:\/\/agora.xtec.cat\/escolanouclave\/?p=9284"},"modified":"2021-03-12T21:11:05","modified_gmt":"2021-03-12T20:11:05","slug":"educacio-infantil-emocions","status":"publish","type":"post","link":"https:\/\/agora.xtec.cat\/escolanouclave\/general\/educacio-infantil-emocions\/","title":{"rendered":"Educaci\u00f3 Infantil: Emocions."},"content":{"rendered":"<p style=\"text-align: justify\">Des de l&#8217;escola creiem que \u00e9s important treballar les nostres emocions: con\u00e8ixer<span class=\"hiddenGrammarError\">-les<\/span>, distingir-les i saber-le<a href=\"https:\/\/agora.xtec.cat\/escolanouclave\/wp-content\/uploads\/usu1363\/2021\/03\/IMG_6124.jpeg\"><img loading=\"lazy\" decoding=\"async\" class=\"wp-image-9285 alignright\" src=\"https:\/\/agora.xtec.cat\/escolanouclave\/wp-content\/uploads\/usu1363\/2021\/03\/IMG_6124-1024x768.jpeg\" alt=\"\" width=\"236\" height=\"315\" \/><\/a>s gestionar. \u00c9s per aix\u00f2 que comencem a fer-ho des de P3.<\/p>\n<p style=\"text-align: justify\">L&#8217;educaci\u00f3 emocional fa que es promoguin relacions basades en l&#8217;empatia i el respecte envers els altres i per tant, facilita la resoluci\u00f3 positiva de conflictes. Tamb\u00e9 ajuda a l&#8217;aprenentatge, fa que augmenti la toler\u00e0ncia a la frustraci\u00f3, afavoreix un millor autoconeixement, i contribueix a la salut f\u00edsica i mental, entre altres beneficis.<\/p>\n<p style=\"text-align: justify\">A educaci\u00f3 infantil treballem les emocions partint de les seves viv\u00e8ncies, el seu entorn i les seves necessitats. Alguns dels recursos que utilitzem per fer-ho s\u00f3n la m\u00fasica, els contes i el joc.<\/p>\n<p style=\"text-align: justify\">\u00c9s l&#8217;inici d&#8217;un proc\u00e9s que contribuir\u00e0 al benestar personal dels nostres nens i nenes al llarg de la seva vida i \u00e9s per aix\u00f2 que ho considerem essencial.<\/p>\n<p>&nbsp;<\/p>\n<p><a href=\"https:\/\/agora.xtec.cat\/escolanouclave\/wp-content\/uploads\/usu1363\/2021\/03\/IMG_8697.jpeg\">\u00a0 \u00a0 \u00a0 \u00a0 \u00a0 \u00a0 \u00a0 \u00a0 \u00a0 \u00a0\u00a0<img loading=\"lazy\" decoding=\"async\" class=\"alignnone  wp-image-9286\" src=\"https:\/\/agora.xtec.cat\/escolanouclave\/wp-content\/uploads\/usu1363\/2021\/03\/IMG_8697-1024x768.jpeg\" alt=\"\" width=\"236\" height=\"315\" \/> <\/a><a href=\"https:\/\/agora.xtec.cat\/escolanouclave\/wp-content\/uploads\/usu1363\/2021\/03\/f3dae926-9373-4d79-85c9-ac68e24c2c2c.jpeg\">\u00a0 \u00a0<img loading=\"lazy\" decoding=\"async\" class=\"alignnone  wp-image-9287\" src=\"https:\/\/agora.xtec.cat\/escolanouclave\/wp-content\/uploads\/usu1363\/2021\/03\/f3dae926-9373-4d79-85c9-ac68e24c2c2c-768x1024.jpeg\" alt=\"\" width=\"236\" height=\"315\" srcset=\"https:\/\/agora.xtec.cat\/escolanouclave\/wp-content\/uploads\/usu1363\/2021\/03\/f3dae926-9373-4d79-85c9-ac68e24c2c2c.jpeg 768w, https:\/\/agora.xtec.cat\/escolanouclave\/wp-content\/uploads\/usu1363\/2021\/03\/f3dae926-9373-4d79-85c9-ac68e24c2c2c-225x300.jpeg 225w\" sizes=\"auto, (max-width: 236px) 100vw, 236px\" \/><\/a><a href=\"https:\/\/agora.xtec.cat\/escolanouclave\/wp-content\/uploads\/usu1363\/2021\/03\/a1b8b890-41de-40a0-9bad-c0688a2bb588.jpeg\">\u00a0 \u00a0 \u00a0<img loading=\"lazy\" decoding=\"async\" class=\"alignnone  wp-image-9288\" src=\"https:\/\/agora.xtec.cat\/escolanouclave\/wp-content\/uploads\/usu1363\/2021\/03\/a1b8b890-41de-40a0-9bad-c0688a2bb588-768x1024.jpeg\" alt=\"\" width=\"236\" height=\"315\" srcset=\"https:\/\/agora.xtec.cat\/escolanouclave\/wp-content\/uploads\/usu1363\/2021\/03\/a1b8b890-41de-40a0-9bad-c0688a2bb588.jpeg 768w, https:\/\/agora.xtec.cat\/escolanouclave\/wp-content\/uploads\/usu1363\/2021\/03\/a1b8b890-41de-40a0-9bad-c0688a2bb588-225x300.jpeg 225w\" sizes=\"auto, (max-width: 236px) 100vw, 236px\" \/><\/a><\/p>\n<p><a href=\"https:\/\/agora.xtec.cat\/escolanouclave\/wp-content\/uploads\/usu1363\/2021\/03\/IMG_1799.jpeg\">\u00a0 \u00a0 \u00a0 \u00a0 \u00a0 \u00a0 \u00a0 \u00a0 \u00a0 \u00a0 \u00a0 \u00a0 \u00a0 \u00a0 \u00a0 \u00a0<img loading=\"lazy\" decoding=\"async\" class=\"alignnone  wp-image-9290\" src=\"https:\/\/agora.xtec.cat\/escolanouclave\/wp-content\/uploads\/usu1363\/2021\/03\/IMG_1799-1024x768.jpeg\" alt=\"\" width=\"315\" height=\"236\" srcset=\"https:\/\/agora.xtec.cat\/escolanouclave\/wp-content\/uploads\/usu1363\/2021\/03\/IMG_1799-1024x768.jpeg 1024w, https:\/\/agora.xtec.cat\/escolanouclave\/wp-content\/uploads\/usu1363\/2021\/03\/IMG_1799-300x225.jpeg 300w, https:\/\/agora.xtec.cat\/escolanouclave\/wp-content\/uploads\/usu1363\/2021\/03\/IMG_1799-768x576.jpeg 768w, https:\/\/agora.xtec.cat\/escolanouclave\/wp-content\/uploads\/usu1363\/2021\/03\/IMG_1799-200x150.jpeg 200w\" sizes=\"auto, (max-width: 315px) 100vw, 315px\" \/> \u00a0 \u00a0 \u00a0<\/a><a href=\"https:\/\/agora.xtec.cat\/escolanouclave\/wp-content\/uploads\/usu1363\/2021\/03\/57f902e9-f32a-4fa2-9e96-f5c693af36c9.jpeg\"><img loading=\"lazy\" decoding=\"async\" class=\"alignnone  wp-image-9289\" src=\"https:\/\/agora.xtec.cat\/escolanouclave\/wp-content\/uploads\/usu1363\/2021\/03\/57f902e9-f32a-4fa2-9e96-f5c693af36c9-1024x768.jpeg\" alt=\"\" width=\"315\" height=\"236\" srcset=\"https:\/\/agora.xtec.cat\/escolanouclave\/wp-content\/uploads\/usu1363\/2021\/03\/57f902e9-f32a-4fa2-9e96-f5c693af36c9.jpeg 1024w, https:\/\/agora.xtec.cat\/escolanouclave\/wp-content\/uploads\/usu1363\/2021\/03\/57f902e9-f32a-4fa2-9e96-f5c693af36c9-300x225.jpeg 300w, https:\/\/agora.xtec.cat\/escolanouclave\/wp-content\/uploads\/usu1363\/2021\/03\/57f902e9-f32a-4fa2-9e96-f5c693af36c9-768x576.jpeg 768w, https:\/\/agora.xtec.cat\/escolanouclave\/wp-content\/uploads\/usu1363\/2021\/03\/57f902e9-f32a-4fa2-9e96-f5c693af36c9-200x150.jpeg 200w\" sizes=\"auto, (max-width: 315px) 100vw, 315px\" \/><\/a><a href=\"https:\/\/agora.xtec.cat\/escolanouclave\/wp-content\/uploads\/usu1363\/2021\/03\/57f902e9-f32a-4fa2-9e96-f5c693af36c9.jpeg\"><br \/>\n<\/a><\/p>\n<p>&nbsp;<\/p>\n","protected":false},"excerpt":{"rendered":"<p>Des de l&#8217;escola creiem que \u00e9s important treballar les nostres emocions: con\u00e8ixer-les, distingir-les i saber-les gestionar. \u00c9s per aix\u00f2 que comencem a fer-ho des de P3. L&#8217;educaci\u00f3 emocional fa que es promoguin relacions basades en l&#8217;empatia i el respecte envers els altres i per tant, facilita la resoluci\u00f3 positiva de conflictes. Tamb\u00e9 ajuda a l&#8217;aprenentatge, [&hellip;]<\/p>\n","protected":false},"author":1,"featured_media":9285,"comment_status":"open","ping_status":"closed","sticky":false,"template":"","format":"standard","meta":{"_bbp_topic_count":0,"_bbp_reply_count":0,"_bbp_total_topic_count":0,"_bbp_total_reply_count":0,"_bbp_voice_count":0,"_bbp_anonymous_reply_count":0,"_bbp_topic_count_hidden":0,"_bbp_reply_count_hidden":0,"_bbp_forum_subforum_count":0,"site-sidebar-layout":"default","site-content-layout":"","ast-site-content-layout":"","site-content-style":"default","site-sidebar-style":"default","ast-global-header-display":"","ast-banner-title-visibility":"","ast-main-header-display":"","ast-hfb-above-header-display":"","ast-hfb-below-header-display":"","ast-hfb-mobile-header-display":"","site-post-title":"","ast-breadcrumbs-content":"","ast-featured-img":"","footer-sml-layout":"","theme-transparent-header-meta":"","adv-header-id-meta":"","stick-header-meta":"","header-above-stick-meta":"","header-main-stick-meta":"","header-below-stick-meta":"","astra-migrate-meta-layouts":"default","ast-page-background-enabled":"default","ast-page-background-meta":{"desktop":{"background-color":"var(--ast-global-color-4)","background-image":"","background-repeat":"repeat","background-position":"center center","background-size":"auto","background-attachment":"scroll","background-type":"","background-media":"","overlay-type":"","overlay-color":"","overlay-opacity":"","overlay-gradient":""},"tablet":{"background-color":"","background-image":"","background-repeat":"repeat","background-position":"center center","background-size":"auto","background-attachment":"scroll","background-type":"","background-media":"","overlay-type":"","overlay-color":"","overlay-opacity":"","overlay-gradient":""},"mobile":{"background-color":"","background-image":"","background-repeat":"repeat","background-position":"center center","background-size":"auto","background-attachment":"scroll","background-type":"","background-media":"","overlay-type":"","overlay-color":"","overlay-opacity":"","overlay-gradient":""}},"ast-content-background-meta":{"desktop":{"background-color":"var(--ast-global-color-5)","background-image":"","background-repeat":"repeat","background-position":"center center","background-size":"auto","background-attachment":"scroll","background-type":"","background-media":"","overlay-type":"","overlay-color":"","overlay-opacity":"","overlay-gradient":""},"tablet":{"background-color":"var(--ast-global-color-5)","background-image":"","background-repeat":"repeat","background-position":"center center","background-size":"auto","background-attachment":"scroll","background-type":"","background-media":"","overlay-type":"","overlay-color":"","overlay-opacity":"","overlay-gradient":""},"mobile":{"background-color":"var(--ast-global-color-5)","background-image":"","background-repeat":"repeat","background-position":"center center","background-size":"auto","background-attachment":"scroll","background-type":"","background-media":"","overlay-type":"","overlay-color":"","overlay-opacity":"","overlay-gradient":""}},"footnotes":""},"categories":[1,2,3,8,98],"tags":[165,448],"class_list":["post-9284","post","type-post","status-publish","format-standard","has-post-thumbnail","hentry","category-general","category-infantil","category-p3","category-p4","category-p5-infantil","tag-educacio-emocional","tag-emocions"],"post_mailing_queue_ids":[],"_links":{"self":[{"href":"https:\/\/agora.xtec.cat\/escolanouclave\/wp-json\/wp\/v2\/posts\/9284","targetHints":{"allow":["GET"]}}],"collection":[{"href":"https:\/\/agora.xtec.cat\/escolanouclave\/wp-json\/wp\/v2\/posts"}],"about":[{"href":"https:\/\/agora.xtec.cat\/escolanouclave\/wp-json\/wp\/v2\/types\/post"}],"author":[{"embeddable":true,"href":"https:\/\/agora.xtec.cat\/escolanouclave\/wp-json\/wp\/v2\/users\/1"}],"replies":[{"embeddable":true,"href":"https:\/\/agora.xtec.cat\/escolanouclave\/wp-json\/wp\/v2\/comments?post=9284"}],"version-history":[{"count":3,"href":"https:\/\/agora.xtec.cat\/escolanouclave\/wp-json\/wp\/v2\/posts\/9284\/revisions"}],"predecessor-version":[{"id":9295,"href":"https:\/\/agora.xtec.cat\/escolanouclave\/wp-json\/wp\/v2\/posts\/9284\/revisions\/9295"}],"wp:featuredmedia":[{"embeddable":true,"href":"https:\/\/agora.xtec.cat\/escolanouclave\/wp-json\/wp\/v2\/media\/9285"}],"wp:attachment":[{"href":"https:\/\/agora.xtec.cat\/escolanouclave\/wp-json\/wp\/v2\/media?parent=9284"}],"wp:term":[{"taxonomy":"category","embeddable":true,"href":"https:\/\/agora.xtec.cat\/escolanouclave\/wp-json\/wp\/v2\/categories?post=9284"},{"taxonomy":"post_tag","embeddable":true,"href":"https:\/\/agora.xtec.cat\/escolanouclave\/wp-json\/wp\/v2\/tags?post=9284"}],"curies":[{"name":"wp","href":"https:\/\/api.w.org\/{rel}","templated":true}]}}