{"id":9158,"date":"2021-02-16T19:33:42","date_gmt":"2021-02-16T18:33:42","guid":{"rendered":"http:\/\/agora.xtec.cat\/escolanouclave\/?p=9158"},"modified":"2021-02-17T10:25:05","modified_gmt":"2021-02-17T09:25:05","slug":"inaugurem-el-nostre-aparcament-de-patinets-i-bicis","status":"publish","type":"post","link":"https:\/\/agora.xtec.cat\/escolanouclave\/general\/inaugurem-el-nostre-aparcament-de-patinets-i-bicis\/","title":{"rendered":"Inaugurem el nostre aparcament de patinets i bicicletes"},"content":{"rendered":"<p>Dins el nostre projecte d&#8217;iniciaci\u00f3 en el programa d&#8217;Escoles Verdes i el treball dels diversos objectius de sostenibilitat que inclou l&#8217;Agenda 2030 de l&#8217;ONU, hem adquirit una s\u00e8rie de compromisos per innovar, incloure, avan\u00e7ar i organitzar accions educatives que tinguin la finalitat d&#8217;afrontar, des de l&#8217;educaci\u00f3, els nous reptes i valors de la sostenibilitat. En aquest sentit, hem iniciat una s\u00e8rie d&#8217;accions per emprendre aquest cam\u00ed. Una d&#8217;elles \u00e9s el canvi progressiu de l&#8217;enllumenat halogen de l&#8217;escola per un de leds que permeti un estalvi considerable d&#8217;energia (iniciat a la sala d&#8217;actes)<\/p>\n<p>D&#8217;altra banda, a l&#8217;Escola Anselm <span class=\"hiddenSpellError\">Clav\u00e9<\/span>, volem promoure la conscienciaci\u00f3 mediambiental i la sostenibilitat, aix\u00ed com la promoci\u00f3 d&#8217;actituds de respecte i civisme. En aquest marc, s&#8217;incentiva el despla\u00e7ament de l&#8217;alumnat amb mitjans de transport no contaminants, sobretot bicicletes i patinets. A aquest efecte, hem habilitat dins el recinte escolar un espai que funciona com a aparcament per aquests vehicles. Per tal de garantir un bon \u00fas de l&#8217;espai, hem redactat una s\u00e8rie de normes que s&#8217;hauran de complir per poder gaudir d&#8217;aquest servei.<\/p>\n<ol>\n<li>L&#8217;aparcament de patinets i bicicletes del centre est\u00e0 situat dintre el recinte escolar, concretament a la sala d&#8217;actes.<\/li>\n<li>L&#8217;horari d&#8217;\u00fas d&#8217;aquest espai ser\u00e0 des de l&#8217;arribada al centre fins a acabar la jornada escolar.<\/li>\n<li>Nom\u00e9s\u00a0podran portar patinet o bicicleta a l&#8217;escola i fer \u00fas del p\u00e0rquing l&#8217;alumnat que ho necessiti per q\u00fcestions d&#8217;autonomia personal i no per motius l\u00fadics.<\/li>\n<li>Resta\u00a0prohibit fer \u00fas del patinet o bicicleta dins el recinte escolar (no es pot accedir a l&#8217;escola pedalant o\u00a0patinant)<\/li>\n<li>Els\u00a0patinets es deixaran degudament lligats als elements habilitats a l&#8217;aparcament.<\/li>\n<li>L&#8217;escola no es fa responsable en cap cas de la p\u00e8rdua o possibles desperfectes en els patinets o bicicletes estacionats.<\/li>\n<li>L&#8217;incompliment de qualsevol punt d&#8217;aquesta normativa podr\u00e0 conduir a la prohibici\u00f3 de l&#8217;\u00fas i gaudi d&#8217;aquest servei.<\/li>\n<li>L&#8217;acceptaci\u00f3 d&#8217;aquesta normativa \u00e9s una condici\u00f3 indispensable per a fer \u00fas del servei d&#8217;aparcament.<\/li>\n<\/ol>\n<p>Aquest \u00e9s el nostre aparcament:<\/p>\n<p><img loading=\"lazy\" decoding=\"async\" class=\"wp-image-9160 alignleft\" src=\"https:\/\/agora.xtec.cat\/escolanouclave\/wp-content\/uploads\/usu1363\/2021\/02\/patinets-2.jpg\" alt=\"\" width=\"382\" height=\"287\" srcset=\"https:\/\/agora.xtec.cat\/escolanouclave\/wp-content\/uploads\/usu1363\/2021\/02\/patinets-2.jpg 576w, https:\/\/agora.xtec.cat\/escolanouclave\/wp-content\/uploads\/usu1363\/2021\/02\/patinets-2-300x226.jpg 300w, https:\/\/agora.xtec.cat\/escolanouclave\/wp-content\/uploads\/usu1363\/2021\/02\/patinets-2-200x150.jpg 200w\" sizes=\"auto, (max-width: 382px) 100vw, 382px\" \/><\/p>\n<p style=\"text-align: center;\"><a href=\"https:\/\/agora.xtec.cat\/escolanouclave\/wp-content\/uploads\/usu1363\/2021\/02\/bicis-2.jpg\"><img loading=\"lazy\" decoding=\"async\" class=\"wp-image-9159\" src=\"https:\/\/agora.xtec.cat\/escolanouclave\/wp-content\/uploads\/usu1363\/2021\/02\/bicis-2.jpg\" alt=\"\" width=\"398\" height=\"299\" srcset=\"https:\/\/agora.xtec.cat\/escolanouclave\/wp-content\/uploads\/usu1363\/2021\/02\/bicis-2.jpg 576w, https:\/\/agora.xtec.cat\/escolanouclave\/wp-content\/uploads\/usu1363\/2021\/02\/bicis-2-300x226.jpg 300w, https:\/\/agora.xtec.cat\/escolanouclave\/wp-content\/uploads\/usu1363\/2021\/02\/bicis-2-200x150.jpg 200w\" sizes=\"auto, (max-width: 398px) 100vw, 398px\" \/><\/a><\/p>\n<p style=\"text-align: left;\">\u00a0 \u00a0 \u00a0 \u00a0 \u00a0 \u00a0 \u00a0 \u00a0 \u00a0 \u00a0 \u00a0 \u00a0 \u00a0 \u00a0 \u00a0 \u00a0 \u00a0 \u00a0 PATINETS\u00a0 \u00a0 \u00a0 \u00a0 \u00a0 \u00a0 \u00a0 \u00a0 \u00a0 \u00a0 \u00a0 \u00a0 \u00a0 \u00a0 \u00a0 \u00a0 \u00a0 \u00a0 \u00a0 \u00a0 \u00a0 \u00a0 \u00a0 \u00a0 \u00a0 \u00a0 \u00a0 \u00a0 \u00a0 \u00a0 \u00a0 \u00a0 \u00a0 \u00a0 \u00a0 \u00a0 \u00a0 \u00a0BICICLETES<\/p>\n","protected":false},"excerpt":{"rendered":"<p>Dins el nostre projecte d&#8217;iniciaci\u00f3 en el programa d&#8217;Escoles Verdes i el treball dels diversos objectius de sostenibilitat que inclou l&#8217;Agenda 2030 de l&#8217;ONU, hem adquirit una s\u00e8rie de compromisos per innovar, incloure, avan\u00e7ar i organitzar accions educatives que tinguin la finalitat d&#8217;afrontar, des de l&#8217;educaci\u00f3, els nous reptes i valors de la sostenibilitat. En [&hellip;]<\/p>\n","protected":false},"author":11,"featured_media":9161,"comment_status":"open","ping_status":"closed","sticky":false,"template":"","format":"standard","meta":{"_bbp_topic_count":0,"_bbp_reply_count":0,"_bbp_total_topic_count":0,"_bbp_total_reply_count":0,"_bbp_voice_count":0,"_bbp_anonymous_reply_count":0,"_bbp_topic_count_hidden":0,"_bbp_reply_count_hidden":0,"_bbp_forum_subforum_count":0,"site-sidebar-layout":"default","site-content-layout":"","ast-site-content-layout":"","site-content-style":"default","site-sidebar-style":"default","ast-global-header-display":"","ast-banner-title-visibility":"","ast-main-header-display":"","ast-hfb-above-header-display":"","ast-hfb-below-header-display":"","ast-hfb-mobile-header-display":"","site-post-title":"","ast-breadcrumbs-content":"","ast-featured-img":"","footer-sml-layout":"","theme-transparent-header-meta":"","adv-header-id-meta":"","stick-header-meta":"","header-above-stick-meta":"","header-main-stick-meta":"","header-below-stick-meta":"","astra-migrate-meta-layouts":"default","ast-page-background-enabled":"default","ast-page-background-meta":{"desktop":{"background-color":"var(--ast-global-color-4)","background-image":"","background-repeat":"repeat","background-position":"center center","background-size":"auto","background-attachment":"scroll","background-type":"","background-media":"","overlay-type":"","overlay-color":"","overlay-opacity":"","overlay-gradient":""},"tablet":{"background-color":"","background-image":"","background-repeat":"repeat","background-position":"center center","background-size":"auto","background-attachment":"scroll","background-type":"","background-media":"","overlay-type":"","overlay-color":"","overlay-opacity":"","overlay-gradient":""},"mobile":{"background-color":"","background-image":"","background-repeat":"repeat","background-position":"center center","background-size":"auto","background-attachment":"scroll","background-type":"","background-media":"","overlay-type":"","overlay-color":"","overlay-opacity":"","overlay-gradient":""}},"ast-content-background-meta":{"desktop":{"background-color":"var(--ast-global-color-5)","background-image":"","background-repeat":"repeat","background-position":"center center","background-size":"auto","background-attachment":"scroll","background-type":"","background-media":"","overlay-type":"","overlay-color":"","overlay-opacity":"","overlay-gradient":""},"tablet":{"background-color":"var(--ast-global-color-5)","background-image":"","background-repeat":"repeat","background-position":"center center","background-size":"auto","background-attachment":"scroll","background-type":"","background-media":"","overlay-type":"","overlay-color":"","overlay-opacity":"","overlay-gradient":""},"mobile":{"background-color":"var(--ast-global-color-5)","background-image":"","background-repeat":"repeat","background-position":"center center","background-size":"auto","background-attachment":"scroll","background-type":"","background-media":"","overlay-type":"","overlay-color":"","overlay-opacity":"","overlay-gradient":""}},"footnotes":""},"categories":[1],"tags":[948,83,947,946,980,978,979],"class_list":["post-9158","post","type-post","status-publish","format-standard","has-post-thumbnail","hentry","category-general","tag-agenda2030","tag-infonodes","tag-ods2030","tag-sostenibilitat","tag-bicicletes","tag-escola-verda","tag-patinets"],"post_mailing_queue_ids":[],"_links":{"self":[{"href":"https:\/\/agora.xtec.cat\/escolanouclave\/wp-json\/wp\/v2\/posts\/9158","targetHints":{"allow":["GET"]}}],"collection":[{"href":"https:\/\/agora.xtec.cat\/escolanouclave\/wp-json\/wp\/v2\/posts"}],"about":[{"href":"https:\/\/agora.xtec.cat\/escolanouclave\/wp-json\/wp\/v2\/types\/post"}],"author":[{"embeddable":true,"href":"https:\/\/agora.xtec.cat\/escolanouclave\/wp-json\/wp\/v2\/users\/11"}],"replies":[{"embeddable":true,"href":"https:\/\/agora.xtec.cat\/escolanouclave\/wp-json\/wp\/v2\/comments?post=9158"}],"version-history":[{"count":3,"href":"https:\/\/agora.xtec.cat\/escolanouclave\/wp-json\/wp\/v2\/posts\/9158\/revisions"}],"predecessor-version":[{"id":9167,"href":"https:\/\/agora.xtec.cat\/escolanouclave\/wp-json\/wp\/v2\/posts\/9158\/revisions\/9167"}],"wp:featuredmedia":[{"embeddable":true,"href":"https:\/\/agora.xtec.cat\/escolanouclave\/wp-json\/wp\/v2\/media\/9161"}],"wp:attachment":[{"href":"https:\/\/agora.xtec.cat\/escolanouclave\/wp-json\/wp\/v2\/media?parent=9158"}],"wp:term":[{"taxonomy":"category","embeddable":true,"href":"https:\/\/agora.xtec.cat\/escolanouclave\/wp-json\/wp\/v2\/categories?post=9158"},{"taxonomy":"post_tag","embeddable":true,"href":"https:\/\/agora.xtec.cat\/escolanouclave\/wp-json\/wp\/v2\/tags?post=9158"}],"curies":[{"name":"wp","href":"https:\/\/api.w.org\/{rel}","templated":true}]}}