{"id":9086,"date":"2021-01-20T08:50:23","date_gmt":"2021-01-20T07:50:23","guid":{"rendered":"http:\/\/agora.xtec.cat\/escolanouclave\/?p=9086"},"modified":"2021-01-20T09:01:58","modified_gmt":"2021-01-20T08:01:58","slug":"activitat-2-emocions-20-01-2021-com-em-sento-avui","status":"publish","type":"post","link":"https:\/\/agora.xtec.cat\/escolanouclave\/infantil\/p3\/activitat-2-emocions-20-01-2021-com-em-sento-avui\/","title":{"rendered":"Activitat 2.Emocions.20\/01\/2021. Com em sento avui?"},"content":{"rendered":"<p>Booon dia guapos i guapes!!!!<\/p>\n<p>Heu descansat molt??????<br \/>\nAvui abans de comen\u00e7ar l&#8217;activitat qu\u00e8 us sembla si practiquem la calma?. Agafeu el vostre coix\u00ed, poseu una musiqueta relaxant, tanca els ulls durant dos minutets i&#8230;.. ens relaxem.<\/p>\n<p>Us enrecordeu del Monstre de colors???Aquell que es va fer un embolic d&#8217;emocions i no sabia com es sentia??? Us deixo un v\u00eddeo per si us heu oblidat.<\/p>\n<p><a href=\"https:\/\/www.youtube.com\/watch?v=LyDemqqUS-Q&amp;t=6s\">Conte el monstre de colors<\/a><\/p>\n<p>Ara us proposo una activitat molt divertida. Agafeu un rotllo de cartr\u00f3 del paper higi\u00e8nic i f\u00e9u el vostre propi MONSTRE. Recordeu, blau-Tristesa, groc-Alegr\u00eda, verd-Calma, negre-Por, rosa-Amor, vermell-R\u00e0bia<\/p>\n<p><a href=\"https:\/\/agora.xtec.cat\/escolanouclave\/wp-content\/uploads\/usu1363\/2021\/01\/monstre-de-colors.jpg\"><img loading=\"lazy\" decoding=\"async\" class=\"alignnone size-full wp-image-9087\" src=\"https:\/\/agora.xtec.cat\/escolanouclave\/wp-content\/uploads\/usu1363\/2021\/01\/monstre-de-colors.jpg\" alt=\"\" width=\"570\" height=\"428\" srcset=\"https:\/\/agora.xtec.cat\/escolanouclave\/wp-content\/uploads\/usu1363\/2021\/01\/monstre-de-colors.jpg 570w, https:\/\/agora.xtec.cat\/escolanouclave\/wp-content\/uploads\/usu1363\/2021\/01\/monstre-de-colors-300x225.jpg 300w, https:\/\/agora.xtec.cat\/escolanouclave\/wp-content\/uploads\/usu1363\/2021\/01\/monstre-de-colors-200x150.jpg 200w\" sizes=\"auto, (max-width: 570px) 100vw, 570px\" \/><\/a><\/p>\n<p>Ens veiem en una estona.<br \/>\nUna abra\u00e7ada.<\/p>\n","protected":false},"excerpt":{"rendered":"<p>Booon dia guapos i guapes!!!! Heu descansat molt?????? Avui abans de comen\u00e7ar l&#8217;activitat qu\u00e8 us sembla si practiquem la calma?. Agafeu el vostre coix\u00ed, poseu una musiqueta relaxant, tanca els ulls durant dos minutets i&#8230;.. ens relaxem. Us enrecordeu del Monstre de colors???Aquell que es va fer un embolic d&#8217;emocions i no sabia com es [&hellip;]<\/p>\n","protected":false},"author":1,"featured_media":9089,"comment_status":"open","ping_status":"closed","sticky":false,"template":"","format":"standard","meta":{"_bbp_topic_count":0,"_bbp_reply_count":0,"_bbp_total_topic_count":0,"_bbp_total_reply_count":0,"_bbp_voice_count":0,"_bbp_anonymous_reply_count":0,"_bbp_topic_count_hidden":0,"_bbp_reply_count_hidden":0,"_bbp_forum_subforum_count":0,"site-sidebar-layout":"default","site-content-layout":"","ast-site-content-layout":"","site-content-style":"default","site-sidebar-style":"default","ast-global-header-display":"","ast-banner-title-visibility":"","ast-main-header-display":"","ast-hfb-above-header-display":"","ast-hfb-below-header-display":"","ast-hfb-mobile-header-display":"","site-post-title":"","ast-breadcrumbs-content":"","ast-featured-img":"","footer-sml-layout":"","theme-transparent-header-meta":"","adv-header-id-meta":"","stick-header-meta":"","header-above-stick-meta":"","header-main-stick-meta":"","header-below-stick-meta":"","astra-migrate-meta-layouts":"default","ast-page-background-enabled":"default","ast-page-background-meta":{"desktop":{"background-color":"var(--ast-global-color-4)","background-image":"","background-repeat":"repeat","background-position":"center center","background-size":"auto","background-attachment":"scroll","background-type":"","background-media":"","overlay-type":"","overlay-color":"","overlay-opacity":"","overlay-gradient":""},"tablet":{"background-color":"","background-image":"","background-repeat":"repeat","background-position":"center center","background-size":"auto","background-attachment":"scroll","background-type":"","background-media":"","overlay-type":"","overlay-color":"","overlay-opacity":"","overlay-gradient":""},"mobile":{"background-color":"","background-image":"","background-repeat":"repeat","background-position":"center center","background-size":"auto","background-attachment":"scroll","background-type":"","background-media":"","overlay-type":"","overlay-color":"","overlay-opacity":"","overlay-gradient":""}},"ast-content-background-meta":{"desktop":{"background-color":"var(--ast-global-color-5)","background-image":"","background-repeat":"repeat","background-position":"center center","background-size":"auto","background-attachment":"scroll","background-type":"","background-media":"","overlay-type":"","overlay-color":"","overlay-opacity":"","overlay-gradient":""},"tablet":{"background-color":"var(--ast-global-color-5)","background-image":"","background-repeat":"repeat","background-position":"center center","background-size":"auto","background-attachment":"scroll","background-type":"","background-media":"","overlay-type":"","overlay-color":"","overlay-opacity":"","overlay-gradient":""},"mobile":{"background-color":"var(--ast-global-color-5)","background-image":"","background-repeat":"repeat","background-position":"center center","background-size":"auto","background-attachment":"scroll","background-type":"","background-media":"","overlay-type":"","overlay-color":"","overlay-opacity":"","overlay-gradient":""}},"footnotes":""},"categories":[3],"tags":[427,165,906,969],"class_list":["post-9086","post","type-post","status-publish","format-standard","has-post-thumbnail","hentry","category-p3","tag-creativitat","tag-educacio-emocional","tag-intercomunicacio-i-llenguatge","tag-llengua-oral"],"post_mailing_queue_ids":[],"_links":{"self":[{"href":"https:\/\/agora.xtec.cat\/escolanouclave\/wp-json\/wp\/v2\/posts\/9086","targetHints":{"allow":["GET"]}}],"collection":[{"href":"https:\/\/agora.xtec.cat\/escolanouclave\/wp-json\/wp\/v2\/posts"}],"about":[{"href":"https:\/\/agora.xtec.cat\/escolanouclave\/wp-json\/wp\/v2\/types\/post"}],"author":[{"embeddable":true,"href":"https:\/\/agora.xtec.cat\/escolanouclave\/wp-json\/wp\/v2\/users\/1"}],"replies":[{"embeddable":true,"href":"https:\/\/agora.xtec.cat\/escolanouclave\/wp-json\/wp\/v2\/comments?post=9086"}],"version-history":[{"count":3,"href":"https:\/\/agora.xtec.cat\/escolanouclave\/wp-json\/wp\/v2\/posts\/9086\/revisions"}],"predecessor-version":[{"id":9092,"href":"https:\/\/agora.xtec.cat\/escolanouclave\/wp-json\/wp\/v2\/posts\/9086\/revisions\/9092"}],"wp:featuredmedia":[{"embeddable":true,"href":"https:\/\/agora.xtec.cat\/escolanouclave\/wp-json\/wp\/v2\/media\/9089"}],"wp:attachment":[{"href":"https:\/\/agora.xtec.cat\/escolanouclave\/wp-json\/wp\/v2\/media?parent=9086"}],"wp:term":[{"taxonomy":"category","embeddable":true,"href":"https:\/\/agora.xtec.cat\/escolanouclave\/wp-json\/wp\/v2\/categories?post=9086"},{"taxonomy":"post_tag","embeddable":true,"href":"https:\/\/agora.xtec.cat\/escolanouclave\/wp-json\/wp\/v2\/tags?post=9086"}],"curies":[{"name":"wp","href":"https:\/\/api.w.org\/{rel}","templated":true}]}}