{"id":9071,"date":"2021-01-13T09:03:49","date_gmt":"2021-01-13T08:03:49","guid":{"rendered":"http:\/\/agora.xtec.cat\/escolanouclave\/?p=9071"},"modified":"2021-01-13T09:10:46","modified_gmt":"2021-01-13T08:10:46","slug":"projecte-bosc-i-sostenibilitat","status":"publish","type":"post","link":"https:\/\/agora.xtec.cat\/escolanouclave\/general\/projecte-bosc-i-sostenibilitat\/","title":{"rendered":"Projecte bosc i sostenibilitat."},"content":{"rendered":"<p><a href=\"https:\/\/agora.xtec.cat\/escolanouclave\/wp-content\/uploads\/usu1363\/2021\/01\/ods.jpg\"><img loading=\"lazy\" decoding=\"async\" class=\" wp-image-9072 alignleft\" src=\"https:\/\/agora.xtec.cat\/escolanouclave\/wp-content\/uploads\/usu1363\/2021\/01\/ods.jpg\" alt=\"\" width=\"404\" height=\"382\" srcset=\"https:\/\/agora.xtec.cat\/escolanouclave\/wp-content\/uploads\/usu1363\/2021\/01\/ods.jpg 525w, https:\/\/agora.xtec.cat\/escolanouclave\/wp-content\/uploads\/usu1363\/2021\/01\/ods-300x284.jpg 300w\" sizes=\"auto, (max-width: 404px) 100vw, 404px\" \/><\/a>Amb l&#8217;inici del nou any, l&#8217;alumnat de segon cicle d&#8217;ESO comen\u00e7a la seva participaci\u00f3 en un nou projecte sobre els Objectius de Desenvolupament Sostenible de l&#8217;Agenda 2030. En aquesta ocasi\u00f3, l&#8217;objecte d&#8217;estudi \u00e9s\u00a0 <a href=\"https:\/\/exploratori.org\/index.php\/component\/sppagebuilder\/133-projecte-bosc-i-sostenibilitat\">Bosc i Sostenibilitat<\/a>, un projecte que f<span class=\"details\">orma part del treball d&#8217;una tesi doctoral en curs, en l\u2019\u00e0mbit dels Recursos Naturals i Medi Ambient al Departament d\u2019Enginyeria Minera, Industrial i TIC de la Universitat Polit\u00e8cnica de Catalunya. Aquest estudi<\/span> neix amb el prop\u00f2sit de donar a con\u00e8ixer els ODS de l\u2019Agenda 2030 relacionats amb el bosc i pret\u00e9n involucrar l&#8217;alumnat d&#8217;ESO en la descoberta del seu entorn. \u00c9s per aquest motiu que s\u2019encoratja a les fam\u00edlies a convertir-se en participants reals del projecte, ja que els estudiants de secund\u00e0ria treballen el bosc com a element clau per lluitar contra el canvi clim\u00e0tic i tenen l\u2019oportunitat de prendre consci\u00e8ncia del seu paper <span class=\"details\">en l\u2019estalvi d\u2019aigua i energia, aix\u00ed com analitzar l\u2019arbrat que els envolta en el seu entorn m\u00e9s immediat. A partir d&#8217;aquests\u00a0 aspectes es poden treballar de manera transversal alguns dels Objectius de l&#8217;Agenda 2030.<\/span><\/p>\n<p>La implementaci\u00f3 del projecte de Bosc i Sostenibilitat forma part d&#8217;una de les novetats d&#8217;aquest curs, durant el qual s&#8217;ha ampliat extensament el treball per projectes a educaci\u00f3 secund\u00e0ria. A partir d\u2019aquest sistema d\u2019aprenentage, l\u2019alumnat treballa de manera transversal els diversos punts que conformen el projecte dels Objectius de Desenvolupament Sostenible 2030.<\/p>\n<p>L\u2019Agenda 2030 \u00e9s una agenda integral i multidimensional \u2014referida a les tres dimensions del desenvolupament sostenible (l\u2019econ\u00f2mica, la social i l\u2019ambiental)\u2014 i d\u2019aplicaci\u00f3 universal, i es desplega mitjan\u00e7ant un sistema de\u00a0<strong>17 objectius de desenvolupament sostenible<\/strong>, a trav\u00e9s dels quals es proposa abordar els grans reptes globals, des de la lluita contra la pobresa o el canvi clim\u00e0tic fins a l\u2019educaci\u00f3, la salut, la igualtat de g\u00e8nere, la pau o les ciutats sostenibles.<\/p>\n<p>&nbsp;<\/p>\n<p><a href=\"https:\/\/agora.xtec.cat\/escolanouclave\/wp-content\/uploads\/usu1363\/2021\/01\/Sin-t\u00edtulo.jpg\"><img loading=\"lazy\" decoding=\"async\" class=\"size-large wp-image-9074 aligncenter\" src=\"https:\/\/agora.xtec.cat\/escolanouclave\/wp-content\/uploads\/usu1363\/2021\/01\/Sin-t\u00edtulo-1024x651.jpg\" alt=\"\" width=\"1024\" height=\"651\" srcset=\"https:\/\/agora.xtec.cat\/escolanouclave\/wp-content\/uploads\/usu1363\/2021\/01\/Sin-t\u00edtulo-1024x651.jpg 1024w, https:\/\/agora.xtec.cat\/escolanouclave\/wp-content\/uploads\/usu1363\/2021\/01\/Sin-t\u00edtulo-300x191.jpg 300w, https:\/\/agora.xtec.cat\/escolanouclave\/wp-content\/uploads\/usu1363\/2021\/01\/Sin-t\u00edtulo-768x488.jpg 768w, https:\/\/agora.xtec.cat\/escolanouclave\/wp-content\/uploads\/usu1363\/2021\/01\/Sin-t\u00edtulo.jpg 1099w\" sizes=\"auto, (max-width: 1024px) 100vw, 1024px\" \/><\/a><\/p>\n<p>&nbsp;<\/p>\n<p>&nbsp;<\/p>\n<p>&nbsp;<\/p>\n","protected":false},"excerpt":{"rendered":"<p>Amb l&#8217;inici del nou any, l&#8217;alumnat de segon cicle d&#8217;ESO comen\u00e7a la seva participaci\u00f3 en un nou projecte sobre els Objectius de Desenvolupament Sostenible de l&#8217;Agenda 2030. En aquesta ocasi\u00f3, l&#8217;objecte d&#8217;estudi \u00e9s\u00a0 Bosc i Sostenibilitat, un projecte que forma part del treball d&#8217;una tesi doctoral en curs, en l\u2019\u00e0mbit dels Recursos Naturals i Medi [&hellip;]<\/p>\n","protected":false},"author":1,"featured_media":9072,"comment_status":"open","ping_status":"closed","sticky":false,"template":"","format":"standard","meta":{"_bbp_topic_count":0,"_bbp_reply_count":0,"_bbp_total_topic_count":0,"_bbp_total_reply_count":0,"_bbp_voice_count":0,"_bbp_anonymous_reply_count":0,"_bbp_topic_count_hidden":0,"_bbp_reply_count_hidden":0,"_bbp_forum_subforum_count":0,"site-sidebar-layout":"default","site-content-layout":"","ast-site-content-layout":"","site-content-style":"default","site-sidebar-style":"default","ast-global-header-display":"","ast-banner-title-visibility":"","ast-main-header-display":"","ast-hfb-above-header-display":"","ast-hfb-below-header-display":"","ast-hfb-mobile-header-display":"","site-post-title":"","ast-breadcrumbs-content":"","ast-featured-img":"","footer-sml-layout":"","theme-transparent-header-meta":"","adv-header-id-meta":"","stick-header-meta":"","header-above-stick-meta":"","header-main-stick-meta":"","header-below-stick-meta":"","astra-migrate-meta-layouts":"default","ast-page-background-enabled":"default","ast-page-background-meta":{"desktop":{"background-color":"var(--ast-global-color-4)","background-image":"","background-repeat":"repeat","background-position":"center center","background-size":"auto","background-attachment":"scroll","background-type":"","background-media":"","overlay-type":"","overlay-color":"","overlay-opacity":"","overlay-gradient":""},"tablet":{"background-color":"","background-image":"","background-repeat":"repeat","background-position":"center center","background-size":"auto","background-attachment":"scroll","background-type":"","background-media":"","overlay-type":"","overlay-color":"","overlay-opacity":"","overlay-gradient":""},"mobile":{"background-color":"","background-image":"","background-repeat":"repeat","background-position":"center center","background-size":"auto","background-attachment":"scroll","background-type":"","background-media":"","overlay-type":"","overlay-color":"","overlay-opacity":"","overlay-gradient":""}},"ast-content-background-meta":{"desktop":{"background-color":"var(--ast-global-color-5)","background-image":"","background-repeat":"repeat","background-position":"center center","background-size":"auto","background-attachment":"scroll","background-type":"","background-media":"","overlay-type":"","overlay-color":"","overlay-opacity":"","overlay-gradient":""},"tablet":{"background-color":"var(--ast-global-color-5)","background-image":"","background-repeat":"repeat","background-position":"center center","background-size":"auto","background-attachment":"scroll","background-type":"","background-media":"","overlay-type":"","overlay-color":"","overlay-opacity":"","overlay-gradient":""},"mobile":{"background-color":"var(--ast-global-color-5)","background-image":"","background-repeat":"repeat","background-position":"center center","background-size":"auto","background-attachment":"scroll","background-type":"","background-media":"","overlay-type":"","overlay-color":"","overlay-opacity":"","overlay-gradient":""}},"footnotes":""},"categories":[80,81,1,943],"tags":[950,948,83,947,944],"class_list":["post-9071","post","type-post","status-publish","format-standard","has-post-thumbnail","hentry","category-3r-eso","category-4t-eso","category-general","category-ods-2030","tag-abp","tag-agenda2030","tag-infonodes","tag-ods2030","tag-ods"],"post_mailing_queue_ids":[],"_links":{"self":[{"href":"https:\/\/agora.xtec.cat\/escolanouclave\/wp-json\/wp\/v2\/posts\/9071","targetHints":{"allow":["GET"]}}],"collection":[{"href":"https:\/\/agora.xtec.cat\/escolanouclave\/wp-json\/wp\/v2\/posts"}],"about":[{"href":"https:\/\/agora.xtec.cat\/escolanouclave\/wp-json\/wp\/v2\/types\/post"}],"author":[{"embeddable":true,"href":"https:\/\/agora.xtec.cat\/escolanouclave\/wp-json\/wp\/v2\/users\/1"}],"replies":[{"embeddable":true,"href":"https:\/\/agora.xtec.cat\/escolanouclave\/wp-json\/wp\/v2\/comments?post=9071"}],"version-history":[{"count":2,"href":"https:\/\/agora.xtec.cat\/escolanouclave\/wp-json\/wp\/v2\/posts\/9071\/revisions"}],"predecessor-version":[{"id":9075,"href":"https:\/\/agora.xtec.cat\/escolanouclave\/wp-json\/wp\/v2\/posts\/9071\/revisions\/9075"}],"wp:featuredmedia":[{"embeddable":true,"href":"https:\/\/agora.xtec.cat\/escolanouclave\/wp-json\/wp\/v2\/media\/9072"}],"wp:attachment":[{"href":"https:\/\/agora.xtec.cat\/escolanouclave\/wp-json\/wp\/v2\/media?parent=9071"}],"wp:term":[{"taxonomy":"category","embeddable":true,"href":"https:\/\/agora.xtec.cat\/escolanouclave\/wp-json\/wp\/v2\/categories?post=9071"},{"taxonomy":"post_tag","embeddable":true,"href":"https:\/\/agora.xtec.cat\/escolanouclave\/wp-json\/wp\/v2\/tags?post=9071"}],"curies":[{"name":"wp","href":"https:\/\/api.w.org\/{rel}","templated":true}]}}