{"id":8834,"date":"2020-11-30T11:07:11","date_gmt":"2020-11-30T10:07:11","guid":{"rendered":"http:\/\/agora.xtec.cat\/escolanouclave\/?p=8834"},"modified":"2020-11-30T11:09:04","modified_gmt":"2020-11-30T10:09:04","slug":"educacio-infantil-el-paper-del-mestre-en-lactivitat-dels-ambients","status":"publish","type":"post","link":"https:\/\/agora.xtec.cat\/escolanouclave\/general\/educacio-infantil-el-paper-del-mestre-en-lactivitat-dels-ambients\/","title":{"rendered":"Educaci\u00f3 Infantil: El paper del mestre en l&#8217;activitat dels &#8220;AMBIENTS&#8221;."},"content":{"rendered":"<p>L&#8217;equip docent de l&#8217;etapa d&#8217;Educaci\u00f3 Infantil, va apostar el curs passat pels ambients d&#8217;aprenentatge, una nova metodologia de treball que es fonamenta en l&#8217;aprenentatge a partir de l&#8217;acci\u00f3 del propi infant, aquest, \u00e9s el motor del seu creixement. En aquests espais d&#8217;aprenentatge, els infants inventen, imaginen, experimenten, observen, s&#8217;emocionen i s&#8217;interrelacionen.<\/p>\n<p>Per\u00f2 quin \u00e9s el paper del mestre?<\/p>\n<p><img loading=\"lazy\" decoding=\"async\" class=\"wp-image-8877 alignleft\" src=\"https:\/\/agora.xtec.cat\/escolanouclave\/wp-content\/uploads\/usu1363\/2020\/11\/20201118_154013-1024x768.jpg\" alt=\"\" width=\"350\" height=\"262\" srcset=\"https:\/\/agora.xtec.cat\/escolanouclave\/wp-content\/uploads\/usu1363\/2020\/11\/20201118_154013-1024x768.jpg 1024w, https:\/\/agora.xtec.cat\/escolanouclave\/wp-content\/uploads\/usu1363\/2020\/11\/20201118_154013-300x225.jpg 300w, https:\/\/agora.xtec.cat\/escolanouclave\/wp-content\/uploads\/usu1363\/2020\/11\/20201118_154013-768x576.jpg 768w, https:\/\/agora.xtec.cat\/escolanouclave\/wp-content\/uploads\/usu1363\/2020\/11\/20201118_154013-200x150.jpg 200w\" sizes=\"auto, (max-width: 350px) 100vw, 350px\" \/><\/p>\n<p>&nbsp;<\/p>\n<p>&nbsp;<\/p>\n<p>La figura del mestre \u00e9s de guia en el proc\u00e9s d&#8217;aprenentatge des de l&#8217;observaci\u00f3, l&#8217;an\u00e0lisi i la intervenci\u00f3.<\/p>\n<p>&nbsp;<\/p>\n<p>&nbsp;<\/p>\n<p>&nbsp;<\/p>\n<p><a style=\"color: #2795b6\" href=\"https:\/\/agora.xtec.cat\/escolanouclave\/wp-content\/uploads\/usu1363\/2020\/11\/20201118_153407.jpg\"><img loading=\"lazy\" decoding=\"async\" class=\"wp-image-8875 alignright\" src=\"https:\/\/agora.xtec.cat\/escolanouclave\/wp-content\/uploads\/usu1363\/2020\/11\/20201118_153817-1024x768.jpg\" alt=\"\" width=\"299\" height=\"224\" srcset=\"https:\/\/agora.xtec.cat\/escolanouclave\/wp-content\/uploads\/usu1363\/2020\/11\/20201118_153817-1024x768.jpg 1024w, https:\/\/agora.xtec.cat\/escolanouclave\/wp-content\/uploads\/usu1363\/2020\/11\/20201118_153817-300x225.jpg 300w, https:\/\/agora.xtec.cat\/escolanouclave\/wp-content\/uploads\/usu1363\/2020\/11\/20201118_153817-768x576.jpg 768w, https:\/\/agora.xtec.cat\/escolanouclave\/wp-content\/uploads\/usu1363\/2020\/11\/20201118_153817-200x150.jpg 200w\" sizes=\"auto, (max-width: 299px) 100vw, 299px\" \/><\/a><\/p>\n<p>La seva funci\u00f3 \u00e9s d&#8217;acompanyar, motivar i despertar la curiositat sense interferir en l&#8217;activitat, parant atenci\u00f3 com es va produint el proc\u00e9s i el desenvolupament de la sessi\u00f3.<\/p>\n<p>&nbsp;<\/p>\n<p>&nbsp;<\/p>\n<p>&nbsp;<\/p>\n<p><img loading=\"lazy\" decoding=\"async\" class=\"wp-image-8876 alignleft\" src=\"https:\/\/agora.xtec.cat\/escolanouclave\/wp-content\/uploads\/usu1363\/2020\/11\/20201118_153922-1024x768.jpg\" alt=\"\" width=\"315\" height=\"236\" srcset=\"https:\/\/agora.xtec.cat\/escolanouclave\/wp-content\/uploads\/usu1363\/2020\/11\/20201118_153922-1024x768.jpg 1024w, https:\/\/agora.xtec.cat\/escolanouclave\/wp-content\/uploads\/usu1363\/2020\/11\/20201118_153922-300x225.jpg 300w, https:\/\/agora.xtec.cat\/escolanouclave\/wp-content\/uploads\/usu1363\/2020\/11\/20201118_153922-768x576.jpg 768w, https:\/\/agora.xtec.cat\/escolanouclave\/wp-content\/uploads\/usu1363\/2020\/11\/20201118_153922-200x150.jpg 200w, https:\/\/agora.xtec.cat\/escolanouclave\/wp-content\/uploads\/usu1363\/2020\/11\/20201118_153922.jpg 1152w\" sizes=\"auto, (max-width: 315px) 100vw, 315px\" \/><\/p>\n<p>&nbsp;<\/p>\n<p>Ofereix els recursos als infants per\u00a0<span style=\"font-family: inherit;font-size: 1em\">organitzar l&#8217;espai i provocar situacions que afavoreixin l&#8217;aprenentatge significatiu, respectant el ritme de cada infant.<\/span><\/p>\n<p>&nbsp;<\/p>\n<p>&nbsp;<\/p>\n<p>&nbsp;<\/p>\n<p>&nbsp;<\/p>\n<p>Per tant, la figura del mestre a la nostra escola adopta un rol diferent, ja no \u00e9s \u00fanicament el transmissor dels coneixements.<\/p>\n<p>&nbsp;<\/p>\n<p><img loading=\"lazy\" decoding=\"async\" class=\" wp-image-8873 aligncenter\" src=\"https:\/\/agora.xtec.cat\/escolanouclave\/wp-content\/uploads\/usu1363\/2020\/11\/20201118_153419-1-1024x768.jpg\" alt=\"\" width=\"325\" height=\"244\" srcset=\"https:\/\/agora.xtec.cat\/escolanouclave\/wp-content\/uploads\/usu1363\/2020\/11\/20201118_153419-1-1024x768.jpg 1024w, https:\/\/agora.xtec.cat\/escolanouclave\/wp-content\/uploads\/usu1363\/2020\/11\/20201118_153419-1-300x225.jpg 300w, https:\/\/agora.xtec.cat\/escolanouclave\/wp-content\/uploads\/usu1363\/2020\/11\/20201118_153419-1-768x576.jpg 768w, https:\/\/agora.xtec.cat\/escolanouclave\/wp-content\/uploads\/usu1363\/2020\/11\/20201118_153419-1-200x150.jpg 200w\" sizes=\"auto, (max-width: 325px) 100vw, 325px\" \/><\/p>\n<p><img loading=\"lazy\" decoding=\"async\" class=\"wp-image-8872 alignleft\" src=\"https:\/\/agora.xtec.cat\/escolanouclave\/wp-content\/uploads\/usu1363\/2020\/11\/20201118_153407-1024x768.jpg\" alt=\"\" width=\"314\" height=\"236\" srcset=\"https:\/\/agora.xtec.cat\/escolanouclave\/wp-content\/uploads\/usu1363\/2020\/11\/20201118_153407-1024x768.jpg 1024w, https:\/\/agora.xtec.cat\/escolanouclave\/wp-content\/uploads\/usu1363\/2020\/11\/20201118_153407-300x225.jpg 300w, https:\/\/agora.xtec.cat\/escolanouclave\/wp-content\/uploads\/usu1363\/2020\/11\/20201118_153407-768x576.jpg 768w, https:\/\/agora.xtec.cat\/escolanouclave\/wp-content\/uploads\/usu1363\/2020\/11\/20201118_153407-200x150.jpg 200w\" sizes=\"auto, (max-width: 314px) 100vw, 314px\" \/><\/p>\n<p><a href=\"https:\/\/agora.xtec.cat\/escolanouclave\/wp-content\/uploads\/usu1363\/2020\/11\/20201118_153538.jpg\"><img loading=\"lazy\" decoding=\"async\" class=\"wp-image-8874 alignright\" src=\"https:\/\/agora.xtec.cat\/escolanouclave\/wp-content\/uploads\/usu1363\/2020\/11\/20201118_153538-1024x768.jpg\" alt=\"\" width=\"308\" height=\"231\" srcset=\"https:\/\/agora.xtec.cat\/escolanouclave\/wp-content\/uploads\/usu1363\/2020\/11\/20201118_153538-1024x768.jpg 1024w, https:\/\/agora.xtec.cat\/escolanouclave\/wp-content\/uploads\/usu1363\/2020\/11\/20201118_153538-300x225.jpg 300w, https:\/\/agora.xtec.cat\/escolanouclave\/wp-content\/uploads\/usu1363\/2020\/11\/20201118_153538-768x576.jpg 768w, https:\/\/agora.xtec.cat\/escolanouclave\/wp-content\/uploads\/usu1363\/2020\/11\/20201118_153538-200x150.jpg 200w\" sizes=\"auto, (max-width: 308px) 100vw, 308px\" \/><\/a><\/p>\n","protected":false},"excerpt":{"rendered":"<p>L&#8217;equip docent de l&#8217;etapa d&#8217;Educaci\u00f3 Infantil, va apostar el curs passat pels ambients d&#8217;aprenentatge, una nova metodologia de treball que es fonamenta en l&#8217;aprenentatge a partir de l&#8217;acci\u00f3 del propi infant, aquest, \u00e9s el motor del seu creixement. En aquests espais d&#8217;aprenentatge, els infants inventen, imaginen, experimenten, observen, s&#8217;emocionen i s&#8217;interrelacionen. Per\u00f2 quin \u00e9s el [&hellip;]<\/p>\n","protected":false},"author":1,"featured_media":8881,"comment_status":"open","ping_status":"closed","sticky":false,"template":"","format":"standard","meta":{"_bbp_topic_count":0,"_bbp_reply_count":0,"_bbp_total_topic_count":0,"_bbp_total_reply_count":0,"_bbp_voice_count":0,"_bbp_anonymous_reply_count":0,"_bbp_topic_count_hidden":0,"_bbp_reply_count_hidden":0,"_bbp_forum_subforum_count":0,"site-sidebar-layout":"default","site-content-layout":"","ast-site-content-layout":"","site-content-style":"default","site-sidebar-style":"default","ast-global-header-display":"","ast-banner-title-visibility":"","ast-main-header-display":"","ast-hfb-above-header-display":"","ast-hfb-below-header-display":"","ast-hfb-mobile-header-display":"","site-post-title":"","ast-breadcrumbs-content":"","ast-featured-img":"","footer-sml-layout":"","theme-transparent-header-meta":"","adv-header-id-meta":"","stick-header-meta":"","header-above-stick-meta":"","header-main-stick-meta":"","header-below-stick-meta":"","astra-migrate-meta-layouts":"default","ast-page-background-enabled":"default","ast-page-background-meta":{"desktop":{"background-color":"var(--ast-global-color-4)","background-image":"","background-repeat":"repeat","background-position":"center center","background-size":"auto","background-attachment":"scroll","background-type":"","background-media":"","overlay-type":"","overlay-color":"","overlay-opacity":"","overlay-gradient":""},"tablet":{"background-color":"","background-image":"","background-repeat":"repeat","background-position":"center center","background-size":"auto","background-attachment":"scroll","background-type":"","background-media":"","overlay-type":"","overlay-color":"","overlay-opacity":"","overlay-gradient":""},"mobile":{"background-color":"","background-image":"","background-repeat":"repeat","background-position":"center center","background-size":"auto","background-attachment":"scroll","background-type":"","background-media":"","overlay-type":"","overlay-color":"","overlay-opacity":"","overlay-gradient":""}},"ast-content-background-meta":{"desktop":{"background-color":"var(--ast-global-color-5)","background-image":"","background-repeat":"repeat","background-position":"center center","background-size":"auto","background-attachment":"scroll","background-type":"","background-media":"","overlay-type":"","overlay-color":"","overlay-opacity":"","overlay-gradient":""},"tablet":{"background-color":"var(--ast-global-color-5)","background-image":"","background-repeat":"repeat","background-position":"center center","background-size":"auto","background-attachment":"scroll","background-type":"","background-media":"","overlay-type":"","overlay-color":"","overlay-opacity":"","overlay-gradient":""},"mobile":{"background-color":"var(--ast-global-color-5)","background-image":"","background-repeat":"repeat","background-position":"center center","background-size":"auto","background-attachment":"scroll","background-type":"","background-media":"","overlay-type":"","overlay-color":"","overlay-opacity":"","overlay-gradient":""}},"footnotes":""},"categories":[210,172,1,2],"tags":[966,967],"class_list":["post-8834","post","type-post","status-publish","format-standard","has-post-thumbnail","hentry","category-ambients","category-ambients-a-educacio-infantil","category-general","category-infantil","tag-ambients","tag-paper-del-mestre"],"post_mailing_queue_ids":[],"_links":{"self":[{"href":"https:\/\/agora.xtec.cat\/escolanouclave\/wp-json\/wp\/v2\/posts\/8834","targetHints":{"allow":["GET"]}}],"collection":[{"href":"https:\/\/agora.xtec.cat\/escolanouclave\/wp-json\/wp\/v2\/posts"}],"about":[{"href":"https:\/\/agora.xtec.cat\/escolanouclave\/wp-json\/wp\/v2\/types\/post"}],"author":[{"embeddable":true,"href":"https:\/\/agora.xtec.cat\/escolanouclave\/wp-json\/wp\/v2\/users\/1"}],"replies":[{"embeddable":true,"href":"https:\/\/agora.xtec.cat\/escolanouclave\/wp-json\/wp\/v2\/comments?post=8834"}],"version-history":[{"count":3,"href":"https:\/\/agora.xtec.cat\/escolanouclave\/wp-json\/wp\/v2\/posts\/8834\/revisions"}],"predecessor-version":[{"id":8880,"href":"https:\/\/agora.xtec.cat\/escolanouclave\/wp-json\/wp\/v2\/posts\/8834\/revisions\/8880"}],"wp:featuredmedia":[{"embeddable":true,"href":"https:\/\/agora.xtec.cat\/escolanouclave\/wp-json\/wp\/v2\/media\/8881"}],"wp:attachment":[{"href":"https:\/\/agora.xtec.cat\/escolanouclave\/wp-json\/wp\/v2\/media?parent=8834"}],"wp:term":[{"taxonomy":"category","embeddable":true,"href":"https:\/\/agora.xtec.cat\/escolanouclave\/wp-json\/wp\/v2\/categories?post=8834"},{"taxonomy":"post_tag","embeddable":true,"href":"https:\/\/agora.xtec.cat\/escolanouclave\/wp-json\/wp\/v2\/tags?post=8834"}],"curies":[{"name":"wp","href":"https:\/\/api.w.org\/{rel}","templated":true}]}}