{"id":8761,"date":"2020-11-13T16:35:14","date_gmt":"2020-11-13T15:35:14","guid":{"rendered":"http:\/\/agora.xtec.cat\/escolanouclave\/?p=8761"},"modified":"2020-11-13T16:54:55","modified_gmt":"2020-11-13T15:54:55","slug":"p5b-guepards-ed-infantil-per-que-son-tan-rapids-els-guepards","status":"publish","type":"post","link":"https:\/\/agora.xtec.cat\/escolanouclave\/general\/p5b-guepards-ed-infantil-per-que-son-tan-rapids-els-guepards\/","title":{"rendered":"P5B Guepards (Ed. Infantil): &#8220;Per qu\u00e8 s\u00f3n tan r\u00e0pids els guepards?&#8221;"},"content":{"rendered":"<header class=\"entry-header\">\n<h1><\/h1>\n<p class=\"entry-title\"><span style=\"font-family: inherit;font-size: 1em;font-weight: normal\">Una de les novetats del curs 2020-2021 \u00e9s que els nens i nenes d\u2019Educaci\u00f3 Infantil han escollit el nom de la classe. Hem donat l\u2019oportunitat als nostres infants de triar el nom a partir dels seus interessos, i aix\u00ed fomentar la participaci\u00f3 i la cohesi\u00f3 de grup. Per tant, el projecte del primer trimestre \u00e9s triar el nom de la classe.<\/span><\/p>\n<\/header>\n<div class=\"entry-content\">\n<p>Despr\u00e9s de les propostes que cada infant va portar del nom que li agradaria per la classe, fer una llista a la pissarra de tots els noms que podien identificar el grup i fer votacions dels noms que m\u00e9s agradaven, vam decidir el nom de la classe!! La classe de P5B aquest curs 2020-2021, \u00e9s la classe d\u2019 <strong>&#8220;Els guepards&#8221;.<\/strong><\/p>\n<\/div>\n<p><span style=\"font-family: inherit;font-size: 1em\">Per tant, ara que ja tenim nom, se\u00b4ns presenta una gran pregunta repte a resoldre: <\/span><strong style=\"font-family: inherit;font-size: 1em\">\u201cPer qu\u00e8 s\u00f3n tan r\u00e0pids els guepards?\u201d<\/strong><\/p>\n<div class=\"entry-content\">\n<p>L\u2019objectiu d\u2019aquest projecte \u00e9s investigar el motiu pel qual\u00a0 el guepard \u00e9s tan r\u00e0pid, tan astut, si \u00e9s l\u00b4animal m\u00e9s r\u00e0pid, quina \u00e9s la seva velocitat m\u00e0xima,&#8230;\u00a0 moltes i moooooltes inc\u00f2gnites que no sabem.<\/p>\n<p>Ara que ja portem unes setmanes investigant sobre el tema ja sabem molt\u00edssimes coses. Ens han ajudat les mares i pares i nosaltres mateixos que hem anat investigant.<\/p>\n<p>I ten\u00edem moltes ganes de tenir un guepard de veritat, per\u00f2 com que hem vist que no \u00e9s possible doncs l\u00b4hem fet. Hem hagut de:<\/p>\n<ul>\n<li>fer un llistat del material que necessit\u00e0vem<\/li>\n<li>prendre mides<\/li>\n<li>pintar, tallar,&#8230;&#8230;<\/li>\n<\/ul>\n<p>Ha valgut la pena la feinada que hem tingut!\u00a0 \u00a0Aquest ha estat el resultat:<\/p>\n<p><a href=\"https:\/\/agora.xtec.cat\/escolanouclave\/wp-content\/uploads\/usu1363\/2020\/11\/IMG_8959.jpg\"><img loading=\"lazy\" decoding=\"async\" class=\"alignnone size-large wp-image-8762\" src=\"https:\/\/agora.xtec.cat\/escolanouclave\/wp-content\/uploads\/usu1363\/2020\/11\/IMG_8959-1024x768.jpg\" alt=\"\" width=\"1024\" height=\"768\" srcset=\"https:\/\/agora.xtec.cat\/escolanouclave\/wp-content\/uploads\/usu1363\/2020\/11\/IMG_8959-1024x768.jpg 1024w, https:\/\/agora.xtec.cat\/escolanouclave\/wp-content\/uploads\/usu1363\/2020\/11\/IMG_8959-300x225.jpg 300w, https:\/\/agora.xtec.cat\/escolanouclave\/wp-content\/uploads\/usu1363\/2020\/11\/IMG_8959-768x576.jpg 768w, https:\/\/agora.xtec.cat\/escolanouclave\/wp-content\/uploads\/usu1363\/2020\/11\/IMG_8959-200x150.jpg 200w\" sizes=\"auto, (max-width: 1024px) 100vw, 1024px\" \/><\/a><\/p>\n<\/div>\n<p>&nbsp;<\/p>\n<div class=\"entry-content\">\n<p>Ja veieu que estem treballant for\u00e7a en el nostre projecte!! Us seguirem informant.<\/p>\n<\/div>\n","protected":false},"excerpt":{"rendered":"<p>Una de les novetats del curs 2020-2021 \u00e9s que els nens i nenes d\u2019Educaci\u00f3 Infantil han escollit el nom de la classe. Hem donat l\u2019oportunitat als nostres infants de triar el nom a partir dels seus interessos, i aix\u00ed fomentar la participaci\u00f3 i la cohesi\u00f3 de grup. Per tant, el projecte del primer trimestre \u00e9s [&hellip;]<\/p>\n","protected":false},"author":1,"featured_media":8762,"comment_status":"open","ping_status":"closed","sticky":false,"template":"","format":"standard","meta":{"_bbp_topic_count":0,"_bbp_reply_count":0,"_bbp_total_topic_count":0,"_bbp_total_reply_count":0,"_bbp_voice_count":0,"_bbp_anonymous_reply_count":0,"_bbp_topic_count_hidden":0,"_bbp_reply_count_hidden":0,"_bbp_forum_subforum_count":0,"site-sidebar-layout":"default","site-content-layout":"","ast-site-content-layout":"","site-content-style":"default","site-sidebar-style":"default","ast-global-header-display":"","ast-banner-title-visibility":"","ast-main-header-display":"","ast-hfb-above-header-display":"","ast-hfb-below-header-display":"","ast-hfb-mobile-header-display":"","site-post-title":"","ast-breadcrumbs-content":"","ast-featured-img":"","footer-sml-layout":"","theme-transparent-header-meta":"","adv-header-id-meta":"","stick-header-meta":"","header-above-stick-meta":"","header-main-stick-meta":"","header-below-stick-meta":"","astra-migrate-meta-layouts":"default","ast-page-background-enabled":"default","ast-page-background-meta":{"desktop":{"background-color":"var(--ast-global-color-4)","background-image":"","background-repeat":"repeat","background-position":"center center","background-size":"auto","background-attachment":"scroll","background-type":"","background-media":"","overlay-type":"","overlay-color":"","overlay-opacity":"","overlay-gradient":""},"tablet":{"background-color":"","background-image":"","background-repeat":"repeat","background-position":"center center","background-size":"auto","background-attachment":"scroll","background-type":"","background-media":"","overlay-type":"","overlay-color":"","overlay-opacity":"","overlay-gradient":""},"mobile":{"background-color":"","background-image":"","background-repeat":"repeat","background-position":"center center","background-size":"auto","background-attachment":"scroll","background-type":"","background-media":"","overlay-type":"","overlay-color":"","overlay-opacity":"","overlay-gradient":""}},"ast-content-background-meta":{"desktop":{"background-color":"var(--ast-global-color-5)","background-image":"","background-repeat":"repeat","background-position":"center center","background-size":"auto","background-attachment":"scroll","background-type":"","background-media":"","overlay-type":"","overlay-color":"","overlay-opacity":"","overlay-gradient":""},"tablet":{"background-color":"var(--ast-global-color-5)","background-image":"","background-repeat":"repeat","background-position":"center center","background-size":"auto","background-attachment":"scroll","background-type":"","background-media":"","overlay-type":"","overlay-color":"","overlay-opacity":"","overlay-gradient":""},"mobile":{"background-color":"var(--ast-global-color-5)","background-image":"","background-repeat":"repeat","background-position":"center center","background-size":"auto","background-attachment":"scroll","background-type":"","background-media":"","overlay-type":"","overlay-color":"","overlay-opacity":"","overlay-gradient":""}},"footnotes":""},"categories":[1,98],"tags":[],"class_list":["post-8761","post","type-post","status-publish","format-standard","has-post-thumbnail","hentry","category-general","category-p5-infantil"],"post_mailing_queue_ids":[],"_links":{"self":[{"href":"https:\/\/agora.xtec.cat\/escolanouclave\/wp-json\/wp\/v2\/posts\/8761","targetHints":{"allow":["GET"]}}],"collection":[{"href":"https:\/\/agora.xtec.cat\/escolanouclave\/wp-json\/wp\/v2\/posts"}],"about":[{"href":"https:\/\/agora.xtec.cat\/escolanouclave\/wp-json\/wp\/v2\/types\/post"}],"author":[{"embeddable":true,"href":"https:\/\/agora.xtec.cat\/escolanouclave\/wp-json\/wp\/v2\/users\/1"}],"replies":[{"embeddable":true,"href":"https:\/\/agora.xtec.cat\/escolanouclave\/wp-json\/wp\/v2\/comments?post=8761"}],"version-history":[{"count":4,"href":"https:\/\/agora.xtec.cat\/escolanouclave\/wp-json\/wp\/v2\/posts\/8761\/revisions"}],"predecessor-version":[{"id":8769,"href":"https:\/\/agora.xtec.cat\/escolanouclave\/wp-json\/wp\/v2\/posts\/8761\/revisions\/8769"}],"wp:featuredmedia":[{"embeddable":true,"href":"https:\/\/agora.xtec.cat\/escolanouclave\/wp-json\/wp\/v2\/media\/8762"}],"wp:attachment":[{"href":"https:\/\/agora.xtec.cat\/escolanouclave\/wp-json\/wp\/v2\/media?parent=8761"}],"wp:term":[{"taxonomy":"category","embeddable":true,"href":"https:\/\/agora.xtec.cat\/escolanouclave\/wp-json\/wp\/v2\/categories?post=8761"},{"taxonomy":"post_tag","embeddable":true,"href":"https:\/\/agora.xtec.cat\/escolanouclave\/wp-json\/wp\/v2\/tags?post=8761"}],"curies":[{"name":"wp","href":"https:\/\/api.w.org\/{rel}","templated":true}]}}