{"id":8728,"date":"2020-11-09T19:33:39","date_gmt":"2020-11-09T18:33:39","guid":{"rendered":"http:\/\/agora.xtec.cat\/escolanouclave\/?p=8728"},"modified":"2020-11-09T19:34:38","modified_gmt":"2020-11-09T18:34:38","slug":"4t-de-primaria-on-hi-ha-vida","status":"publish","type":"post","link":"https:\/\/agora.xtec.cat\/escolanouclave\/general\/4t-de-primaria-on-hi-ha-vida\/","title":{"rendered":"4t de prim\u00e0ria: On hi ha vida?"},"content":{"rendered":"<p>Que s\u00f3n els projectes? Com es treballa per projectes?<\/p>\n<p>Aquestes dues preguntes les vam intentar respondre entre tota la classe a principi de curs. Entre tots\/es vam proposar paraules que ens suggerien el treball per projectes: imaginaci\u00f3, experiments, investigaci\u00f3, treball en equip, esfor\u00e7, cooperaci\u00f3, aprenentatge, creativitat, paci\u00e8ncia, respecte i&#8230; bon rotllo!<br \/>\nAbans d&#8217;endinsar-nos en el nostre tema d&#8217;investigaci\u00f3, vam crear uns esl\u00f2gans i consigna que s&#8217;han convertit en la base de la nostra feina a l&#8217;hora de projectes.<\/p>\n<p>Esl\u00f2gans:<\/p>\n<ul>\n<li>In my school, science is cool!<\/li>\n<li>El que aprenguem avui, a l&#8217;endem\u00e0 ho ensenyarem.<\/li>\n<li>Els projectes ens portaran a la grand\u00e0ria.<\/li>\n<\/ul>\n<p>Consigna:<\/p>\n<ul>\n<li>Amb treball en equip i respecte, feina perfecta.<\/li>\n<\/ul>\n<p>Estava ja tot preparat per comen\u00e7ar l&#8217;aventura de projectes, i comen\u00e7ar a investigar la vida que ens envolta. Aix\u00ed que vam proposar que el nostre lema seria: la flor de la vida, ja que \u00e9s la representaci\u00f3 visual de la interconnexi\u00f3 de la vida. Aix\u00ed doncs, est\u00e0vem m\u00e9s que preparats\/des per comen\u00e7ar a investigar.<\/p>\n<p><strong>On hi ha vida?<\/strong> Gran pregunta que ens va portar a descobrir que existeixen cinc regnes d&#8217;\u00e9ssers vius: regne animals, regne vegetals, regne fongs, regne moneres i regne protoctists. Vam crear les nostres maletes de regnes, i vam comen\u00e7ar a viatjar pel fant\u00e0stic m\u00f3n dels \u00e9ssers vius.<\/p>\n<p>Hem comen\u00e7at pel regne animals, i no us imagineu la de coses que hem descobert! Sab\u00edeu que l&#8217;ornitorinc \u00e9s un mam\u00edfer que pon ous? Sabeu la difer\u00e8ncia entre un mam\u00edfer placentari i marsupial? Sab\u00edeu que els r\u00e8ptils s\u00f3n els animals m\u00e9s antics i viuen a molts h\u00e0bitats diferents?<\/p>\n<p>Tenim encara moltes preguntes per investigar i resoldre, com per exemple: com s&#8217;alimenta el regne protoctists? Com pot ser que les plantes siguin \u00e9ssers vius? Qu\u00e8 hi ha dins dels ous? Per qu\u00e8 els herb\u00edvors no mengen carn? Per qu\u00e8 no es mengen algunes plantes? Com es mouen els gira-sols? Per qu\u00e8 els virus provoquen enfermetats? La col\u00f2nia ve de les flors?<\/p>\n<p>Ja veieu que tenim molt\u00edssima feina a fer i molts temes per investigar! Us seguirem informant.<\/p>\n<p><a href=\"https:\/\/agora.xtec.cat\/escolanouclave\/wp-content\/uploads\/usu1363\/2020\/11\/Les-maletes-dels-e\u0301ssers-vius.png\"><img loading=\"lazy\" decoding=\"async\" class=\"aligncenter size-full wp-image-8729\" src=\"https:\/\/agora.xtec.cat\/escolanouclave\/wp-content\/uploads\/usu1363\/2020\/11\/Les-maletes-dels-e\u0301ssers-vius.png\" alt=\"\" width=\"1920\" height=\"1080\" srcset=\"https:\/\/agora.xtec.cat\/escolanouclave\/wp-content\/uploads\/usu1363\/2020\/11\/Les-maletes-dels-e\u0301ssers-vius.png 1920w, https:\/\/agora.xtec.cat\/escolanouclave\/wp-content\/uploads\/usu1363\/2020\/11\/Les-maletes-dels-e\u0301ssers-vius-300x169.png 300w, https:\/\/agora.xtec.cat\/escolanouclave\/wp-content\/uploads\/usu1363\/2020\/11\/Les-maletes-dels-e\u0301ssers-vius-768x432.png 768w, https:\/\/agora.xtec.cat\/escolanouclave\/wp-content\/uploads\/usu1363\/2020\/11\/Les-maletes-dels-e\u0301ssers-vius-1024x576.png 1024w\" sizes=\"auto, (max-width: 1920px) 100vw, 1920px\" \/><\/a><\/p>\n<p>&nbsp;<\/p>\n<p><a href=\"https:\/\/agora.xtec.cat\/escolanouclave\/wp-content\/uploads\/usu1363\/2020\/11\/Els-nostres-eslo\u0300gans-consigna-i-lema..png\"><img loading=\"lazy\" decoding=\"async\" class=\"aligncenter size-full wp-image-8730\" src=\"https:\/\/agora.xtec.cat\/escolanouclave\/wp-content\/uploads\/usu1363\/2020\/11\/Els-nostres-eslo\u0300gans-consigna-i-lema..png\" alt=\"\" width=\"1920\" height=\"1080\" srcset=\"https:\/\/agora.xtec.cat\/escolanouclave\/wp-content\/uploads\/usu1363\/2020\/11\/Els-nostres-eslo\u0300gans-consigna-i-lema..png 1920w, https:\/\/agora.xtec.cat\/escolanouclave\/wp-content\/uploads\/usu1363\/2020\/11\/Els-nostres-eslo\u0300gans-consigna-i-lema.-300x169.png 300w, https:\/\/agora.xtec.cat\/escolanouclave\/wp-content\/uploads\/usu1363\/2020\/11\/Els-nostres-eslo\u0300gans-consigna-i-lema.-768x432.png 768w, https:\/\/agora.xtec.cat\/escolanouclave\/wp-content\/uploads\/usu1363\/2020\/11\/Els-nostres-eslo\u0300gans-consigna-i-lema.-1024x576.png 1024w\" sizes=\"auto, (max-width: 1920px) 100vw, 1920px\" \/><\/a><\/p>\n<p>&nbsp;<\/p>\n<p><a href=\"https:\/\/agora.xtec.cat\/escolanouclave\/wp-content\/uploads\/usu1363\/2020\/11\/El-toca-toca.jpg\"><img loading=\"lazy\" decoding=\"async\" class=\"aligncenter size-full wp-image-8731\" src=\"https:\/\/agora.xtec.cat\/escolanouclave\/wp-content\/uploads\/usu1363\/2020\/11\/El-toca-toca.jpg\" alt=\"\" width=\"2000\" height=\"1600\" srcset=\"https:\/\/agora.xtec.cat\/escolanouclave\/wp-content\/uploads\/usu1363\/2020\/11\/El-toca-toca.jpg 2000w, https:\/\/agora.xtec.cat\/escolanouclave\/wp-content\/uploads\/usu1363\/2020\/11\/El-toca-toca-300x240.jpg 300w, https:\/\/agora.xtec.cat\/escolanouclave\/wp-content\/uploads\/usu1363\/2020\/11\/El-toca-toca-768x614.jpg 768w, https:\/\/agora.xtec.cat\/escolanouclave\/wp-content\/uploads\/usu1363\/2020\/11\/El-toca-toca-1024x819.jpg 1024w\" sizes=\"auto, (max-width: 2000px) 100vw, 2000px\" \/><\/a><\/p>\n<div><\/div>\n<p>&nbsp;<\/p>\n<p>&nbsp;<\/p>\n<p>&nbsp;<\/p>\n","protected":false},"excerpt":{"rendered":"<p>Que s\u00f3n els projectes? Com es treballa per projectes? Aquestes dues preguntes les vam intentar respondre entre tota la classe a principi de curs. Entre tots\/es vam proposar paraules que ens suggerien el treball per projectes: imaginaci\u00f3, experiments, investigaci\u00f3, treball en equip, esfor\u00e7, cooperaci\u00f3, aprenentatge, creativitat, paci\u00e8ncia, respecte i&#8230; bon rotllo! Abans d&#8217;endinsar-nos en el [&hellip;]<\/p>\n","protected":false},"author":17,"featured_media":8736,"comment_status":"open","ping_status":"closed","sticky":false,"template":"","format":"standard","meta":{"_bbp_topic_count":0,"_bbp_reply_count":0,"_bbp_total_topic_count":0,"_bbp_total_reply_count":0,"_bbp_voice_count":0,"_bbp_anonymous_reply_count":0,"_bbp_topic_count_hidden":0,"_bbp_reply_count_hidden":0,"_bbp_forum_subforum_count":0,"site-sidebar-layout":"default","site-content-layout":"","ast-site-content-layout":"","site-content-style":"default","site-sidebar-style":"default","ast-global-header-display":"","ast-banner-title-visibility":"","ast-main-header-display":"","ast-hfb-above-header-display":"","ast-hfb-below-header-display":"","ast-hfb-mobile-header-display":"","site-post-title":"","ast-breadcrumbs-content":"","ast-featured-img":"","footer-sml-layout":"","theme-transparent-header-meta":"","adv-header-id-meta":"","stick-header-meta":"","header-above-stick-meta":"","header-main-stick-meta":"","header-below-stick-meta":"","astra-migrate-meta-layouts":"default","ast-page-background-enabled":"default","ast-page-background-meta":{"desktop":{"background-color":"var(--ast-global-color-4)","background-image":"","background-repeat":"repeat","background-position":"center center","background-size":"auto","background-attachment":"scroll","background-type":"","background-media":"","overlay-type":"","overlay-color":"","overlay-opacity":"","overlay-gradient":""},"tablet":{"background-color":"","background-image":"","background-repeat":"repeat","background-position":"center center","background-size":"auto","background-attachment":"scroll","background-type":"","background-media":"","overlay-type":"","overlay-color":"","overlay-opacity":"","overlay-gradient":""},"mobile":{"background-color":"","background-image":"","background-repeat":"repeat","background-position":"center center","background-size":"auto","background-attachment":"scroll","background-type":"","background-media":"","overlay-type":"","overlay-color":"","overlay-opacity":"","overlay-gradient":""}},"ast-content-background-meta":{"desktop":{"background-color":"var(--ast-global-color-5)","background-image":"","background-repeat":"repeat","background-position":"center center","background-size":"auto","background-attachment":"scroll","background-type":"","background-media":"","overlay-type":"","overlay-color":"","overlay-opacity":"","overlay-gradient":""},"tablet":{"background-color":"var(--ast-global-color-5)","background-image":"","background-repeat":"repeat","background-position":"center center","background-size":"auto","background-attachment":"scroll","background-type":"","background-media":"","overlay-type":"","overlay-color":"","overlay-opacity":"","overlay-gradient":""},"mobile":{"background-color":"var(--ast-global-color-5)","background-image":"","background-repeat":"repeat","background-position":"center center","background-size":"auto","background-attachment":"scroll","background-type":"","background-media":"","overlay-type":"","overlay-color":"","overlay-opacity":"","overlay-gradient":""}},"footnotes":""},"categories":[13,1],"tags":[956,957,951,953,952,954,955],"class_list":["post-8728","post","type-post","status-publish","format-standard","has-post-thumbnail","hentry","category-4t","category-general","tag-consigna","tag-eslogans","tag-essers-vius","tag-projectes","tag-quart-de-primaria","tag-regne-animals","tag-treball-en-equip"],"post_mailing_queue_ids":[],"_links":{"self":[{"href":"https:\/\/agora.xtec.cat\/escolanouclave\/wp-json\/wp\/v2\/posts\/8728","targetHints":{"allow":["GET"]}}],"collection":[{"href":"https:\/\/agora.xtec.cat\/escolanouclave\/wp-json\/wp\/v2\/posts"}],"about":[{"href":"https:\/\/agora.xtec.cat\/escolanouclave\/wp-json\/wp\/v2\/types\/post"}],"author":[{"embeddable":true,"href":"https:\/\/agora.xtec.cat\/escolanouclave\/wp-json\/wp\/v2\/users\/17"}],"replies":[{"embeddable":true,"href":"https:\/\/agora.xtec.cat\/escolanouclave\/wp-json\/wp\/v2\/comments?post=8728"}],"version-history":[{"count":2,"href":"https:\/\/agora.xtec.cat\/escolanouclave\/wp-json\/wp\/v2\/posts\/8728\/revisions"}],"predecessor-version":[{"id":8735,"href":"https:\/\/agora.xtec.cat\/escolanouclave\/wp-json\/wp\/v2\/posts\/8728\/revisions\/8735"}],"wp:featuredmedia":[{"embeddable":true,"href":"https:\/\/agora.xtec.cat\/escolanouclave\/wp-json\/wp\/v2\/media\/8736"}],"wp:attachment":[{"href":"https:\/\/agora.xtec.cat\/escolanouclave\/wp-json\/wp\/v2\/media?parent=8728"}],"wp:term":[{"taxonomy":"category","embeddable":true,"href":"https:\/\/agora.xtec.cat\/escolanouclave\/wp-json\/wp\/v2\/categories?post=8728"},{"taxonomy":"post_tag","embeddable":true,"href":"https:\/\/agora.xtec.cat\/escolanouclave\/wp-json\/wp\/v2\/tags?post=8728"}],"curies":[{"name":"wp","href":"https:\/\/api.w.org\/{rel}","templated":true}]}}