{"id":8698,"date":"2020-11-04T08:35:14","date_gmt":"2020-11-04T07:35:14","guid":{"rendered":"http:\/\/agora.xtec.cat\/escolanouclave\/?p=8698"},"modified":"2022-02-16T18:43:24","modified_gmt":"2022-02-16T17:43:24","slug":"eso-fi-de-la-pobresa-i-fam-zero","status":"publish","type":"post","link":"https:\/\/agora.xtec.cat\/escolanouclave\/general\/eso-fi-de-la-pobresa-i-fam-zero\/","title":{"rendered":"ESO: Fi de la pobresa i fam zero"},"content":{"rendered":"<p><a href=\"https:\/\/agora.xtec.cat\/escolanouclave\/wp-content\/uploads\/usu1363\/2020\/11\/ICONES-CATALA-1-2.jpg\"><img loading=\"lazy\" decoding=\"async\" class=\"wp-image-8701 alignleft\" src=\"https:\/\/agora.xtec.cat\/escolanouclave\/wp-content\/uploads\/usu1363\/2020\/11\/ICONES-CATALA-1-2-1024x1024.jpg\" alt=\"\" width=\"147\" height=\"147\" srcset=\"https:\/\/agora.xtec.cat\/escolanouclave\/wp-content\/uploads\/usu1363\/2020\/11\/ICONES-CATALA-1-2-1024x1024.jpg 1024w, https:\/\/agora.xtec.cat\/escolanouclave\/wp-content\/uploads\/usu1363\/2020\/11\/ICONES-CATALA-1-2-150x150.jpg 150w, https:\/\/agora.xtec.cat\/escolanouclave\/wp-content\/uploads\/usu1363\/2020\/11\/ICONES-CATALA-1-2-300x300.jpg 300w, https:\/\/agora.xtec.cat\/escolanouclave\/wp-content\/uploads\/usu1363\/2020\/11\/ICONES-CATALA-1-2-768x769.jpg 768w, https:\/\/agora.xtec.cat\/escolanouclave\/wp-content\/uploads\/usu1363\/2020\/11\/ICONES-CATALA-1-2.jpg 1353w\" sizes=\"auto, (max-width: 147px) 100vw, 147px\" \/><\/a> <a href=\"https:\/\/agora.xtec.cat\/escolanouclave\/wp-content\/uploads\/usu1363\/2020\/11\/ICONES-CATALA-2-1.jpg\"><img loading=\"lazy\" decoding=\"async\" class=\"wp-image-8700 alignleft\" src=\"https:\/\/agora.xtec.cat\/escolanouclave\/wp-content\/uploads\/usu1363\/2020\/11\/ICONES-CATALA-2-1-1024x1022.jpg\" alt=\"\" width=\"149\" height=\"149\" srcset=\"https:\/\/agora.xtec.cat\/escolanouclave\/wp-content\/uploads\/usu1363\/2020\/11\/ICONES-CATALA-2-1-1024x1022.jpg 1024w, https:\/\/agora.xtec.cat\/escolanouclave\/wp-content\/uploads\/usu1363\/2020\/11\/ICONES-CATALA-2-1-150x150.jpg 150w, https:\/\/agora.xtec.cat\/escolanouclave\/wp-content\/uploads\/usu1363\/2020\/11\/ICONES-CATALA-2-1-300x300.jpg 300w, https:\/\/agora.xtec.cat\/escolanouclave\/wp-content\/uploads\/usu1363\/2020\/11\/ICONES-CATALA-2-1-768x766.jpg 768w, https:\/\/agora.xtec.cat\/escolanouclave\/wp-content\/uploads\/usu1363\/2020\/11\/ICONES-CATALA-2-1.jpg 1357w\" sizes=\"auto, (max-width: 149px) 100vw, 149px\" \/><\/a>Durant el present curs acad\u00e8mic, els alumnes d&#8217;ESO estan treballant amb <span style=\"font-family: inherit; font-size: 1em;\">la metodologia APB per dissenyar projectes globalitzats basats en els Objectius de Desenvolupament Sostenible de l\u2019Agenda 2030 de Nacions Unides. <\/span><span style=\"font-family: inherit; font-size: 1em;\">El primer projecte va tenir com a tema d\u2019estudi els objectius 6 i 14 de l\u2019<\/span><a style=\"font-family: inherit; font-size: 1em;\" href=\"https:\/\/www.agenda2030.gob.es\/objetivos\/home.htm\">Agenda 2030<\/a><span style=\"font-family: inherit; font-size: 1em;\">, corresponents a l\u2019aigua neta i el sanejament i la vida submarina, mentre que el segon, es centra en els objectius 1 i 2, que recullen la fi de la pobresa i la fam zero.\u00a0<\/span><\/p>\n<p><a href=\"https:\/\/agora.xtec.cat\/escolanouclave\/wp-content\/uploads\/usu1363\/2020\/11\/ICONES-CATALA-1-2.jpg\">\u00a0\u00a0<\/a><\/p>\n<p><a href=\"https:\/\/agora.xtec.cat\/escolanouclave\/wp-content\/uploads\/usu1363\/2020\/11\/Elf6VCeX0AEHZTC-e1604475702256.jpg\"><img loading=\"lazy\" decoding=\"async\" class=\"wp-image-8702 alignright\" src=\"https:\/\/agora.xtec.cat\/escolanouclave\/wp-content\/uploads\/usu1363\/2020\/11\/Elf6VCeX0AEHZTC-e1604475702256.jpg\" alt=\"\" width=\"311\" height=\"199\" srcset=\"https:\/\/agora.xtec.cat\/escolanouclave\/wp-content\/uploads\/usu1363\/2020\/11\/Elf6VCeX0AEHZTC-e1604475702256.jpg 360w, https:\/\/agora.xtec.cat\/escolanouclave\/wp-content\/uploads\/usu1363\/2020\/11\/Elf6VCeX0AEHZTC-e1604475702256-300x192.jpg 300w\" sizes=\"auto, (max-width: 311px) 100vw, 311px\" \/><\/a>Durant aquestes setmanes, l\u2019alumnat est\u00e0 participant en diferents activitats competencials que permeten treballar de forma interdisciplinar ambd\u00f3s objectius. Entre les activitats programades s&#8217;han realitzat confer\u00e8ncies dirigides per experts en diversos camps, que han perm\u00e8s traslladar certs continguts a l&#8217;alumnat directament de la m\u00e0 de persones especialitzades en aquests temes. Una de les xerrades va ser impartida per la<span class=\"css-901oao css-16my406 r-1qd0xha r-ad9z0x r-bcqeeo r-qvutc0\"> N\u00faria Font, de l&#8217;equip directiu de l&#8217;espai d&#8217;acolliment <a href=\"http:\/\/www.caliu.org\/menjador-social\/\">Caliu<\/a>, que va explicar el funcionament i la organitzaci\u00f3 del centre en el qual treballa. (per a m\u00e9s informaci\u00f3, feu clic <a href=\"https:\/\/twitter.com\/AEAnselmClave\/status\/1323228892908425216?ref_src=twsrc%5Etfw%7Ctwcamp%5Eembeddedtimeline%7Ctwterm%5Eprofile%3AAEAnselmClave%7Ctwcon%5Etimelinechrome&amp;ref_url=https%3A%2F%2Fagora.xtec.cat%2Fescolaanselmclave%2F\"><strong>aqu\u00ed<\/strong><\/a>). Tamb\u00e9 hem pogut gaudir de la col\u00b7laboraci\u00f3 de l&#8217;equip\u00a0 format per la Marisol Fern\u00e1ndez i la S\u00edlvia, infermeres nutricionistes de la <a href=\"https:\/\/www.fsm.cat\/web\/\">Fundaci\u00f3 Sanit\u00e0ria Mollet<\/a>, que que van dur a terme una pon\u00e8ncia telem\u00e0tica durant la qual van intentar conscienciar els alumnes de la necessitat i import\u00e0ncia d&#8217;adquirir bons h\u00e0bits alimentaris i tamb\u00e9 donar a con\u00e8ixer alguns dels efectes f\u00edsics, socials i emocionals que provoca l&#8217;alimentaci\u00f3. Aquesta xerrada, \u00e9s tamb\u00e9 el pont per introduir del seg\u00fcent objectiu a treballar: salut i benestar. <\/span><\/p>\n<p>Entre les activitats, s&#8217;ha organitzat una campanya de recollida d&#8217;aliments en la que han participat nombroses fam\u00edlies de l&#8217;escola i en la qual s&#8217;ha implicat tota la comunitat educativa (per a m\u00e9s informaci\u00f3, feu clic <a href=\"https:\/\/twitter.com\/AEAnselmClave\/status\/1321800261678096392?ref_src=twsrc%5Etfw%7Ctwcamp%5Eembeddedtimeline%7Ctwterm%5Eprofile%3AAEAnselmClave%7Ctwcon%5Etimelinechrome&amp;ref_url=https%3A%2F%2Fagora.xtec.cat%2Fescolaanselmclave%2F\"><strong>aqu\u00ed<\/strong><\/a>). Els productes recollits han estat portats fins la seu del Banc dels Aliments de Mollet del Vall\u00e8s pels alumnes de 4t d&#8217;ESO. Es tracta d&#8217;una experi\u00e8ncia motivadora que apropa els nostres joves a realitats desfavorides i sovint properes. (per a m\u00e9s informaci\u00f3, feu clic <a href=\"https:\/\/twitter.com\/AEAnselmClave\/status\/1326948715651866625\"><strong>aqu\u00ed<\/strong><\/a>)<\/p>\n<p>&nbsp;<\/p>\n<p><a href=\"https:\/\/agora.xtec.cat\/escolanouclave\/wp-content\/uploads\/usu1363\/2020\/11\/Ej5_8_HXYAsepmX-1.jpg\"><img loading=\"lazy\" decoding=\"async\" class=\"size-full wp-image-8699 aligncenter\" src=\"https:\/\/agora.xtec.cat\/escolanouclave\/wp-content\/uploads\/usu1363\/2020\/11\/Ej5_8_HXYAsepmX-1.jpg\" alt=\"\" width=\"481\" height=\"748\" srcset=\"https:\/\/agora.xtec.cat\/escolanouclave\/wp-content\/uploads\/usu1363\/2020\/11\/Ej5_8_HXYAsepmX-1.jpg 481w, https:\/\/agora.xtec.cat\/escolanouclave\/wp-content\/uploads\/usu1363\/2020\/11\/Ej5_8_HXYAsepmX-1-193x300.jpg 193w\" sizes=\"auto, (max-width: 481px) 100vw, 481px\" \/><\/a><\/p>\n<p>&nbsp;<\/p>\n","protected":false},"excerpt":{"rendered":"<p>Durant el present curs acad\u00e8mic, els alumnes d&#8217;ESO estan treballant amb la metodologia APB per dissenyar projectes globalitzats basats en els Objectius de Desenvolupament Sostenible de l\u2019Agenda 2030 de Nacions Unides. El primer projecte va tenir com a tema d\u2019estudi els objectius 6 i 14 de l\u2019Agenda 2030, corresponents a l\u2019aigua neta i el sanejament [&hellip;]<\/p>\n","protected":false},"author":1,"featured_media":10176,"comment_status":"open","ping_status":"closed","sticky":false,"template":"","format":"standard","meta":{"_bbp_topic_count":0,"_bbp_reply_count":0,"_bbp_total_topic_count":0,"_bbp_total_reply_count":0,"_bbp_voice_count":0,"_bbp_anonymous_reply_count":0,"_bbp_topic_count_hidden":0,"_bbp_reply_count_hidden":0,"_bbp_forum_subforum_count":0,"site-sidebar-layout":"default","site-content-layout":"","ast-site-content-layout":"","site-content-style":"default","site-sidebar-style":"default","ast-global-header-display":"","ast-banner-title-visibility":"","ast-main-header-display":"","ast-hfb-above-header-display":"","ast-hfb-below-header-display":"","ast-hfb-mobile-header-display":"","site-post-title":"","ast-breadcrumbs-content":"","ast-featured-img":"","footer-sml-layout":"","theme-transparent-header-meta":"","adv-header-id-meta":"","stick-header-meta":"","header-above-stick-meta":"","header-main-stick-meta":"","header-below-stick-meta":"","astra-migrate-meta-layouts":"default","ast-page-background-enabled":"default","ast-page-background-meta":{"desktop":{"background-color":"var(--ast-global-color-4)","background-image":"","background-repeat":"repeat","background-position":"center center","background-size":"auto","background-attachment":"scroll","background-type":"","background-media":"","overlay-type":"","overlay-color":"","overlay-opacity":"","overlay-gradient":""},"tablet":{"background-color":"","background-image":"","background-repeat":"repeat","background-position":"center center","background-size":"auto","background-attachment":"scroll","background-type":"","background-media":"","overlay-type":"","overlay-color":"","overlay-opacity":"","overlay-gradient":""},"mobile":{"background-color":"","background-image":"","background-repeat":"repeat","background-position":"center center","background-size":"auto","background-attachment":"scroll","background-type":"","background-media":"","overlay-type":"","overlay-color":"","overlay-opacity":"","overlay-gradient":""}},"ast-content-background-meta":{"desktop":{"background-color":"var(--ast-global-color-5)","background-image":"","background-repeat":"repeat","background-position":"center center","background-size":"auto","background-attachment":"scroll","background-type":"","background-media":"","overlay-type":"","overlay-color":"","overlay-opacity":"","overlay-gradient":""},"tablet":{"background-color":"var(--ast-global-color-5)","background-image":"","background-repeat":"repeat","background-position":"center center","background-size":"auto","background-attachment":"scroll","background-type":"","background-media":"","overlay-type":"","overlay-color":"","overlay-opacity":"","overlay-gradient":""},"mobile":{"background-color":"var(--ast-global-color-5)","background-image":"","background-repeat":"repeat","background-position":"center center","background-size":"auto","background-attachment":"scroll","background-type":"","background-media":"","overlay-type":"","overlay-color":"","overlay-opacity":"","overlay-gradient":""}},"footnotes":""},"categories":[78,77,80,81,1,943,76],"tags":[950,948,203,83,947,944],"class_list":["post-8698","post","type-post","status-publish","format-standard","has-post-thumbnail","hentry","category-1r-eso","category-2n-eso","category-3r-eso","category-4t-eso","category-general","category-ods-2030","category-secundaria-2","tag-abp","tag-agenda2030","tag-educantambvalors","tag-infonodes","tag-ods2030","tag-ods"],"post_mailing_queue_ids":[],"_links":{"self":[{"href":"https:\/\/agora.xtec.cat\/escolanouclave\/wp-json\/wp\/v2\/posts\/8698","targetHints":{"allow":["GET"]}}],"collection":[{"href":"https:\/\/agora.xtec.cat\/escolanouclave\/wp-json\/wp\/v2\/posts"}],"about":[{"href":"https:\/\/agora.xtec.cat\/escolanouclave\/wp-json\/wp\/v2\/types\/post"}],"author":[{"embeddable":true,"href":"https:\/\/agora.xtec.cat\/escolanouclave\/wp-json\/wp\/v2\/users\/1"}],"replies":[{"embeddable":true,"href":"https:\/\/agora.xtec.cat\/escolanouclave\/wp-json\/wp\/v2\/comments?post=8698"}],"version-history":[{"count":4,"href":"https:\/\/agora.xtec.cat\/escolanouclave\/wp-json\/wp\/v2\/posts\/8698\/revisions"}],"predecessor-version":[{"id":8760,"href":"https:\/\/agora.xtec.cat\/escolanouclave\/wp-json\/wp\/v2\/posts\/8698\/revisions\/8760"}],"wp:featuredmedia":[{"embeddable":true,"href":"https:\/\/agora.xtec.cat\/escolanouclave\/wp-json\/wp\/v2\/media\/10176"}],"wp:attachment":[{"href":"https:\/\/agora.xtec.cat\/escolanouclave\/wp-json\/wp\/v2\/media?parent=8698"}],"wp:term":[{"taxonomy":"category","embeddable":true,"href":"https:\/\/agora.xtec.cat\/escolanouclave\/wp-json\/wp\/v2\/categories?post=8698"},{"taxonomy":"post_tag","embeddable":true,"href":"https:\/\/agora.xtec.cat\/escolanouclave\/wp-json\/wp\/v2\/tags?post=8698"}],"curies":[{"name":"wp","href":"https:\/\/api.w.org\/{rel}","templated":true}]}}