{"id":8583,"date":"2020-06-19T07:55:58","date_gmt":"2020-06-19T05:55:58","guid":{"rendered":"http:\/\/agora.xtec.cat\/escolanouclave\/?p=8583"},"modified":"2020-06-19T07:55:58","modified_gmt":"2020-06-19T05:55:58","slug":"ha-arribat-el-gran-dia","status":"publish","type":"post","link":"https:\/\/agora.xtec.cat\/escolanouclave\/primaria\/4t\/ha-arribat-el-gran-dia\/","title":{"rendered":"HA ARRIBAT EL GRAN DIA!"},"content":{"rendered":"<p><a href=\"https:\/\/agora.xtec.cat\/escolanouclave\/wp-content\/uploads\/usu1363\/2020\/06\/9e6133ed-5bd8-4d39-89c3-b5db22212d72.jpg\"><img loading=\"lazy\" decoding=\"async\" class=\"wp-image-8469 aligncenter\" src=\"https:\/\/agora.xtec.cat\/escolanouclave\/wp-content\/uploads\/usu1363\/2020\/06\/9e6133ed-5bd8-4d39-89c3-b5db22212d72.jpg\" alt=\"\" width=\"464\" height=\"261\" srcset=\"https:\/\/agora.xtec.cat\/escolanouclave\/wp-content\/uploads\/usu1363\/2020\/06\/9e6133ed-5bd8-4d39-89c3-b5db22212d72.jpg 560w, https:\/\/agora.xtec.cat\/escolanouclave\/wp-content\/uploads\/usu1363\/2020\/06\/9e6133ed-5bd8-4d39-89c3-b5db22212d72-300x169.jpg 300w\" sizes=\"auto, (max-width: 464px) 100vw, 464px\" \/><\/a><\/p>\n<p>Booooon dia bon diaaaa!!!<\/p>\n<p>Com esteu? Com us heu despertat?? Ja ho teniu tot preparat?<\/p>\n<p>Recordeu que avui tenim una cita??<\/p>\n<ul style=\"list-style-type: square\">\n<li>A quina hora? <strong>A les 11:00<\/strong>?<\/li>\n<li>Per on? <strong>Per MEET<\/strong> (rebreu un enlla\u00e7)<\/li>\n<li>Qu\u00e8 hem de portar? Una mica de <strong>menjar<\/strong> i <strong>beguda<\/strong> per celebrar que \u00e9s l&#8217;\u00faltim dia de curs<\/li>\n<li>Com ens hem de vestir? Amb coses de <strong>l&#8217;estiu<\/strong> (gorros, tovalloles, flotadors, ulleres&#8230;)<\/li>\n<li>I la decoraci\u00f3? <strong>Guarniu<\/strong> b\u00e9 la paret d&#8217;on sigueu durant la v\u00eddeo trucada!<\/li>\n<\/ul>\n<p>Us hi espero a totes i tots!!!<\/p>\n<p>Fins despr\u00e9s!!!!<\/p>\n","protected":false},"excerpt":{"rendered":"<p>Booooon dia bon diaaaa!!! Com esteu? Com us heu despertat?? Ja ho teniu tot preparat? Recordeu que avui tenim una cita?? A quina hora? A les 11:00? Per on? Per MEET (rebreu un enlla\u00e7) Qu\u00e8 hem de portar? Una mica de menjar i beguda per celebrar que \u00e9s l&#8217;\u00faltim dia de curs Com ens hem [&hellip;]<\/p>\n","protected":false},"author":22,"featured_media":8469,"comment_status":"open","ping_status":"closed","sticky":false,"template":"","format":"standard","meta":{"_bbp_topic_count":0,"_bbp_reply_count":0,"_bbp_total_topic_count":0,"_bbp_total_reply_count":0,"_bbp_voice_count":0,"_bbp_anonymous_reply_count":0,"_bbp_topic_count_hidden":0,"_bbp_reply_count_hidden":0,"_bbp_forum_subforum_count":0,"site-sidebar-layout":"default","site-content-layout":"","ast-site-content-layout":"","site-content-style":"default","site-sidebar-style":"default","ast-global-header-display":"","ast-banner-title-visibility":"","ast-main-header-display":"","ast-hfb-above-header-display":"","ast-hfb-below-header-display":"","ast-hfb-mobile-header-display":"","site-post-title":"","ast-breadcrumbs-content":"","ast-featured-img":"","footer-sml-layout":"","theme-transparent-header-meta":"","adv-header-id-meta":"","stick-header-meta":"","header-above-stick-meta":"","header-main-stick-meta":"","header-below-stick-meta":"","astra-migrate-meta-layouts":"default","ast-page-background-enabled":"default","ast-page-background-meta":{"desktop":{"background-color":"var(--ast-global-color-4)","background-image":"","background-repeat":"repeat","background-position":"center center","background-size":"auto","background-attachment":"scroll","background-type":"","background-media":"","overlay-type":"","overlay-color":"","overlay-opacity":"","overlay-gradient":""},"tablet":{"background-color":"","background-image":"","background-repeat":"repeat","background-position":"center center","background-size":"auto","background-attachment":"scroll","background-type":"","background-media":"","overlay-type":"","overlay-color":"","overlay-opacity":"","overlay-gradient":""},"mobile":{"background-color":"","background-image":"","background-repeat":"repeat","background-position":"center center","background-size":"auto","background-attachment":"scroll","background-type":"","background-media":"","overlay-type":"","overlay-color":"","overlay-opacity":"","overlay-gradient":""}},"ast-content-background-meta":{"desktop":{"background-color":"var(--ast-global-color-5)","background-image":"","background-repeat":"repeat","background-position":"center center","background-size":"auto","background-attachment":"scroll","background-type":"","background-media":"","overlay-type":"","overlay-color":"","overlay-opacity":"","overlay-gradient":""},"tablet":{"background-color":"var(--ast-global-color-5)","background-image":"","background-repeat":"repeat","background-position":"center center","background-size":"auto","background-attachment":"scroll","background-type":"","background-media":"","overlay-type":"","overlay-color":"","overlay-opacity":"","overlay-gradient":""},"mobile":{"background-color":"var(--ast-global-color-5)","background-image":"","background-repeat":"repeat","background-position":"center center","background-size":"auto","background-attachment":"scroll","background-type":"","background-media":"","overlay-type":"","overlay-color":"","overlay-opacity":"","overlay-gradient":""}},"footnotes":""},"categories":[13],"tags":[381,937,928,941,940],"class_list":["post-8583","post","type-post","status-publish","format-standard","has-post-thumbnail","hentry","category-4t","tag-4t-de-primaria","tag-festa-de-lestiu","tag-festa-fi-de-curs","tag-sorpreses","tag-ultim-dia"],"post_mailing_queue_ids":[],"_links":{"self":[{"href":"https:\/\/agora.xtec.cat\/escolanouclave\/wp-json\/wp\/v2\/posts\/8583","targetHints":{"allow":["GET"]}}],"collection":[{"href":"https:\/\/agora.xtec.cat\/escolanouclave\/wp-json\/wp\/v2\/posts"}],"about":[{"href":"https:\/\/agora.xtec.cat\/escolanouclave\/wp-json\/wp\/v2\/types\/post"}],"author":[{"embeddable":true,"href":"https:\/\/agora.xtec.cat\/escolanouclave\/wp-json\/wp\/v2\/users\/22"}],"replies":[{"embeddable":true,"href":"https:\/\/agora.xtec.cat\/escolanouclave\/wp-json\/wp\/v2\/comments?post=8583"}],"version-history":[{"count":1,"href":"https:\/\/agora.xtec.cat\/escolanouclave\/wp-json\/wp\/v2\/posts\/8583\/revisions"}],"predecessor-version":[{"id":8584,"href":"https:\/\/agora.xtec.cat\/escolanouclave\/wp-json\/wp\/v2\/posts\/8583\/revisions\/8584"}],"wp:featuredmedia":[{"embeddable":true,"href":"https:\/\/agora.xtec.cat\/escolanouclave\/wp-json\/wp\/v2\/media\/8469"}],"wp:attachment":[{"href":"https:\/\/agora.xtec.cat\/escolanouclave\/wp-json\/wp\/v2\/media?parent=8583"}],"wp:term":[{"taxonomy":"category","embeddable":true,"href":"https:\/\/agora.xtec.cat\/escolanouclave\/wp-json\/wp\/v2\/categories?post=8583"},{"taxonomy":"post_tag","embeddable":true,"href":"https:\/\/agora.xtec.cat\/escolanouclave\/wp-json\/wp\/v2\/tags?post=8583"}],"curies":[{"name":"wp","href":"https:\/\/api.w.org\/{rel}","templated":true}]}}