{"id":8564,"date":"2020-06-19T00:06:33","date_gmt":"2020-06-18T22:06:33","guid":{"rendered":"http:\/\/agora.xtec.cat\/escolanouclave\/?p=8564"},"modified":"2020-06-18T19:00:09","modified_gmt":"2020-06-18T17:00:09","slug":"setmana-final-19-06-2020-comiat","status":"publish","type":"post","link":"https:\/\/agora.xtec.cat\/escolanouclave\/infantil\/p3\/setmana-final-19-06-2020-comiat\/","title":{"rendered":"SETMANA FINAL. 19\/06\/2020 Comiat"},"content":{"rendered":"<p>Hola Cargolets i Cargoletes!!! ?\u2764<\/p>\n<p>Avui \u00e9s l&#8217;ultim dia de cole!! Com us hem anat dient durant la setmana, l&#8217;estiu est\u00e0 a punt d&#8217;arribar i amb ell les vacances i els dies de platja, piscina, muntanya&#8230; (Al menys espero que sigui aix\u00ed) I sabeu qu\u00e9?? Us ho heu guanyat!! Perqu\u00e8 durant aquest temps de confinament heu treballat molt i molt!! Voleu saber quant?? Doncs mireu<\/p>\n<p style=\"text-align: center\"><a href=\"https:\/\/agora.xtec.cat\/escolanouclave\/wp-content\/uploads\/usu1363\/2020\/06\/FEINA.jpg\"><img loading=\"lazy\" decoding=\"async\" class=\"alignnone size-full wp-image-8569\" src=\"https:\/\/agora.xtec.cat\/escolanouclave\/wp-content\/uploads\/usu1363\/2020\/06\/FEINA.jpg\" alt=\"\" width=\"576\" height=\"433\" srcset=\"https:\/\/agora.xtec.cat\/escolanouclave\/wp-content\/uploads\/usu1363\/2020\/06\/FEINA.jpg 576w, https:\/\/agora.xtec.cat\/escolanouclave\/wp-content\/uploads\/usu1363\/2020\/06\/FEINA-300x226.jpg 300w, https:\/\/agora.xtec.cat\/escolanouclave\/wp-content\/uploads\/usu1363\/2020\/06\/FEINA-200x150.jpg 200w\" sizes=\"auto, (max-width: 576px) 100vw, 576px\" \/><\/a><\/p>\n<p>Quantes coses hem fet durant aquest temps!! I moltes m\u00e9s que teniu al blog!! Hem treballat n\u00fameros, lletres, conjunts, simetria, els noms de la classe, contes, can\u00e7ons, el projecte d&#8217;Egipte, manualitats, pintura, jocs amb l&#8217;ordinador, angl\u00e8s, m\u00fasica&#8230; Mare meva!! Quanta feina!!!<\/p>\n<p>Per aix\u00f2, us ha arribat el temps de descansar!! A vosaltres, Cargolets i Cargoletes i tamb\u00e9 als papes, mames, avis i \u00e0vies que realment, us hem donat molta feina aquests tres mesos!! Heu fet un treball excel\u00b7lent!! Amb la vostra dedicaci\u00f3, heu aconseguit fer arribar la nostra feina als vostres fills i filles i fer que aquesta situaci\u00f3 totalment an\u00f2mala fos el m\u00e9s productiva possible. De fet, he vist que molts nens han acabat escrivint el seu nom, lletres, nombres&#8230; Aix\u00f2 \u00e9s fant\u00e0stic!! Ja tenim molta feina feta pel curs que ve i si pel que sigui no heu pogut seguir les activitats, no patiu, perqu\u00e8 el curs vinent el comen\u00e7arem amb un repasset de tot el que ens quedi pendent.<\/p>\n<p>Nois i noies!!! Us he trobat molt a faltar aquests mesos. El fet de perdre&#8217;m l&#8217;abra\u00e7ada matinal, els vostres petons enormes, les vostres rises&#8230; ???Aix\u00f2 no m&#8217;ha agradat!! M&#8217;encanta tenir-vos a prop i riure junts i enfadar-nos plegats i gaudir-vos en directe, no a trav\u00e9s d&#8217;una pantalla. Per\u00f2 ara tot aix\u00f2 ja ha passat i al setembre tornarem amb les mateixes ganes de sempre, preparad\u00edssims per comen\u00e7ar un nou curs. Wualaaaaaa!! P4!! Sereu Dofins!!! Qu\u00e9 grans us heu fet!!<\/p>\n<p>Bueno, no m&#8217;enrotllo m\u00e9s, que quan em donen corda&#8230; Disfruteu molt de l&#8217;estiu i feu moltes coses que a la tornada me les heu d&#8217;explicar totes!! Ah, que em descuidava!! Les mestres d&#8217;Infantil us hem deixat el v\u00eddeo seg\u00fcent per acomiadar-nos de tots.<\/p>\n<div class=\"ast-oembed-container \" style=\"height: 100%;\"><iframe loading=\"lazy\" title=\"BON ESTIU!!\" width=\"500\" height=\"281\" src=\"https:\/\/www.youtube.com\/embed\/gSBJtq1g37w?feature=oembed\" frameborder=\"0\" allow=\"accelerometer; autoplay; clipboard-write; encrypted-media; gyroscope; picture-in-picture; web-share\" referrerpolicy=\"strict-origin-when-cross-origin\" allowfullscreen><\/iframe><\/div>\n<p>Us aloviu infinit!!! Petons enormes i abra\u00e7ades gegants!! Us espero a la festa!!!!<\/p>\n<p><a href=\"https:\/\/lh3.googleusercontent.com\/-Jg40qgShTN8\/WvxV7v4sCaI\/AAAAAAAFDYQ\/X9fDaXqKqrgyBs6xmmY3eEnG8QTg_S_tgCHMYCw\/s640\/tumblr_ojanvf8aIF1vx2wv4o5_400.gif\" target=\"_blank\" rel=\"noopener noreferrer\">LOVE<\/a><\/p>\n","protected":false},"excerpt":{"rendered":"<p>Hola Cargolets i Cargoletes!!! ?\u2764 Avui \u00e9s l&#8217;ultim dia de cole!! Com us hem anat dient durant la setmana, l&#8217;estiu est\u00e0 a punt d&#8217;arribar i amb ell les vacances i els dies de platja, piscina, muntanya&#8230; (Al menys espero que sigui aix\u00ed) I sabeu qu\u00e9?? Us ho heu guanyat!! Perqu\u00e8 durant aquest temps de confinament [&hellip;]<\/p>\n","protected":false},"author":11,"featured_media":8571,"comment_status":"open","ping_status":"closed","sticky":false,"template":"","format":"standard","meta":{"_bbp_topic_count":0,"_bbp_reply_count":0,"_bbp_total_topic_count":0,"_bbp_total_reply_count":0,"_bbp_voice_count":0,"_bbp_anonymous_reply_count":0,"_bbp_topic_count_hidden":0,"_bbp_reply_count_hidden":0,"_bbp_forum_subforum_count":0,"site-sidebar-layout":"default","site-content-layout":"","ast-site-content-layout":"","site-content-style":"default","site-sidebar-style":"default","ast-global-header-display":"","ast-banner-title-visibility":"","ast-main-header-display":"","ast-hfb-above-header-display":"","ast-hfb-below-header-display":"","ast-hfb-mobile-header-display":"","site-post-title":"","ast-breadcrumbs-content":"","ast-featured-img":"","footer-sml-layout":"","theme-transparent-header-meta":"","adv-header-id-meta":"","stick-header-meta":"","header-above-stick-meta":"","header-main-stick-meta":"","header-below-stick-meta":"","astra-migrate-meta-layouts":"default","ast-page-background-enabled":"default","ast-page-background-meta":{"desktop":{"background-color":"var(--ast-global-color-4)","background-image":"","background-repeat":"repeat","background-position":"center center","background-size":"auto","background-attachment":"scroll","background-type":"","background-media":"","overlay-type":"","overlay-color":"","overlay-opacity":"","overlay-gradient":""},"tablet":{"background-color":"","background-image":"","background-repeat":"repeat","background-position":"center center","background-size":"auto","background-attachment":"scroll","background-type":"","background-media":"","overlay-type":"","overlay-color":"","overlay-opacity":"","overlay-gradient":""},"mobile":{"background-color":"","background-image":"","background-repeat":"repeat","background-position":"center center","background-size":"auto","background-attachment":"scroll","background-type":"","background-media":"","overlay-type":"","overlay-color":"","overlay-opacity":"","overlay-gradient":""}},"ast-content-background-meta":{"desktop":{"background-color":"var(--ast-global-color-5)","background-image":"","background-repeat":"repeat","background-position":"center center","background-size":"auto","background-attachment":"scroll","background-type":"","background-media":"","overlay-type":"","overlay-color":"","overlay-opacity":"","overlay-gradient":""},"tablet":{"background-color":"var(--ast-global-color-5)","background-image":"","background-repeat":"repeat","background-position":"center center","background-size":"auto","background-attachment":"scroll","background-type":"","background-media":"","overlay-type":"","overlay-color":"","overlay-opacity":"","overlay-gradient":""},"mobile":{"background-color":"var(--ast-global-color-5)","background-image":"","background-repeat":"repeat","background-position":"center center","background-size":"auto","background-attachment":"scroll","background-type":"","background-media":"","overlay-type":"","overlay-color":"","overlay-opacity":"","overlay-gradient":""}},"footnotes":""},"categories":[3],"tags":[932,935,934,246,178],"class_list":["post-8564","post","type-post","status-publish","format-standard","has-post-thumbnail","hentry","category-p3","tag-comiat","tag-felicitacio","tag-final-curs","tag-jo-em-quedo-a-casa","tag-p3"],"post_mailing_queue_ids":[],"_links":{"self":[{"href":"https:\/\/agora.xtec.cat\/escolanouclave\/wp-json\/wp\/v2\/posts\/8564","targetHints":{"allow":["GET"]}}],"collection":[{"href":"https:\/\/agora.xtec.cat\/escolanouclave\/wp-json\/wp\/v2\/posts"}],"about":[{"href":"https:\/\/agora.xtec.cat\/escolanouclave\/wp-json\/wp\/v2\/types\/post"}],"author":[{"embeddable":true,"href":"https:\/\/agora.xtec.cat\/escolanouclave\/wp-json\/wp\/v2\/users\/11"}],"replies":[{"embeddable":true,"href":"https:\/\/agora.xtec.cat\/escolanouclave\/wp-json\/wp\/v2\/comments?post=8564"}],"version-history":[{"count":2,"href":"https:\/\/agora.xtec.cat\/escolanouclave\/wp-json\/wp\/v2\/posts\/8564\/revisions"}],"predecessor-version":[{"id":8572,"href":"https:\/\/agora.xtec.cat\/escolanouclave\/wp-json\/wp\/v2\/posts\/8564\/revisions\/8572"}],"wp:featuredmedia":[{"embeddable":true,"href":"https:\/\/agora.xtec.cat\/escolanouclave\/wp-json\/wp\/v2\/media\/8571"}],"wp:attachment":[{"href":"https:\/\/agora.xtec.cat\/escolanouclave\/wp-json\/wp\/v2\/media?parent=8564"}],"wp:term":[{"taxonomy":"category","embeddable":true,"href":"https:\/\/agora.xtec.cat\/escolanouclave\/wp-json\/wp\/v2\/categories?post=8564"},{"taxonomy":"post_tag","embeddable":true,"href":"https:\/\/agora.xtec.cat\/escolanouclave\/wp-json\/wp\/v2\/tags?post=8564"}],"curies":[{"name":"wp","href":"https:\/\/api.w.org\/{rel}","templated":true}]}}