{"id":8525,"date":"2020-06-16T08:50:26","date_gmt":"2020-06-16T06:50:26","guid":{"rendered":"http:\/\/agora.xtec.cat\/escolanouclave\/?p=8525"},"modified":"2020-06-16T08:50:26","modified_gmt":"2020-06-16T06:50:26","slug":"ultima-setmana-activitat-4-16-juny-2020-repte-dels-gots","status":"publish","type":"post","link":"https:\/\/agora.xtec.cat\/escolanouclave\/primaria\/3r\/ultima-setmana-activitat-4-16-juny-2020-repte-dels-gots\/","title":{"rendered":"\u00daLTIMA SETMANA (Activitat 4) \/16-Juny-2020\/: Repte dels gots"},"content":{"rendered":"<p><a href=\"https:\/\/agora.xtec.cat\/escolanouclave\/wp-content\/uploads\/usu1363\/2020\/06\/9e6133ed-5bd8-4d39-89c3-b5db22212d72.jpg\"><img loading=\"lazy\" decoding=\"async\" class=\"wp-image-8469 aligncenter\" src=\"https:\/\/agora.xtec.cat\/escolanouclave\/wp-content\/uploads\/usu1363\/2020\/06\/9e6133ed-5bd8-4d39-89c3-b5db22212d72.jpg\" alt=\"\" width=\"441\" height=\"248\" srcset=\"https:\/\/agora.xtec.cat\/escolanouclave\/wp-content\/uploads\/usu1363\/2020\/06\/9e6133ed-5bd8-4d39-89c3-b5db22212d72.jpg 560w, https:\/\/agora.xtec.cat\/escolanouclave\/wp-content\/uploads\/usu1363\/2020\/06\/9e6133ed-5bd8-4d39-89c3-b5db22212d72-300x169.jpg 300w\" sizes=\"auto, (max-width: 441px) 100vw, 441px\" \/><\/a><\/p>\n<p>Bon dia, bon dia!!<\/p>\n<p>Ara que ja teniu tota la informaci\u00f3 per la festa de divendres&#8230; qu\u00e8 us sembla si fem un #challenge?<\/p>\n<p>Us proposem que mireu aquest <strong><a href=\"https:\/\/www.youtube.com\/watch?v=0ZAz-XfoMrI&amp;list=UUPx9bFBgR1IbLkqY77Mh9_g&amp;index=1\">V\u00cdDEO<\/a> <\/strong>i intenteu superar les 3 parts del repte:<\/p>\n<ul>\n<li>Picar el ritme<\/li>\n<li>Picar el ritme amb la can\u00e7\u00f3 de fons<\/li>\n<li>Picar el ritme amb la can\u00e7\u00f3 de fons i cantar-la!<\/li>\n<\/ul>\n<p>Aqu\u00ed trobareu la <strong><a href=\"https:\/\/www.youtube.com\/watch?v=UWhCejqb02w\">CAN\u00c7\u00d3<\/a> <\/strong>original, perqu\u00e8 pogueu practicar quan ja sapigueu la coreo de mans.<\/p>\n<p><strong><em>* Recordeu, podeu penjar els vostres v\u00eddeos al drive, aix\u00ed veurem lo b\u00e9 que ho heu fet\u00a0<\/em><\/strong><\/p>\n<p>Feli\u00e7 dimarts i bona feina,<\/p>\n<p>Rut i Anna.<\/p>\n","protected":false},"excerpt":{"rendered":"<p>Bon dia, bon dia!! Ara que ja teniu tota la informaci\u00f3 per la festa de divendres&#8230; qu\u00e8 us sembla si fem un #challenge? Us proposem que mireu aquest V\u00cdDEO i intenteu superar les 3 parts del repte: Picar el ritme Picar el ritme amb la can\u00e7\u00f3 de fons Picar el ritme amb la can\u00e7\u00f3 de [&hellip;]<\/p>\n","protected":false},"author":22,"featured_media":8469,"comment_status":"open","ping_status":"closed","sticky":false,"template":"","format":"standard","meta":{"_bbp_topic_count":0,"_bbp_reply_count":0,"_bbp_total_topic_count":0,"_bbp_total_reply_count":0,"_bbp_voice_count":0,"_bbp_anonymous_reply_count":0,"_bbp_topic_count_hidden":0,"_bbp_reply_count_hidden":0,"_bbp_forum_subforum_count":0,"site-sidebar-layout":"default","site-content-layout":"","ast-site-content-layout":"","site-content-style":"default","site-sidebar-style":"default","ast-global-header-display":"","ast-banner-title-visibility":"","ast-main-header-display":"","ast-hfb-above-header-display":"","ast-hfb-below-header-display":"","ast-hfb-mobile-header-display":"","site-post-title":"","ast-breadcrumbs-content":"","ast-featured-img":"","footer-sml-layout":"","theme-transparent-header-meta":"","adv-header-id-meta":"","stick-header-meta":"","header-above-stick-meta":"","header-main-stick-meta":"","header-below-stick-meta":"","astra-migrate-meta-layouts":"default","ast-page-background-enabled":"default","ast-page-background-meta":{"desktop":{"background-color":"var(--ast-global-color-4)","background-image":"","background-repeat":"repeat","background-position":"center center","background-size":"auto","background-attachment":"scroll","background-type":"","background-media":"","overlay-type":"","overlay-color":"","overlay-opacity":"","overlay-gradient":""},"tablet":{"background-color":"","background-image":"","background-repeat":"repeat","background-position":"center center","background-size":"auto","background-attachment":"scroll","background-type":"","background-media":"","overlay-type":"","overlay-color":"","overlay-opacity":"","overlay-gradient":""},"mobile":{"background-color":"","background-image":"","background-repeat":"repeat","background-position":"center center","background-size":"auto","background-attachment":"scroll","background-type":"","background-media":"","overlay-type":"","overlay-color":"","overlay-opacity":"","overlay-gradient":""}},"ast-content-background-meta":{"desktop":{"background-color":"var(--ast-global-color-5)","background-image":"","background-repeat":"repeat","background-position":"center center","background-size":"auto","background-attachment":"scroll","background-type":"","background-media":"","overlay-type":"","overlay-color":"","overlay-opacity":"","overlay-gradient":""},"tablet":{"background-color":"var(--ast-global-color-5)","background-image":"","background-repeat":"repeat","background-position":"center center","background-size":"auto","background-attachment":"scroll","background-type":"","background-media":"","overlay-type":"","overlay-color":"","overlay-opacity":"","overlay-gradient":""},"mobile":{"background-color":"var(--ast-global-color-5)","background-image":"","background-repeat":"repeat","background-position":"center center","background-size":"auto","background-attachment":"scroll","background-type":"","background-media":"","overlay-type":"","overlay-color":"","overlay-opacity":"","overlay-gradient":""}},"footnotes":""},"categories":[12,13],"tags":[272,457,930],"class_list":["post-8525","post","type-post","status-publish","format-standard","has-post-thumbnail","hentry","category-3r","category-4t","tag-musica","tag-reptes","tag-ultima-setmana"],"post_mailing_queue_ids":[],"_links":{"self":[{"href":"https:\/\/agora.xtec.cat\/escolanouclave\/wp-json\/wp\/v2\/posts\/8525","targetHints":{"allow":["GET"]}}],"collection":[{"href":"https:\/\/agora.xtec.cat\/escolanouclave\/wp-json\/wp\/v2\/posts"}],"about":[{"href":"https:\/\/agora.xtec.cat\/escolanouclave\/wp-json\/wp\/v2\/types\/post"}],"author":[{"embeddable":true,"href":"https:\/\/agora.xtec.cat\/escolanouclave\/wp-json\/wp\/v2\/users\/22"}],"replies":[{"embeddable":true,"href":"https:\/\/agora.xtec.cat\/escolanouclave\/wp-json\/wp\/v2\/comments?post=8525"}],"version-history":[{"count":1,"href":"https:\/\/agora.xtec.cat\/escolanouclave\/wp-json\/wp\/v2\/posts\/8525\/revisions"}],"predecessor-version":[{"id":8526,"href":"https:\/\/agora.xtec.cat\/escolanouclave\/wp-json\/wp\/v2\/posts\/8525\/revisions\/8526"}],"wp:featuredmedia":[{"embeddable":true,"href":"https:\/\/agora.xtec.cat\/escolanouclave\/wp-json\/wp\/v2\/media\/8469"}],"wp:attachment":[{"href":"https:\/\/agora.xtec.cat\/escolanouclave\/wp-json\/wp\/v2\/media?parent=8525"}],"wp:term":[{"taxonomy":"category","embeddable":true,"href":"https:\/\/agora.xtec.cat\/escolanouclave\/wp-json\/wp\/v2\/categories?post=8525"},{"taxonomy":"post_tag","embeddable":true,"href":"https:\/\/agora.xtec.cat\/escolanouclave\/wp-json\/wp\/v2\/tags?post=8525"}],"curies":[{"name":"wp","href":"https:\/\/api.w.org\/{rel}","templated":true}]}}