{"id":8460,"date":"2020-06-15T00:01:38","date_gmt":"2020-06-14T22:01:38","guid":{"rendered":"http:\/\/agora.xtec.cat\/escolanouclave\/?p=8460"},"modified":"2020-06-14T22:46:06","modified_gmt":"2020-06-14T20:46:06","slug":"ultima-setmana-activitat-2-15-juny-2020-les-nostres-cancons","status":"publish","type":"post","link":"https:\/\/agora.xtec.cat\/escolanouclave\/primaria\/3r\/ultima-setmana-activitat-2-15-juny-2020-les-nostres-cancons\/","title":{"rendered":"\u00daLTIMA SETMANA (Activitat 2) \/ 15-juny-2020 \/ LES NOSTRES CAN\u00c7ONS"},"content":{"rendered":"<p><a href=\"https:\/\/agora.xtec.cat\/escolanouclave\/wp-content\/uploads\/usu1363\/2020\/06\/Dise\u00f1o-sin-t\u00edtulo-10.png\"><img loading=\"lazy\" decoding=\"async\" class=\" wp-image-8461 aligncenter\" src=\"https:\/\/agora.xtec.cat\/escolanouclave\/wp-content\/uploads\/usu1363\/2020\/06\/Dise\u00f1o-sin-t\u00edtulo-10.png\" alt=\"\" width=\"389\" height=\"219\" srcset=\"https:\/\/agora.xtec.cat\/escolanouclave\/wp-content\/uploads\/usu1363\/2020\/06\/Dise\u00f1o-sin-t\u00edtulo-10.png 560w, https:\/\/agora.xtec.cat\/escolanouclave\/wp-content\/uploads\/usu1363\/2020\/06\/Dise\u00f1o-sin-t\u00edtulo-10-300x169.png 300w\" sizes=\"auto, (max-width: 389px) 100vw, 389px\" \/><\/a><\/p>\n<p>Bon dia nois i noies!!!!<\/p>\n<p>Uaaaau, que r\u00e0pid ha passat aquest curs, oi?<\/p>\n<p>Ja heu aconseguit obrir tots els candaus?? Teniu tota la informaci\u00f3 sobre la festa de fi de curs?<\/p>\n<p>Doncs ara us proposem una altra activitat:<\/p>\n<p>Penseu en les vostres can\u00e7ons preferides (d&#8217;aquelles que no diuen paraulotes, oi?) i les escriviu en un paper, com en aquest <a href=\"https:\/\/agora.xtec.cat\/escolanouclave\/wp-content\/uploads\/usu1363\/2020\/06\/Llistat-de-can\u00e7ons-Anna.pdf\"><strong>EXEMPLE<\/strong> <\/a>. Tamb\u00e9 us deixem la <a href=\"https:\/\/agora.xtec.cat\/escolanouclave\/wp-content\/uploads\/usu1363\/2020\/06\/Plantilla-llistat-can\u00e7ons-1-1.pdf\"><strong>PLANTILLA<\/strong> <\/a>per si ho voleu fer aqu\u00ed mateix, per\u00f2 ja sabeu que si no podeu imprimir o ho voleu fer diferent, ho podeu fer com m\u00e9s us agradi!<\/p>\n<p>Sobretot, sobretot! El t\u00edtol de la can\u00e7\u00f3 l&#8217;escriurem entre cometes ( &#8221; &#8221; ) i, a sota o al costat, escriurem el nom del grup o l&#8217;artista que la canta.<\/p>\n<p><em><strong>* Recordeu penjar aquesta activitat al drive, ja que us volem preparar una sorpresa!<\/strong><\/em><\/p>\n<p>Som-hi!!!<\/p>\n<p>Feli\u00e7 dilluns i bona feina \ud83d\ude42<\/p>\n","protected":false},"excerpt":{"rendered":"<p>Bon dia nois i noies!!!! Uaaaau, que r\u00e0pid ha passat aquest curs, oi? Ja heu aconseguit obrir tots els candaus?? Teniu tota la informaci\u00f3 sobre la festa de fi de curs? Doncs ara us proposem una altra activitat: Penseu en les vostres can\u00e7ons preferides (d&#8217;aquelles que no diuen paraulotes, oi?) i les escriviu en un [&hellip;]<\/p>\n","protected":false},"author":22,"featured_media":8461,"comment_status":"open","ping_status":"closed","sticky":false,"template":"","format":"standard","meta":{"_bbp_topic_count":0,"_bbp_reply_count":0,"_bbp_total_topic_count":0,"_bbp_total_reply_count":0,"_bbp_voice_count":0,"_bbp_anonymous_reply_count":0,"_bbp_topic_count_hidden":0,"_bbp_reply_count_hidden":0,"_bbp_forum_subforum_count":0,"site-sidebar-layout":"default","site-content-layout":"","ast-site-content-layout":"","site-content-style":"default","site-sidebar-style":"default","ast-global-header-display":"","ast-banner-title-visibility":"","ast-main-header-display":"","ast-hfb-above-header-display":"","ast-hfb-below-header-display":"","ast-hfb-mobile-header-display":"","site-post-title":"","ast-breadcrumbs-content":"","ast-featured-img":"","footer-sml-layout":"","theme-transparent-header-meta":"","adv-header-id-meta":"","stick-header-meta":"","header-above-stick-meta":"","header-main-stick-meta":"","header-below-stick-meta":"","astra-migrate-meta-layouts":"default","ast-page-background-enabled":"default","ast-page-background-meta":{"desktop":{"background-color":"var(--ast-global-color-4)","background-image":"","background-repeat":"repeat","background-position":"center center","background-size":"auto","background-attachment":"scroll","background-type":"","background-media":"","overlay-type":"","overlay-color":"","overlay-opacity":"","overlay-gradient":""},"tablet":{"background-color":"","background-image":"","background-repeat":"repeat","background-position":"center center","background-size":"auto","background-attachment":"scroll","background-type":"","background-media":"","overlay-type":"","overlay-color":"","overlay-opacity":"","overlay-gradient":""},"mobile":{"background-color":"","background-image":"","background-repeat":"repeat","background-position":"center center","background-size":"auto","background-attachment":"scroll","background-type":"","background-media":"","overlay-type":"","overlay-color":"","overlay-opacity":"","overlay-gradient":""}},"ast-content-background-meta":{"desktop":{"background-color":"var(--ast-global-color-5)","background-image":"","background-repeat":"repeat","background-position":"center center","background-size":"auto","background-attachment":"scroll","background-type":"","background-media":"","overlay-type":"","overlay-color":"","overlay-opacity":"","overlay-gradient":""},"tablet":{"background-color":"var(--ast-global-color-5)","background-image":"","background-repeat":"repeat","background-position":"center center","background-size":"auto","background-attachment":"scroll","background-type":"","background-media":"","overlay-type":"","overlay-color":"","overlay-opacity":"","overlay-gradient":""},"mobile":{"background-color":"var(--ast-global-color-5)","background-image":"","background-repeat":"repeat","background-position":"center center","background-size":"auto","background-attachment":"scroll","background-type":"","background-media":"","overlay-type":"","overlay-color":"","overlay-opacity":"","overlay-gradient":""}},"footnotes":""},"categories":[12,13],"tags":[728,927,928,926],"class_list":["post-8460","post","type-post","status-publish","format-standard","has-post-thumbnail","hentry","category-3r","category-4t","tag-cicle-mitja","tag-estiu","tag-festa-fi-de-curs","tag-welcome-summer"],"post_mailing_queue_ids":[],"_links":{"self":[{"href":"https:\/\/agora.xtec.cat\/escolanouclave\/wp-json\/wp\/v2\/posts\/8460","targetHints":{"allow":["GET"]}}],"collection":[{"href":"https:\/\/agora.xtec.cat\/escolanouclave\/wp-json\/wp\/v2\/posts"}],"about":[{"href":"https:\/\/agora.xtec.cat\/escolanouclave\/wp-json\/wp\/v2\/types\/post"}],"author":[{"embeddable":true,"href":"https:\/\/agora.xtec.cat\/escolanouclave\/wp-json\/wp\/v2\/users\/22"}],"replies":[{"embeddable":true,"href":"https:\/\/agora.xtec.cat\/escolanouclave\/wp-json\/wp\/v2\/comments?post=8460"}],"version-history":[{"count":3,"href":"https:\/\/agora.xtec.cat\/escolanouclave\/wp-json\/wp\/v2\/posts\/8460\/revisions"}],"predecessor-version":[{"id":8468,"href":"https:\/\/agora.xtec.cat\/escolanouclave\/wp-json\/wp\/v2\/posts\/8460\/revisions\/8468"}],"wp:featuredmedia":[{"embeddable":true,"href":"https:\/\/agora.xtec.cat\/escolanouclave\/wp-json\/wp\/v2\/media\/8461"}],"wp:attachment":[{"href":"https:\/\/agora.xtec.cat\/escolanouclave\/wp-json\/wp\/v2\/media?parent=8460"}],"wp:term":[{"taxonomy":"category","embeddable":true,"href":"https:\/\/agora.xtec.cat\/escolanouclave\/wp-json\/wp\/v2\/categories?post=8460"},{"taxonomy":"post_tag","embeddable":true,"href":"https:\/\/agora.xtec.cat\/escolanouclave\/wp-json\/wp\/v2\/tags?post=8460"}],"curies":[{"name":"wp","href":"https:\/\/api.w.org\/{rel}","templated":true}]}}