{"id":8297,"date":"2020-06-11T09:37:48","date_gmt":"2020-06-11T07:37:48","guid":{"rendered":"http:\/\/agora.xtec.cat\/escolanouclave\/?p=8297"},"modified":"2020-06-11T09:37:48","modified_gmt":"2020-06-11T07:37:48","slug":"activitat-4-mini-projecte-11-juny-2020-manualitat-reciclada","status":"publish","type":"post","link":"https:\/\/agora.xtec.cat\/escolanouclave\/primaria\/4t\/activitat-4-mini-projecte-11-juny-2020-manualitat-reciclada\/","title":{"rendered":"ACTIVITAT 4 (MINI-PROJECTE) \/ 11-juny-2020 \/ Manualitat reciclada"},"content":{"rendered":"<p><a href=\"https:\/\/agora.xtec.cat\/escolanouclave\/wp-content\/uploads\/usu1363\/2020\/06\/MINI-.png\"><img loading=\"lazy\" decoding=\"async\" class=\" wp-image-8053 aligncenter\" src=\"https:\/\/agora.xtec.cat\/escolanouclave\/wp-content\/uploads\/usu1363\/2020\/06\/MINI-.png\" alt=\"\" width=\"430\" height=\"242\" srcset=\"https:\/\/agora.xtec.cat\/escolanouclave\/wp-content\/uploads\/usu1363\/2020\/06\/MINI-.png 560w, https:\/\/agora.xtec.cat\/escolanouclave\/wp-content\/uploads\/usu1363\/2020\/06\/MINI--300x169.png 300w\" sizes=\"auto, (max-width: 430px) 100vw, 430px\" \/><\/a><\/p>\n<p>Booon dia noies i nois!<\/p>\n<p>Oi que heu estat guardant els pl\u00e0stics del repte que us vaig demanar? Doncs avui, tot i que encara no els podem llen\u00e7ar ja que el repte \u00e9s saber quant de pl\u00e0stic hem acumulat fins diumenge, en podem agafar uns quants per fer l&#8217;activitat que us proposo.<\/p>\n<p>Resulta que ja que sou uns i unes artistes i hem apr\u00e8s que el pl\u00e0stic contamina i, per tant, n&#8217;hem d&#8217;utilitzar menys i aprofitar els que fem servir per reutilitzar-los, qu\u00e8 us sembla si feu una manualitat amb alguns d&#8217;aquests pl\u00e0stics reciclats. Per si no trobeu inspiraci\u00f3, aqu\u00ed us deixo uns <a href=\"https:\/\/agora.xtec.cat\/escolanouclave\/wp-content\/uploads\/usu1363\/2020\/06\/MANUALITAT-AMB-PL\u00c0STIC-RECICLAT.pdf\"><strong>EXEMPLES<\/strong> <\/a>que he trobat per internet, per\u00f2 ja sabeu que heu de ser creatius\/ives i no podeu copiar!! I&#8230; guardeu b\u00e9 el cartell amb el rodol\u00ed que vau fer ahir i aquesta manualitat, ja que dem\u00e0 els necessitarem!<\/p>\n<p><em><strong>* Recordeu penjar l&#8217;activitat al drive<\/strong><\/em><\/p>\n<p>Som-hi, guap@s!<\/p>\n<p>Feli\u00e7 dijous i bona feina \ud83d\ude42<\/p>\n","protected":false},"excerpt":{"rendered":"<p>Booon dia noies i nois! Oi que heu estat guardant els pl\u00e0stics del repte que us vaig demanar? Doncs avui, tot i que encara no els podem llen\u00e7ar ja que el repte \u00e9s saber quant de pl\u00e0stic hem acumulat fins diumenge, en podem agafar uns quants per fer l&#8217;activitat que us proposo. Resulta que ja [&hellip;]<\/p>\n","protected":false},"author":22,"featured_media":8053,"comment_status":"open","ping_status":"closed","sticky":false,"template":"","format":"standard","meta":{"_bbp_topic_count":0,"_bbp_reply_count":0,"_bbp_total_topic_count":0,"_bbp_total_reply_count":0,"_bbp_voice_count":0,"_bbp_anonymous_reply_count":0,"_bbp_topic_count_hidden":0,"_bbp_reply_count_hidden":0,"_bbp_forum_subforum_count":0,"site-sidebar-layout":"default","site-content-layout":"","ast-site-content-layout":"","site-content-style":"default","site-sidebar-style":"default","ast-global-header-display":"","ast-banner-title-visibility":"","ast-main-header-display":"","ast-hfb-above-header-display":"","ast-hfb-below-header-display":"","ast-hfb-mobile-header-display":"","site-post-title":"","ast-breadcrumbs-content":"","ast-featured-img":"","footer-sml-layout":"","theme-transparent-header-meta":"","adv-header-id-meta":"","stick-header-meta":"","header-above-stick-meta":"","header-main-stick-meta":"","header-below-stick-meta":"","astra-migrate-meta-layouts":"default","ast-page-background-enabled":"default","ast-page-background-meta":{"desktop":{"background-color":"var(--ast-global-color-4)","background-image":"","background-repeat":"repeat","background-position":"center center","background-size":"auto","background-attachment":"scroll","background-type":"","background-media":"","overlay-type":"","overlay-color":"","overlay-opacity":"","overlay-gradient":""},"tablet":{"background-color":"","background-image":"","background-repeat":"repeat","background-position":"center center","background-size":"auto","background-attachment":"scroll","background-type":"","background-media":"","overlay-type":"","overlay-color":"","overlay-opacity":"","overlay-gradient":""},"mobile":{"background-color":"","background-image":"","background-repeat":"repeat","background-position":"center center","background-size":"auto","background-attachment":"scroll","background-type":"","background-media":"","overlay-type":"","overlay-color":"","overlay-opacity":"","overlay-gradient":""}},"ast-content-background-meta":{"desktop":{"background-color":"var(--ast-global-color-5)","background-image":"","background-repeat":"repeat","background-position":"center center","background-size":"auto","background-attachment":"scroll","background-type":"","background-media":"","overlay-type":"","overlay-color":"","overlay-opacity":"","overlay-gradient":""},"tablet":{"background-color":"var(--ast-global-color-5)","background-image":"","background-repeat":"repeat","background-position":"center center","background-size":"auto","background-attachment":"scroll","background-type":"","background-media":"","overlay-type":"","overlay-color":"","overlay-opacity":"","overlay-gradient":""},"mobile":{"background-color":"var(--ast-global-color-5)","background-image":"","background-repeat":"repeat","background-position":"center center","background-size":"auto","background-attachment":"scroll","background-type":"","background-media":"","overlay-type":"","overlay-color":"","overlay-opacity":"","overlay-gradient":""}},"footnotes":""},"categories":[13],"tags":[908,885,892],"class_list":["post-8297","post","type-post","status-publish","format-standard","has-post-thumbnail","hentry","category-4t","tag-manualitat-reciclada","tag-mini-projecte","tag-plastic-i-contaminacio"],"post_mailing_queue_ids":[],"_links":{"self":[{"href":"https:\/\/agora.xtec.cat\/escolanouclave\/wp-json\/wp\/v2\/posts\/8297","targetHints":{"allow":["GET"]}}],"collection":[{"href":"https:\/\/agora.xtec.cat\/escolanouclave\/wp-json\/wp\/v2\/posts"}],"about":[{"href":"https:\/\/agora.xtec.cat\/escolanouclave\/wp-json\/wp\/v2\/types\/post"}],"author":[{"embeddable":true,"href":"https:\/\/agora.xtec.cat\/escolanouclave\/wp-json\/wp\/v2\/users\/22"}],"replies":[{"embeddable":true,"href":"https:\/\/agora.xtec.cat\/escolanouclave\/wp-json\/wp\/v2\/comments?post=8297"}],"version-history":[{"count":1,"href":"https:\/\/agora.xtec.cat\/escolanouclave\/wp-json\/wp\/v2\/posts\/8297\/revisions"}],"predecessor-version":[{"id":8299,"href":"https:\/\/agora.xtec.cat\/escolanouclave\/wp-json\/wp\/v2\/posts\/8297\/revisions\/8299"}],"wp:featuredmedia":[{"embeddable":true,"href":"https:\/\/agora.xtec.cat\/escolanouclave\/wp-json\/wp\/v2\/media\/8053"}],"wp:attachment":[{"href":"https:\/\/agora.xtec.cat\/escolanouclave\/wp-json\/wp\/v2\/media?parent=8297"}],"wp:term":[{"taxonomy":"category","embeddable":true,"href":"https:\/\/agora.xtec.cat\/escolanouclave\/wp-json\/wp\/v2\/categories?post=8297"},{"taxonomy":"post_tag","embeddable":true,"href":"https:\/\/agora.xtec.cat\/escolanouclave\/wp-json\/wp\/v2\/tags?post=8297"}],"curies":[{"name":"wp","href":"https:\/\/api.w.org\/{rel}","templated":true}]}}