{"id":8065,"date":"2020-06-08T08:44:49","date_gmt":"2020-06-08T06:44:49","guid":{"rendered":"http:\/\/agora.xtec.cat\/escolanouclave\/?p=8065"},"modified":"2020-06-08T08:44:49","modified_gmt":"2020-06-08T06:44:49","slug":"actividad-19-lengua-castellana-8-juny-2020-lemon","status":"publish","type":"post","link":"https:\/\/agora.xtec.cat\/escolanouclave\/primaria\/3r\/actividad-19-lengua-castellana-8-juny-2020-lemon\/","title":{"rendered":"ACTIVIDAD 19 (Lengua castellana) \/ 8-juny-2020 \/ &#8220;Lemon&#8221;"},"content":{"rendered":"<p><a href=\"https:\/\/agora.xtec.cat\/escolanouclave\/wp-content\/uploads\/usu1363\/2020\/04\/Lengua-castellana-14.png\"><img loading=\"lazy\" decoding=\"async\" class=\"wp-image-3603 aligncenter\" src=\"https:\/\/agora.xtec.cat\/escolanouclave\/wp-content\/uploads\/usu1363\/2020\/04\/Lengua-castellana-14.png\" alt=\"\" width=\"550\" height=\"209\" srcset=\"https:\/\/agora.xtec.cat\/escolanouclave\/wp-content\/uploads\/usu1363\/2020\/04\/Lengua-castellana-14.png 820w, https:\/\/agora.xtec.cat\/escolanouclave\/wp-content\/uploads\/usu1363\/2020\/04\/Lengua-castellana-14-300x114.png 300w, https:\/\/agora.xtec.cat\/escolanouclave\/wp-content\/uploads\/usu1363\/2020\/04\/Lengua-castellana-14-768x292.png 768w\" sizes=\"auto, (max-width: 550px) 100vw, 550px\" \/><\/a><\/p>\n<p>\u00a1Buenos d\u00edas chic@s!<\/p>\n<p>Hoy os propongo que ve\u00e1is un v\u00eddeo d\u00f3nde se nos cuenta una historia. Es un poco diferente, ya que no hay nadie que nos narre la historia, sin\u00f3 que se cuenta a trav\u00e9s de las im\u00e1genes.<\/p>\n<p>Es la historia de una peque\u00f1a tortuga:<\/p>\n<p style=\"text-align: center\"><iframe loading=\"lazy\" src=\"\/\/www.youtube.com\/embed\/0e2zK0v2XPA\" width=\"560\" height=\"314\"><\/iframe><\/p>\n<p>Una vez visto, os propongo que hag\u00e1is esta <a href=\"https:\/\/agora.xtec.cat\/escolanouclave\/wp-content\/uploads\/usu1363\/2020\/06\/Te-propongo-que-redactes-con-m\u00ednimo-10-l\u00edneas-la-historia-de-esta-peque\u00f1a-tortuga-puedes-hacerlo-a-mano-o-a-ordenador..pdf\"><strong>ACTIVIDAD<\/strong> <\/a>.<\/p>\n<p><em><strong>* Recordad colgar en el drive vuestra faena\u00a0<\/strong><\/em><\/p>\n<p>Feliz lunes y buena faena \ud83d\ude42<\/p>\n","protected":false},"excerpt":{"rendered":"<p>\u00a1Buenos d\u00edas chic@s! Hoy os propongo que ve\u00e1is un v\u00eddeo d\u00f3nde se nos cuenta una historia. Es un poco diferente, ya que no hay nadie que nos narre la historia, sin\u00f3 que se cuenta a trav\u00e9s de las im\u00e1genes. Es la historia de una peque\u00f1a tortuga: Una vez visto, os propongo que hag\u00e1is esta ACTIVIDAD [&hellip;]<\/p>\n","protected":false},"author":22,"featured_media":3603,"comment_status":"open","ping_status":"closed","sticky":false,"template":"","format":"standard","meta":{"_bbp_topic_count":0,"_bbp_reply_count":0,"_bbp_total_topic_count":0,"_bbp_total_reply_count":0,"_bbp_voice_count":0,"_bbp_anonymous_reply_count":0,"_bbp_topic_count_hidden":0,"_bbp_reply_count_hidden":0,"_bbp_forum_subforum_count":0,"site-sidebar-layout":"default","site-content-layout":"","ast-site-content-layout":"","site-content-style":"default","site-sidebar-style":"default","ast-global-header-display":"","ast-banner-title-visibility":"","ast-main-header-display":"","ast-hfb-above-header-display":"","ast-hfb-below-header-display":"","ast-hfb-mobile-header-display":"","site-post-title":"","ast-breadcrumbs-content":"","ast-featured-img":"","footer-sml-layout":"","theme-transparent-header-meta":"","adv-header-id-meta":"","stick-header-meta":"","header-above-stick-meta":"","header-main-stick-meta":"","header-below-stick-meta":"","astra-migrate-meta-layouts":"default","ast-page-background-enabled":"default","ast-page-background-meta":{"desktop":{"background-color":"var(--ast-global-color-4)","background-image":"","background-repeat":"repeat","background-position":"center center","background-size":"auto","background-attachment":"scroll","background-type":"","background-media":"","overlay-type":"","overlay-color":"","overlay-opacity":"","overlay-gradient":""},"tablet":{"background-color":"","background-image":"","background-repeat":"repeat","background-position":"center center","background-size":"auto","background-attachment":"scroll","background-type":"","background-media":"","overlay-type":"","overlay-color":"","overlay-opacity":"","overlay-gradient":""},"mobile":{"background-color":"","background-image":"","background-repeat":"repeat","background-position":"center center","background-size":"auto","background-attachment":"scroll","background-type":"","background-media":"","overlay-type":"","overlay-color":"","overlay-opacity":"","overlay-gradient":""}},"ast-content-background-meta":{"desktop":{"background-color":"var(--ast-global-color-5)","background-image":"","background-repeat":"repeat","background-position":"center center","background-size":"auto","background-attachment":"scroll","background-type":"","background-media":"","overlay-type":"","overlay-color":"","overlay-opacity":"","overlay-gradient":""},"tablet":{"background-color":"var(--ast-global-color-5)","background-image":"","background-repeat":"repeat","background-position":"center center","background-size":"auto","background-attachment":"scroll","background-type":"","background-media":"","overlay-type":"","overlay-color":"","overlay-opacity":"","overlay-gradient":""},"mobile":{"background-color":"var(--ast-global-color-5)","background-image":"","background-repeat":"repeat","background-position":"center center","background-size":"auto","background-attachment":"scroll","background-type":"","background-media":"","overlay-type":"","overlay-color":"","overlay-opacity":"","overlay-gradient":""}},"footnotes":""},"categories":[12],"tags":[891,254,118],"class_list":["post-8065","post","type-post","status-publish","format-standard","has-post-thumbnail","hentry","category-3r","tag-lemon","tag-escritura","tag-lengua-castellana"],"post_mailing_queue_ids":[],"_links":{"self":[{"href":"https:\/\/agora.xtec.cat\/escolanouclave\/wp-json\/wp\/v2\/posts\/8065","targetHints":{"allow":["GET"]}}],"collection":[{"href":"https:\/\/agora.xtec.cat\/escolanouclave\/wp-json\/wp\/v2\/posts"}],"about":[{"href":"https:\/\/agora.xtec.cat\/escolanouclave\/wp-json\/wp\/v2\/types\/post"}],"author":[{"embeddable":true,"href":"https:\/\/agora.xtec.cat\/escolanouclave\/wp-json\/wp\/v2\/users\/22"}],"replies":[{"embeddable":true,"href":"https:\/\/agora.xtec.cat\/escolanouclave\/wp-json\/wp\/v2\/comments?post=8065"}],"version-history":[{"count":1,"href":"https:\/\/agora.xtec.cat\/escolanouclave\/wp-json\/wp\/v2\/posts\/8065\/revisions"}],"predecessor-version":[{"id":8067,"href":"https:\/\/agora.xtec.cat\/escolanouclave\/wp-json\/wp\/v2\/posts\/8065\/revisions\/8067"}],"wp:featuredmedia":[{"embeddable":true,"href":"https:\/\/agora.xtec.cat\/escolanouclave\/wp-json\/wp\/v2\/media\/3603"}],"wp:attachment":[{"href":"https:\/\/agora.xtec.cat\/escolanouclave\/wp-json\/wp\/v2\/media?parent=8065"}],"wp:term":[{"taxonomy":"category","embeddable":true,"href":"https:\/\/agora.xtec.cat\/escolanouclave\/wp-json\/wp\/v2\/categories?post=8065"},{"taxonomy":"post_tag","embeddable":true,"href":"https:\/\/agora.xtec.cat\/escolanouclave\/wp-json\/wp\/v2\/tags?post=8065"}],"curies":[{"name":"wp","href":"https:\/\/api.w.org\/{rel}","templated":true}]}}