{"id":7970,"date":"2020-06-08T23:40:30","date_gmt":"2020-06-08T21:40:30","guid":{"rendered":"http:\/\/agora.xtec.cat\/escolanouclave\/?p=7970"},"modified":"2020-06-09T10:47:45","modified_gmt":"2020-06-09T08:47:45","slug":"activitat-22-catala-9-juny-2020-el-pastisser-de-torregrossa","status":"publish","type":"post","link":"https:\/\/agora.xtec.cat\/escolanouclave\/primaria\/2n\/activitat-22-catala-9-juny-2020-el-pastisser-de-torregrossa\/","title":{"rendered":"ACTIVITAT 22 CATAL\u00c0 \/9-juny-2020\/ EL PASTISSER DE TORREGROSSA."},"content":{"rendered":"<p>&nbsp;<\/p>\n<p><a href=\"https:\/\/agora.xtec.cat\/escolanouclave\/wp-content\/uploads\/usu1363\/2020\/06\/pastisser2.jpg\"><img loading=\"lazy\" decoding=\"async\" class=\"alignnone wp-image-7976\" src=\"https:\/\/agora.xtec.cat\/escolanouclave\/wp-content\/uploads\/usu1363\/2020\/06\/pastisser2-724x1024.jpg\" alt=\"\" width=\"261\" height=\"369\" srcset=\"https:\/\/agora.xtec.cat\/escolanouclave\/wp-content\/uploads\/usu1363\/2020\/06\/pastisser2-724x1024.jpg 724w, https:\/\/agora.xtec.cat\/escolanouclave\/wp-content\/uploads\/usu1363\/2020\/06\/pastisser2-212x300.jpg 212w, https:\/\/agora.xtec.cat\/escolanouclave\/wp-content\/uploads\/usu1363\/2020\/06\/pastisser2-768x1086.jpg 768w, https:\/\/agora.xtec.cat\/escolanouclave\/wp-content\/uploads\/usu1363\/2020\/06\/pastisser2.jpg 849w\" sizes=\"auto, (max-width: 261px) 100vw, 261px\" \/><\/a><\/p>\n<p>Bon dia a tots i totes!!<\/p>\n<p>Avui escoltareu un conte molt bonic que es diu el Pastisser de Torregrosa. Mireu aquest <a href=\"https:\/\/youtu.be\/xeRBUNv_iMs\">V\u00cdDEO<\/a>.<\/p>\n<p>Tamb\u00e9 el podeu llegir, <a href=\"https:\/\/agora.xtec.cat\/escolanouclave\/wp-content\/uploads\/usu1363\/2020\/06\/EL-PASTISSER-DE-TORREGROSSA.pdf\">AQU\u00cd<\/a> trobareu el conte escrit.<\/p>\n<p>Despr\u00e9s d&#8217;escoltar i\/o llegir el conte heu de respondre el seg\u00fcent <a href=\"https:\/\/docs.google.com\/forms\/d\/e\/1FAIpQLSduHgOgb37q-T9o00cXRcqznWJwjIMXZ2kNvuKikJL3O8dT3Q\/viewform?usp=sf_link\">Q\u00dcESTIONARI.<\/a><\/p>\n<p>La setmana passada a la classe virtual vam treballar la separaci\u00f3 de s\u00edl.labes i vam veure que hi ha unes lletres que s&#8217;han de separar i altres que no. Mireu aquest requadre per a recordar-ho.<\/p>\n<p><a href=\"https:\/\/agora.xtec.cat\/escolanouclave\/wp-content\/uploads\/usu1363\/2020\/06\/la-separaci-de-sllabes-dgrafs-diftongs-triftongs-i-hiats-1-638.jpg\"><img loading=\"lazy\" decoding=\"async\" class=\"alignnone wp-image-7981\" src=\"https:\/\/agora.xtec.cat\/escolanouclave\/wp-content\/uploads\/usu1363\/2020\/06\/la-separaci-de-sllabes-dgrafs-diftongs-triftongs-i-hiats-1-638.jpg\" alt=\"\" width=\"482\" height=\"362\" srcset=\"https:\/\/agora.xtec.cat\/escolanouclave\/wp-content\/uploads\/usu1363\/2020\/06\/la-separaci-de-sllabes-dgrafs-diftongs-triftongs-i-hiats-1-638.jpg 638w, https:\/\/agora.xtec.cat\/escolanouclave\/wp-content\/uploads\/usu1363\/2020\/06\/la-separaci-de-sllabes-dgrafs-diftongs-triftongs-i-hiats-1-638-300x225.jpg 300w, https:\/\/agora.xtec.cat\/escolanouclave\/wp-content\/uploads\/usu1363\/2020\/06\/la-separaci-de-sllabes-dgrafs-diftongs-triftongs-i-hiats-1-638-200x150.jpg 200w\" sizes=\"auto, (max-width: 482px) 100vw, 482px\" \/><\/a><\/p>\n<p>En aquesta <a href=\"https:\/\/agora.xtec.cat\/escolanouclave\/wp-content\/uploads\/usu1363\/2020\/06\/Separaci\u00f3-s\u00edl.labes_.pdf\">FITXA <\/a>trobareu diferents paraules que han sortit en el conte del Pastisser de Torregrossa. Haureu de separar les paraules en s\u00edl.labes tenint en compte el requadre anterior. Quan acabeu, vosaltres mateixos en fareu la correcci\u00f3, agafeu un bol\u00edgraf o color vermell, mireu aquest <a href=\"https:\/\/agora.xtec.cat\/escolanouclave\/wp-content\/uploads\/usu1363\/2020\/06\/Separaci\u00f3-s\u00edl.labes-Correcci\u00f3.pdf\">DOCUMENT<\/a> i corregiu si teniu algun error.<\/p>\n<p>Que tingueu bon dia!!<\/p>\n<p>A reveure!!<\/p>\n","protected":false},"excerpt":{"rendered":"<p>&nbsp; Bon dia a tots i totes!! Avui escoltareu un conte molt bonic que es diu el Pastisser de Torregrosa. Mireu aquest V\u00cdDEO. Tamb\u00e9 el podeu llegir, AQU\u00cd trobareu el conte escrit. Despr\u00e9s d&#8217;escoltar i\/o llegir el conte heu de respondre el seg\u00fcent Q\u00dcESTIONARI. La setmana passada a la classe virtual vam treballar la separaci\u00f3 [&hellip;]<\/p>\n","protected":false},"author":1,"featured_media":8172,"comment_status":"open","ping_status":"closed","sticky":false,"template":"","format":"standard","meta":{"_bbp_topic_count":0,"_bbp_reply_count":0,"_bbp_total_topic_count":0,"_bbp_total_reply_count":0,"_bbp_voice_count":0,"_bbp_anonymous_reply_count":0,"_bbp_topic_count_hidden":0,"_bbp_reply_count_hidden":0,"_bbp_forum_subforum_count":0,"site-sidebar-layout":"default","site-content-layout":"","ast-site-content-layout":"","site-content-style":"default","site-sidebar-style":"default","ast-global-header-display":"","ast-banner-title-visibility":"","ast-main-header-display":"","ast-hfb-above-header-display":"","ast-hfb-below-header-display":"","ast-hfb-mobile-header-display":"","site-post-title":"","ast-breadcrumbs-content":"","ast-featured-img":"","footer-sml-layout":"","theme-transparent-header-meta":"","adv-header-id-meta":"","stick-header-meta":"","header-above-stick-meta":"","header-main-stick-meta":"","header-below-stick-meta":"","astra-migrate-meta-layouts":"default","ast-page-background-enabled":"default","ast-page-background-meta":{"desktop":{"background-color":"var(--ast-global-color-4)","background-image":"","background-repeat":"repeat","background-position":"center center","background-size":"auto","background-attachment":"scroll","background-type":"","background-media":"","overlay-type":"","overlay-color":"","overlay-opacity":"","overlay-gradient":""},"tablet":{"background-color":"","background-image":"","background-repeat":"repeat","background-position":"center center","background-size":"auto","background-attachment":"scroll","background-type":"","background-media":"","overlay-type":"","overlay-color":"","overlay-opacity":"","overlay-gradient":""},"mobile":{"background-color":"","background-image":"","background-repeat":"repeat","background-position":"center center","background-size":"auto","background-attachment":"scroll","background-type":"","background-media":"","overlay-type":"","overlay-color":"","overlay-opacity":"","overlay-gradient":""}},"ast-content-background-meta":{"desktop":{"background-color":"var(--ast-global-color-5)","background-image":"","background-repeat":"repeat","background-position":"center center","background-size":"auto","background-attachment":"scroll","background-type":"","background-media":"","overlay-type":"","overlay-color":"","overlay-opacity":"","overlay-gradient":""},"tablet":{"background-color":"var(--ast-global-color-5)","background-image":"","background-repeat":"repeat","background-position":"center center","background-size":"auto","background-attachment":"scroll","background-type":"","background-media":"","overlay-type":"","overlay-color":"","overlay-opacity":"","overlay-gradient":""},"mobile":{"background-color":"var(--ast-global-color-5)","background-image":"","background-repeat":"repeat","background-position":"center center","background-size":"auto","background-attachment":"scroll","background-type":"","background-media":"","overlay-type":"","overlay-color":"","overlay-opacity":"","overlay-gradient":""}},"footnotes":""},"categories":[11],"tags":[287,288,876],"class_list":["post-7970","post","type-post","status-publish","format-standard","has-post-thumbnail","hentry","category-2n","tag-catala","tag-comprensio-lectora","tag-separacio-sil-labes"],"post_mailing_queue_ids":[],"_links":{"self":[{"href":"https:\/\/agora.xtec.cat\/escolanouclave\/wp-json\/wp\/v2\/posts\/7970","targetHints":{"allow":["GET"]}}],"collection":[{"href":"https:\/\/agora.xtec.cat\/escolanouclave\/wp-json\/wp\/v2\/posts"}],"about":[{"href":"https:\/\/agora.xtec.cat\/escolanouclave\/wp-json\/wp\/v2\/types\/post"}],"author":[{"embeddable":true,"href":"https:\/\/agora.xtec.cat\/escolanouclave\/wp-json\/wp\/v2\/users\/1"}],"replies":[{"embeddable":true,"href":"https:\/\/agora.xtec.cat\/escolanouclave\/wp-json\/wp\/v2\/comments?post=7970"}],"version-history":[{"count":3,"href":"https:\/\/agora.xtec.cat\/escolanouclave\/wp-json\/wp\/v2\/posts\/7970\/revisions"}],"predecessor-version":[{"id":8171,"href":"https:\/\/agora.xtec.cat\/escolanouclave\/wp-json\/wp\/v2\/posts\/7970\/revisions\/8171"}],"wp:featuredmedia":[{"embeddable":true,"href":"https:\/\/agora.xtec.cat\/escolanouclave\/wp-json\/wp\/v2\/media\/8172"}],"wp:attachment":[{"href":"https:\/\/agora.xtec.cat\/escolanouclave\/wp-json\/wp\/v2\/media?parent=7970"}],"wp:term":[{"taxonomy":"category","embeddable":true,"href":"https:\/\/agora.xtec.cat\/escolanouclave\/wp-json\/wp\/v2\/categories?post=7970"},{"taxonomy":"post_tag","embeddable":true,"href":"https:\/\/agora.xtec.cat\/escolanouclave\/wp-json\/wp\/v2\/tags?post=7970"}],"curies":[{"name":"wp","href":"https:\/\/api.w.org\/{rel}","templated":true}]}}