{"id":7949,"date":"2020-06-08T00:15:55","date_gmt":"2020-06-07T22:15:55","guid":{"rendered":"http:\/\/agora.xtec.cat\/escolanouclave\/?p=7949"},"modified":"2020-06-06T20:16:37","modified_gmt":"2020-06-06T18:16:37","slug":"activitat-44-8-juny-2020-conte-la-balena","status":"publish","type":"post","link":"https:\/\/agora.xtec.cat\/escolanouclave\/infantil\/p5-infantil\/activitat-44-8-juny-2020-conte-la-balena\/","title":{"rendered":"Activitat 44\/8-Juny-2020\/ Conte: LA BALENA"},"content":{"rendered":"<p>Bon d\u00eda als meus elefants preferits!!!!<br \/>\nCom ha anat el cap de setmana??Segur que heu disfrutat molt\u00edssim!!<br \/>\nJa tornem a comen\u00e7ar una setmana nova i avui la comen\u00e7arem amb un nou conte ja que, molts de vosaltres aix\u00ed m\u00b4ho heu demanat. Aix\u00ed doncs, com sempre us dic, busqueu un lloc ben tranquil de casa i agafeu el vostre coix\u00ed preferit que en un plis comen\u00e7a la hist\u00f2ria.Pareu molta atenci\u00f3 que despr\u00e9s haureu de respondre algunes preguntes val?<\/p>\n<div class=\"ast-oembed-container \" style=\"height: 100%;\"><iframe loading=\"lazy\" title=\"CONTES INFANTIL SAFASABADELL: La balena\" width=\"500\" height=\"281\" src=\"https:\/\/www.youtube.com\/embed\/YVj0zBmJiGQ?feature=oembed\" frameborder=\"0\" allow=\"accelerometer; autoplay; clipboard-write; encrypted-media; gyroscope; picture-in-picture; web-share\" referrerpolicy=\"strict-origin-when-cross-origin\" allowfullscreen><\/iframe><\/div>\n<p>Espero que us hagi agradat molt!!!!!<\/p>\n<p>RESP\u00d3N A LES SEG\u00daENTS PREGUNTES SOBRE EL CONTE:<\/p>\n<p><strong>1- Com es diu el protagonista d&#8217;aquesta hist\u00f2ria?<br \/>\n2- Amb qui viv\u00eda?<br \/>\n3- On viv\u00eda?<br \/>\n4- De qu\u00e8 treballava el seu pare?<br \/>\n5- Qu\u00e8 va pasar un d\u00eda a la nit?<br \/>\n6- Qu\u00e8 va veure en No\u00e9 al final de la platja?<br \/>\n7- A casa seva, on va posar en No\u00e9 a la balena?<br \/>\n8- Es va enfadar el seu pare en veure la balena al bany?<br \/>\n9- T\u00fa creus que la balena pod\u00eda viure a la banyera?<br \/>\n10- Qu\u00e8 van fer el pare i en No\u00e9 amb la balena?<br \/>\n11- Van tornar a veure a la balena en No\u00e9 i el seu pare?<br \/>\n12- T&#8217;ha agradat el final de la hist\u00f2ria?Canviar\u00edes alguna cosa?<br \/>\n<\/strong><\/p>\n<p>Si voleu, us convido a fer un dibuix de la part del conte que m\u00e9s us hagi agradat.Voleu saber quina m&#8217;ha agradat a m\u00ed?Doncs, el final de la hist\u00f2ria quan es tornen a trobar amb la seva amiga la balena.!!!!!<\/p>\n<p>Fins dem\u00e0!!!!!!<br \/>\nUs estimo!!!! Petonets!!!!<\/p>\n<p>&nbsp;<\/p>\n","protected":false},"excerpt":{"rendered":"<p>Bon d\u00eda als meus elefants preferits!!!! Com ha anat el cap de setmana??Segur que heu disfrutat molt\u00edssim!! Ja tornem a comen\u00e7ar una setmana nova i avui la comen\u00e7arem amb un nou conte ja que, molts de vosaltres aix\u00ed m\u00b4ho heu demanat. Aix\u00ed doncs, com sempre us dic, busqueu un lloc ben tranquil de casa i [&hellip;]<\/p>\n","protected":false},"author":1,"featured_media":7950,"comment_status":"open","ping_status":"closed","sticky":false,"template":"","format":"standard","meta":{"_bbp_topic_count":0,"_bbp_reply_count":0,"_bbp_total_topic_count":0,"_bbp_total_reply_count":0,"_bbp_voice_count":0,"_bbp_anonymous_reply_count":0,"_bbp_topic_count_hidden":0,"_bbp_reply_count_hidden":0,"_bbp_forum_subforum_count":0,"site-sidebar-layout":"default","site-content-layout":"","ast-site-content-layout":"","site-content-style":"default","site-sidebar-style":"default","ast-global-header-display":"","ast-banner-title-visibility":"","ast-main-header-display":"","ast-hfb-above-header-display":"","ast-hfb-below-header-display":"","ast-hfb-mobile-header-display":"","site-post-title":"","ast-breadcrumbs-content":"","ast-featured-img":"","footer-sml-layout":"","theme-transparent-header-meta":"","adv-header-id-meta":"","stick-header-meta":"","header-above-stick-meta":"","header-main-stick-meta":"","header-below-stick-meta":"","astra-migrate-meta-layouts":"default","ast-page-background-enabled":"default","ast-page-background-meta":{"desktop":{"background-color":"var(--ast-global-color-4)","background-image":"","background-repeat":"repeat","background-position":"center center","background-size":"auto","background-attachment":"scroll","background-type":"","background-media":"","overlay-type":"","overlay-color":"","overlay-opacity":"","overlay-gradient":""},"tablet":{"background-color":"","background-image":"","background-repeat":"repeat","background-position":"center center","background-size":"auto","background-attachment":"scroll","background-type":"","background-media":"","overlay-type":"","overlay-color":"","overlay-opacity":"","overlay-gradient":""},"mobile":{"background-color":"","background-image":"","background-repeat":"repeat","background-position":"center center","background-size":"auto","background-attachment":"scroll","background-type":"","background-media":"","overlay-type":"","overlay-color":"","overlay-opacity":"","overlay-gradient":""}},"ast-content-background-meta":{"desktop":{"background-color":"var(--ast-global-color-5)","background-image":"","background-repeat":"repeat","background-position":"center center","background-size":"auto","background-attachment":"scroll","background-type":"","background-media":"","overlay-type":"","overlay-color":"","overlay-opacity":"","overlay-gradient":""},"tablet":{"background-color":"var(--ast-global-color-5)","background-image":"","background-repeat":"repeat","background-position":"center center","background-size":"auto","background-attachment":"scroll","background-type":"","background-media":"","overlay-type":"","overlay-color":"","overlay-opacity":"","overlay-gradient":""},"mobile":{"background-color":"var(--ast-global-color-5)","background-image":"","background-repeat":"repeat","background-position":"center center","background-size":"auto","background-attachment":"scroll","background-type":"","background-media":"","overlay-type":"","overlay-color":"","overlay-opacity":"","overlay-gradient":""}},"footnotes":""},"categories":[98],"tags":[288,399],"class_list":["post-7949","post","type-post","status-publish","format-standard","has-post-thumbnail","hentry","category-p5-infantil","tag-comprensio-lectora","tag-lectoescriptura"],"post_mailing_queue_ids":[],"_links":{"self":[{"href":"https:\/\/agora.xtec.cat\/escolanouclave\/wp-json\/wp\/v2\/posts\/7949","targetHints":{"allow":["GET"]}}],"collection":[{"href":"https:\/\/agora.xtec.cat\/escolanouclave\/wp-json\/wp\/v2\/posts"}],"about":[{"href":"https:\/\/agora.xtec.cat\/escolanouclave\/wp-json\/wp\/v2\/types\/post"}],"author":[{"embeddable":true,"href":"https:\/\/agora.xtec.cat\/escolanouclave\/wp-json\/wp\/v2\/users\/1"}],"replies":[{"embeddable":true,"href":"https:\/\/agora.xtec.cat\/escolanouclave\/wp-json\/wp\/v2\/comments?post=7949"}],"version-history":[{"count":2,"href":"https:\/\/agora.xtec.cat\/escolanouclave\/wp-json\/wp\/v2\/posts\/7949\/revisions"}],"predecessor-version":[{"id":8697,"href":"https:\/\/agora.xtec.cat\/escolanouclave\/wp-json\/wp\/v2\/posts\/7949\/revisions\/8697"}],"wp:featuredmedia":[{"embeddable":true,"href":"https:\/\/agora.xtec.cat\/escolanouclave\/wp-json\/wp\/v2\/media\/7950"}],"wp:attachment":[{"href":"https:\/\/agora.xtec.cat\/escolanouclave\/wp-json\/wp\/v2\/media?parent=7949"}],"wp:term":[{"taxonomy":"category","embeddable":true,"href":"https:\/\/agora.xtec.cat\/escolanouclave\/wp-json\/wp\/v2\/categories?post=7949"},{"taxonomy":"post_tag","embeddable":true,"href":"https:\/\/agora.xtec.cat\/escolanouclave\/wp-json\/wp\/v2\/tags?post=7949"}],"curies":[{"name":"wp","href":"https:\/\/api.w.org\/{rel}","templated":true}]}}