{"id":7871,"date":"2020-06-04T10:53:35","date_gmt":"2020-06-04T08:53:35","guid":{"rendered":"http:\/\/agora.xtec.cat\/escolanouclave\/?p=7871"},"modified":"2020-06-08T22:08:00","modified_gmt":"2020-06-08T20:08:00","slug":"5-de-juny-dia-mundial-del-medi-ambient","status":"publish","type":"post","link":"https:\/\/agora.xtec.cat\/escolanouclave\/general\/5-de-juny-dia-mundial-del-medi-ambient\/","title":{"rendered":"5 de juny: Dia Mundial del Medi Ambient"},"content":{"rendered":"<h5><a href=\"https:\/\/agora.xtec.cat\/escolanouclave\/wp-content\/uploads\/usu1363\/2018\/10\/Obra-de-Teatro-Medio-Ambiente-.jpg\"><img loading=\"lazy\" decoding=\"async\" class=\"wp-image-886 alignleft\" src=\"https:\/\/agora.xtec.cat\/escolanouclave\/wp-content\/uploads\/usu1363\/2018\/10\/Obra-de-Teatro-Medio-Ambiente--1024x640.jpg\" alt=\"\" width=\"440\" height=\"275\" srcset=\"https:\/\/agora.xtec.cat\/escolanouclave\/wp-content\/uploads\/usu1363\/2018\/10\/Obra-de-Teatro-Medio-Ambiente--1024x640.jpg 1024w, https:\/\/agora.xtec.cat\/escolanouclave\/wp-content\/uploads\/usu1363\/2018\/10\/Obra-de-Teatro-Medio-Ambiente--300x188.jpg 300w, https:\/\/agora.xtec.cat\/escolanouclave\/wp-content\/uploads\/usu1363\/2018\/10\/Obra-de-Teatro-Medio-Ambiente--768x480.jpg 768w, https:\/\/agora.xtec.cat\/escolanouclave\/wp-content\/uploads\/usu1363\/2018\/10\/Obra-de-Teatro-Medio-Ambiente-.jpg 1080w\" sizes=\"auto, (max-width: 440px) 100vw, 440px\" \/><\/a>El 5 de juny\u00a0 va ser institu\u00eft per les Nacions Unides per alertar sobre la degradaci\u00f3 ambiental i donar a con\u00e8ixer les necessitats de preservar i millorar el medi ambient. Es va escollir aquesta data perqu\u00e8 aquest dia s\u2019havia iniciat la Confer\u00e8ncia de les Nacions Unides sobre el Medi Ambient Hum\u00e0, celebrada a Estocolm el 1972, a partir de la qual es va crear el Programa de les Nacions Unides pel Medi Ambient (PNUMA).<\/h5>\n<h5>La celebraci\u00f3 del Dia Mundial del Medi Ambient (DMMA) \u00e9s el principal vehicle de les Nacions Unides per fomentar la sensibilitzaci\u00f3 i l&#8217;acci\u00f3 a nivell mundial per a la protecci\u00f3 del nostre medi ambient. Realitzat per primera vegada el 1974, ha estat una campanya ins\u00edgnia per a la sensibilitzaci\u00f3 sobre les noves q\u00fcestions ambientals de la contaminaci\u00f3 de la mar i l&#8217;escalfament global, amb el consum sostenible i delictes contra la natura.<\/h5>\n<h5>\u00c9s per aquest<span class=\"css-901oao css-16my406 r-1qd0xha r-ad9z0x r-bcqeeo r-qvutc0\"> motiu que <\/span><span class=\"css-901oao css-16my406 r-1qd0xha r-ad9z0x r-bcqeeo r-qvutc0\">us proposem que ens feu arribar les vostres fotografies i\/o dibuixos de qualsevol element de la natura<\/span><span class=\"css-901oao css-16my406 r-1qd0xha r-ad9z0x r-bcqeeo r-qvutc0\">per emprendre plegats la nostra pr\u00f2pia acci\u00f3 reivindicativa!<\/span><\/h5>\n<h3>Feu arribar les vostres imatges a l&#8217;adre\u00e7a de correu <a href=\"mailto:aeanselmclave@gmail.com\">aeanselmclave@gmail.com<\/a><\/h3>\n<div class=\"css-1dbjc4n r-xoduu5 r-1mlwlqe r-1d2f490 r-1udh08x r-u8s1d r-h9hxbl r-417010\" aria-label=\"?\">\n<div class=\"css-1dbjc4n r-1niwhzg r-vvn4in r-u6sd8q r-x3cy2q r-1p0dtai r-xoduu5 r-1pi2tsx r-1d2f490 r-u8s1d r-zchlnj r-ipm5af r-13qz1uu r-1wyyakw\"><\/div>\n<\/div>\n<div class=\"css-1dbjc4n r-xoduu5 r-1mlwlqe r-1d2f490 r-1udh08x r-u8s1d r-h9hxbl r-417010\" aria-label=\"?\">\n<div class=\"css-1dbjc4n r-1niwhzg r-vvn4in r-u6sd8q r-x3cy2q r-1p0dtai r-xoduu5 r-1pi2tsx r-1d2f490 r-u8s1d r-zchlnj r-ipm5af r-13qz1uu r-1wyyakw\"><\/div>\n<div><\/div>\n<\/div>\n<div class=\"css-1dbjc4n r-xoduu5 r-1mlwlqe r-1d2f490 r-1udh08x r-u8s1d r-h9hxbl r-417010\" aria-label=\"?\">\n<div class=\"css-1dbjc4n r-1niwhzg r-vvn4in r-u6sd8q r-x3cy2q r-1p0dtai r-xoduu5 r-1pi2tsx r-1d2f490 r-u8s1d r-zchlnj r-ipm5af r-13qz1uu r-1wyyakw\"><\/div>\n<\/div>\n<p><span class=\"r-18u37iz\"><a class=\"css-4rbku5 css-18t94o4 css-901oao css-16my406 r-1n1174f r-1loqt21 r-1qd0xha r-ad9z0x r-bcqeeo r-qvutc0\" dir=\"ltr\" role=\"link\" href=\"https:\/\/twitter.com\/hashtag\/ProjecteMediAmbient?src=hashtag_click\" data-focusable=\"true\">#ProjecteMediAmbient<\/a><\/span><\/p>\n","protected":false},"excerpt":{"rendered":"<p>El 5 de juny\u00a0 va ser institu\u00eft per les Nacions Unides per alertar sobre la degradaci\u00f3 ambiental i donar a con\u00e8ixer les necessitats de preservar i millorar el medi ambient. Es va escollir aquesta data perqu\u00e8 aquest dia s\u2019havia iniciat la Confer\u00e8ncia de les Nacions Unides sobre el Medi Ambient Hum\u00e0, celebrada a Estocolm el [&hellip;]<\/p>\n","protected":false},"author":1,"featured_media":886,"comment_status":"open","ping_status":"closed","sticky":false,"template":"","format":"standard","meta":{"_bbp_topic_count":0,"_bbp_reply_count":0,"_bbp_total_topic_count":0,"_bbp_total_reply_count":0,"_bbp_voice_count":0,"_bbp_anonymous_reply_count":0,"_bbp_topic_count_hidden":0,"_bbp_reply_count_hidden":0,"_bbp_forum_subforum_count":0,"site-sidebar-layout":"default","site-content-layout":"","ast-site-content-layout":"","site-content-style":"default","site-sidebar-style":"default","ast-global-header-display":"","ast-banner-title-visibility":"","ast-main-header-display":"","ast-hfb-above-header-display":"","ast-hfb-below-header-display":"","ast-hfb-mobile-header-display":"","site-post-title":"","ast-breadcrumbs-content":"","ast-featured-img":"","footer-sml-layout":"","theme-transparent-header-meta":"","adv-header-id-meta":"","stick-header-meta":"","header-above-stick-meta":"","header-main-stick-meta":"","header-below-stick-meta":"","astra-migrate-meta-layouts":"default","ast-page-background-enabled":"default","ast-page-background-meta":{"desktop":{"background-color":"var(--ast-global-color-4)","background-image":"","background-repeat":"repeat","background-position":"center center","background-size":"auto","background-attachment":"scroll","background-type":"","background-media":"","overlay-type":"","overlay-color":"","overlay-opacity":"","overlay-gradient":""},"tablet":{"background-color":"","background-image":"","background-repeat":"repeat","background-position":"center center","background-size":"auto","background-attachment":"scroll","background-type":"","background-media":"","overlay-type":"","overlay-color":"","overlay-opacity":"","overlay-gradient":""},"mobile":{"background-color":"","background-image":"","background-repeat":"repeat","background-position":"center center","background-size":"auto","background-attachment":"scroll","background-type":"","background-media":"","overlay-type":"","overlay-color":"","overlay-opacity":"","overlay-gradient":""}},"ast-content-background-meta":{"desktop":{"background-color":"var(--ast-global-color-5)","background-image":"","background-repeat":"repeat","background-position":"center center","background-size":"auto","background-attachment":"scroll","background-type":"","background-media":"","overlay-type":"","overlay-color":"","overlay-opacity":"","overlay-gradient":""},"tablet":{"background-color":"var(--ast-global-color-5)","background-image":"","background-repeat":"repeat","background-position":"center center","background-size":"auto","background-attachment":"scroll","background-type":"","background-media":"","overlay-type":"","overlay-color":"","overlay-opacity":"","overlay-gradient":""},"mobile":{"background-color":"var(--ast-global-color-5)","background-image":"","background-repeat":"repeat","background-position":"center center","background-size":"auto","background-attachment":"scroll","background-type":"","background-media":"","overlay-type":"","overlay-color":"","overlay-opacity":"","overlay-gradient":""}},"footnotes":""},"categories":[10,78,11,77,12,80,13,81,14,15,1,3,8,98,133],"tags":[204],"class_list":["post-7871","post","type-post","status-publish","format-standard","has-post-thumbnail","hentry","category-1r","category-1r-eso","category-2n","category-2n-eso","category-3r","category-3r-eso","category-4t","category-4t-eso","category-5e","category-6e","category-general","category-p3","category-p4","category-p5-infantil","category-projecte-medi-ambient","tag-mediambient"],"post_mailing_queue_ids":[],"_links":{"self":[{"href":"https:\/\/agora.xtec.cat\/escolanouclave\/wp-json\/wp\/v2\/posts\/7871","targetHints":{"allow":["GET"]}}],"collection":[{"href":"https:\/\/agora.xtec.cat\/escolanouclave\/wp-json\/wp\/v2\/posts"}],"about":[{"href":"https:\/\/agora.xtec.cat\/escolanouclave\/wp-json\/wp\/v2\/types\/post"}],"author":[{"embeddable":true,"href":"https:\/\/agora.xtec.cat\/escolanouclave\/wp-json\/wp\/v2\/users\/1"}],"replies":[{"embeddable":true,"href":"https:\/\/agora.xtec.cat\/escolanouclave\/wp-json\/wp\/v2\/comments?post=7871"}],"version-history":[{"count":3,"href":"https:\/\/agora.xtec.cat\/escolanouclave\/wp-json\/wp\/v2\/posts\/7871\/revisions"}],"predecessor-version":[{"id":8170,"href":"https:\/\/agora.xtec.cat\/escolanouclave\/wp-json\/wp\/v2\/posts\/7871\/revisions\/8170"}],"wp:featuredmedia":[{"embeddable":true,"href":"https:\/\/agora.xtec.cat\/escolanouclave\/wp-json\/wp\/v2\/media\/886"}],"wp:attachment":[{"href":"https:\/\/agora.xtec.cat\/escolanouclave\/wp-json\/wp\/v2\/media?parent=7871"}],"wp:term":[{"taxonomy":"category","embeddable":true,"href":"https:\/\/agora.xtec.cat\/escolanouclave\/wp-json\/wp\/v2\/categories?post=7871"},{"taxonomy":"post_tag","embeddable":true,"href":"https:\/\/agora.xtec.cat\/escolanouclave\/wp-json\/wp\/v2\/tags?post=7871"}],"curies":[{"name":"wp","href":"https:\/\/api.w.org\/{rel}","templated":true}]}}