{"id":7832,"date":"2020-06-04T08:56:32","date_gmt":"2020-06-04T06:56:32","guid":{"rendered":"http:\/\/agora.xtec.cat\/escolanouclave\/?p=7832"},"modified":"2020-06-04T08:56:32","modified_gmt":"2020-06-04T06:56:32","slug":"activitat-18-socials-4-juny-2020-ledat-mitjana","status":"publish","type":"post","link":"https:\/\/agora.xtec.cat\/escolanouclave\/primaria\/4t\/activitat-18-socials-4-juny-2020-ledat-mitjana\/","title":{"rendered":"ACTIVITAT 18 (Socials) \/ 4-juny-2020 \/ L&#8217;Edat Mitjana"},"content":{"rendered":"<p style=\"text-align: center\"><a href=\"https:\/\/agora.xtec.cat\/escolanouclave\/wp-content\/uploads\/usu1363\/2020\/04\/Verde-Blanco-M\u00fasica-Parque-Blog-Banner.png\"><img loading=\"lazy\" decoding=\"async\" class=\"alignnone  wp-image-3684\" src=\"https:\/\/agora.xtec.cat\/escolanouclave\/wp-content\/uploads\/usu1363\/2020\/04\/Verde-Blanco-M\u00fasica-Parque-Blog-Banner.png\" alt=\"\" width=\"492\" height=\"277\" srcset=\"https:\/\/agora.xtec.cat\/escolanouclave\/wp-content\/uploads\/usu1363\/2020\/04\/Verde-Blanco-M\u00fasica-Parque-Blog-Banner.png 560w, https:\/\/agora.xtec.cat\/escolanouclave\/wp-content\/uploads\/usu1363\/2020\/04\/Verde-Blanco-M\u00fasica-Parque-Blog-Banner-300x169.png 300w\" sizes=\"auto, (max-width: 492px) 100vw, 492px\" \/><\/a><\/p>\n<p>Bon dia investigadors i investigadores!<\/p>\n<p>Com us heu despertat?<\/p>\n<p>Si teniu ganes de llegir, llegiu l&#8217;explicaci\u00f3. Si preferiu fer-ho escoltant, doneu-li al play.<\/p>\n<!--[if lt IE 9]><script>document.createElement('audio');<\/script><![endif]-->\n<audio class=\"wp-audio-shortcode\" id=\"audio-7832-1\" preload=\"none\" style=\"width: 100%;\" controls=\"controls\"><source type=\"audio\/mpeg\" src=\"https:\/\/agora.xtec.cat\/escolanouclave\/wp-content\/uploads\/usu1363\/2020\/06\/Voz-005.m4a?_=1\" \/><a href=\"https:\/\/agora.xtec.cat\/escolanouclave\/wp-content\/uploads\/usu1363\/2020\/06\/Voz-005.m4a\">https:\/\/agora.xtec.cat\/escolanouclave\/wp-content\/uploads\/usu1363\/2020\/06\/Voz-005.m4a<\/a><\/audio>\n<p>Mireu, ja estem a punt a punt d&#8217;acabar amb la unitat que hem comen\u00e7at d&#8217;hist\u00f2ria, nom\u00e9s ens queda aprendre com viv\u00eden les persones a l&#8217;Edat Mitjana.<\/p>\n<p>Per fer-ho, m&#8217;agradaria que obrissiu aquest <a href=\"https:\/\/agora.xtec.cat\/escolanouclave\/wp-content\/uploads\/usu1363\/2020\/06\/\u00a1bienvenido-pequ\u00f1\u00edn-1.pdf\">DOCUMENT<\/a> on hi trobareu una pir\u00e0mide amb les diferents persones que viv\u00eden en aquella societat, fa mooolts anys!<\/p>\n<p>Us proposo que poseu un GRAN T\u00cdTOL (Edat Mitjana) i dibuixeu aquesta mateixa pir\u00e0mide: amb el seu rei, els nobles i senyors feudals, els cavallers i monjos i, per \u00faltim, els pagesos i els esclaus. Ho podeu fer a m\u00e0 o a ordinador, gran o petit, dibuixant a m\u00e0 o imprimint les fotos&#8230;. COM M\u00c9S US AGRADI! Per\u00f2 hi ha d&#8217;haver les 4 parts i, tamb\u00e9, els noms que veieu a la pir\u00e0mide.<\/p>\n<p>Un cop dibuixat, us proposo que busqueu al llibre (a la p\u00e0g. 82 hi trobareu tota la informaci\u00f3 i, si no, podeu buscar tamb\u00e9 a internet) un parell d&#8217;aspectes interessants sobre cada tipus de persona (on viv\u00eden i qu\u00e8 feien o a qu\u00e8 es dedic\u00e0ven, per exemple) i, per \u00faltim, que amb dues o tres l\u00ednies, m&#8217;expliqueu per qu\u00e8 creieu que a la pir\u00e0mide hi ha els reis a dalt, despr\u00e9s els nobles i els senyors feudals, en tercer lloc els cavallers i els monjos i, per \u00faltim, els pagesos i els esclaus.<\/p>\n<p><strong>* Recordeu penjar l&#8217;activitat al Drive<\/strong><\/p>\n<p><strong>** Avui no hi haur\u00e0 activitat de catal\u00e0, que ja teniu prou feina!!!!!<\/strong><\/p>\n<p>Feli\u00e7 dijous i bona feina \ud83d\ude42<\/p>\n","protected":false},"excerpt":{"rendered":"<p>Bon dia investigadors i investigadores! Com us heu despertat? Si teniu ganes de llegir, llegiu l&#8217;explicaci\u00f3. Si preferiu fer-ho escoltant, doneu-li al play. Mireu, ja estem a punt a punt d&#8217;acabar amb la unitat que hem comen\u00e7at d&#8217;hist\u00f2ria, nom\u00e9s ens queda aprendre com viv\u00eden les persones a l&#8217;Edat Mitjana. Per fer-ho, m&#8217;agradaria que obrissiu aquest [&hellip;]<\/p>\n","protected":false},"author":22,"featured_media":3684,"comment_status":"open","ping_status":"closed","sticky":false,"template":"","format":"standard","meta":{"_bbp_topic_count":0,"_bbp_reply_count":0,"_bbp_total_topic_count":0,"_bbp_total_reply_count":0,"_bbp_voice_count":0,"_bbp_anonymous_reply_count":0,"_bbp_topic_count_hidden":0,"_bbp_reply_count_hidden":0,"_bbp_forum_subforum_count":0,"site-sidebar-layout":"default","site-content-layout":"","ast-site-content-layout":"","site-content-style":"default","site-sidebar-style":"default","ast-global-header-display":"","ast-banner-title-visibility":"","ast-main-header-display":"","ast-hfb-above-header-display":"","ast-hfb-below-header-display":"","ast-hfb-mobile-header-display":"","site-post-title":"","ast-breadcrumbs-content":"","ast-featured-img":"","footer-sml-layout":"","theme-transparent-header-meta":"","adv-header-id-meta":"","stick-header-meta":"","header-above-stick-meta":"","header-main-stick-meta":"","header-below-stick-meta":"","astra-migrate-meta-layouts":"default","ast-page-background-enabled":"default","ast-page-background-meta":{"desktop":{"background-color":"var(--ast-global-color-4)","background-image":"","background-repeat":"repeat","background-position":"center center","background-size":"auto","background-attachment":"scroll","background-type":"","background-media":"","overlay-type":"","overlay-color":"","overlay-opacity":"","overlay-gradient":""},"tablet":{"background-color":"","background-image":"","background-repeat":"repeat","background-position":"center center","background-size":"auto","background-attachment":"scroll","background-type":"","background-media":"","overlay-type":"","overlay-color":"","overlay-opacity":"","overlay-gradient":""},"mobile":{"background-color":"","background-image":"","background-repeat":"repeat","background-position":"center center","background-size":"auto","background-attachment":"scroll","background-type":"","background-media":"","overlay-type":"","overlay-color":"","overlay-opacity":"","overlay-gradient":""}},"ast-content-background-meta":{"desktop":{"background-color":"var(--ast-global-color-5)","background-image":"","background-repeat":"repeat","background-position":"center center","background-size":"auto","background-attachment":"scroll","background-type":"","background-media":"","overlay-type":"","overlay-color":"","overlay-opacity":"","overlay-gradient":""},"tablet":{"background-color":"var(--ast-global-color-5)","background-image":"","background-repeat":"repeat","background-position":"center center","background-size":"auto","background-attachment":"scroll","background-type":"","background-media":"","overlay-type":"","overlay-color":"","overlay-opacity":"","overlay-gradient":""},"mobile":{"background-color":"var(--ast-global-color-5)","background-image":"","background-repeat":"repeat","background-position":"center center","background-size":"auto","background-attachment":"scroll","background-type":"","background-media":"","overlay-type":"","overlay-color":"","overlay-opacity":"","overlay-gradient":""}},"footnotes":""},"categories":[13],"tags":[838,105,261],"class_list":["post-7832","post","type-post","status-publish","format-standard","has-post-thumbnail","hentry","category-4t","tag-edat-mitjana","tag-historia","tag-socials"],"post_mailing_queue_ids":[],"_links":{"self":[{"href":"https:\/\/agora.xtec.cat\/escolanouclave\/wp-json\/wp\/v2\/posts\/7832","targetHints":{"allow":["GET"]}}],"collection":[{"href":"https:\/\/agora.xtec.cat\/escolanouclave\/wp-json\/wp\/v2\/posts"}],"about":[{"href":"https:\/\/agora.xtec.cat\/escolanouclave\/wp-json\/wp\/v2\/types\/post"}],"author":[{"embeddable":true,"href":"https:\/\/agora.xtec.cat\/escolanouclave\/wp-json\/wp\/v2\/users\/22"}],"replies":[{"embeddable":true,"href":"https:\/\/agora.xtec.cat\/escolanouclave\/wp-json\/wp\/v2\/comments?post=7832"}],"version-history":[{"count":1,"href":"https:\/\/agora.xtec.cat\/escolanouclave\/wp-json\/wp\/v2\/posts\/7832\/revisions"}],"predecessor-version":[{"id":7836,"href":"https:\/\/agora.xtec.cat\/escolanouclave\/wp-json\/wp\/v2\/posts\/7832\/revisions\/7836"}],"wp:featuredmedia":[{"embeddable":true,"href":"https:\/\/agora.xtec.cat\/escolanouclave\/wp-json\/wp\/v2\/media\/3684"}],"wp:attachment":[{"href":"https:\/\/agora.xtec.cat\/escolanouclave\/wp-json\/wp\/v2\/media?parent=7832"}],"wp:term":[{"taxonomy":"category","embeddable":true,"href":"https:\/\/agora.xtec.cat\/escolanouclave\/wp-json\/wp\/v2\/categories?post=7832"},{"taxonomy":"post_tag","embeddable":true,"href":"https:\/\/agora.xtec.cat\/escolanouclave\/wp-json\/wp\/v2\/tags?post=7832"}],"curies":[{"name":"wp","href":"https:\/\/api.w.org\/{rel}","templated":true}]}}