{"id":7831,"date":"2020-06-05T00:15:23","date_gmt":"2020-06-04T22:15:23","guid":{"rendered":"http:\/\/agora.xtec.cat\/escolanouclave\/?p=7831"},"modified":"2020-06-04T09:25:49","modified_gmt":"2020-06-04T07:25:49","slug":"activitat-43-5-juny-2020-llenguatge-matematic-suma-i-resta","status":"publish","type":"post","link":"https:\/\/agora.xtec.cat\/escolanouclave\/infantil\/p5-infantil\/activitat-43-5-juny-2020-llenguatge-matematic-suma-i-resta\/","title":{"rendered":"Activitat 43\/5-Juny-2020\/ Llenguatge matem\u00e0tic. Suma i resta."},"content":{"rendered":"<p>Booooon divendres elefants!!!! Vinga que avui ja \u00e9s l&#8217;\u00faltim d\u00eda de treball de la setmana!!!!<\/p>\n<p>Ja podeu anar a buscar la vostra m\u00e0quina tan xula que vau fer de sumar i restar que avui, us he preparat unes activitats on la podreu utilitzar, Tamb\u00e9 podeu preparar els colors, ceres, retoladors, ja que tamb\u00e9 els fareu servir.<br \/>\nMentre busqueu el material podeu anar escoltant aquesta can\u00e7\u00f3 tan rebonica.<\/p>\n<p>&nbsp;<\/p>\n<div class=\"ast-oembed-container \" style=\"height: 100%;\"><iframe loading=\"lazy\" title=\"El Pot Petit - Els pirates (videoclip oficial)\" width=\"500\" height=\"281\" src=\"https:\/\/www.youtube.com\/embed\/KEMPzVCLjZg?feature=oembed\" frameborder=\"0\" allow=\"accelerometer; autoplay; clipboard-write; encrypted-media; gyroscope; picture-in-picture; web-share\" referrerpolicy=\"strict-origin-when-cross-origin\" allowfullscreen><\/iframe><\/div>\n<p>Us ha agradat oi????La coneixieu veritat?????<br \/>\nApa som-hi!!!!! A treballar!!!!<\/p>\n<p>&nbsp;<\/p>\n<p><a href=\"https:\/\/agora.xtec.cat\/escolanouclave\/wp-content\/uploads\/usu1363\/2020\/06\/nombres-colorejar.jpg\"><img loading=\"lazy\" decoding=\"async\" class=\"alignnone size-full wp-image-7841\" src=\"https:\/\/agora.xtec.cat\/escolanouclave\/wp-content\/uploads\/usu1363\/2020\/06\/nombres-colorejar.jpg\" alt=\"\" width=\"564\" height=\"426\" srcset=\"https:\/\/agora.xtec.cat\/escolanouclave\/wp-content\/uploads\/usu1363\/2020\/06\/nombres-colorejar.jpg 564w, https:\/\/agora.xtec.cat\/escolanouclave\/wp-content\/uploads\/usu1363\/2020\/06\/nombres-colorejar-300x227.jpg 300w, https:\/\/agora.xtec.cat\/escolanouclave\/wp-content\/uploads\/usu1363\/2020\/06\/nombres-colorejar-200x150.jpg 200w\" sizes=\"auto, (max-width: 564px) 100vw, 564px\" \/><\/a><a href=\"https:\/\/agora.xtec.cat\/escolanouclave\/wp-content\/uploads\/usu1363\/2020\/06\/resta-1.jpg\"><img loading=\"lazy\" decoding=\"async\" class=\"alignnone size-full wp-image-7842\" src=\"https:\/\/agora.xtec.cat\/escolanouclave\/wp-content\/uploads\/usu1363\/2020\/06\/resta-1.jpg\" alt=\"\" width=\"638\" height=\"903\" srcset=\"https:\/\/agora.xtec.cat\/escolanouclave\/wp-content\/uploads\/usu1363\/2020\/06\/resta-1.jpg 638w, https:\/\/agora.xtec.cat\/escolanouclave\/wp-content\/uploads\/usu1363\/2020\/06\/resta-1-212x300.jpg 212w\" sizes=\"auto, (max-width: 638px) 100vw, 638px\" \/><\/a><\/p>\n<figure id=\"attachment_7843\" aria-describedby=\"caption-attachment-7843\" style=\"width: 1024px\" class=\"wp-caption alignnone\"><a href=\"https:\/\/agora.xtec.cat\/escolanouclave\/wp-content\/uploads\/usu1363\/2020\/06\/resta-dibuix-colorejar.jpg\"><img loading=\"lazy\" decoding=\"async\" class=\"size-large wp-image-7843\" src=\"https:\/\/agora.xtec.cat\/escolanouclave\/wp-content\/uploads\/usu1363\/2020\/06\/resta-dibuix-colorejar-1024x768.jpg\" alt=\"\" width=\"1024\" height=\"768\" srcset=\"https:\/\/agora.xtec.cat\/escolanouclave\/wp-content\/uploads\/usu1363\/2020\/06\/resta-dibuix-colorejar.jpg 1024w, https:\/\/agora.xtec.cat\/escolanouclave\/wp-content\/uploads\/usu1363\/2020\/06\/resta-dibuix-colorejar-300x225.jpg 300w, https:\/\/agora.xtec.cat\/escolanouclave\/wp-content\/uploads\/usu1363\/2020\/06\/resta-dibuix-colorejar-768x576.jpg 768w, https:\/\/agora.xtec.cat\/escolanouclave\/wp-content\/uploads\/usu1363\/2020\/06\/resta-dibuix-colorejar-200x150.jpg 200w\" sizes=\"auto, (max-width: 1024px) 100vw, 1024px\" \/><\/a><figcaption id=\"caption-attachment-7843\" class=\"wp-caption-text\">Paint color by numbers &#8211; addition and subtraction worksheet for education<\/figcaption><\/figure>\n<p><a href=\"https:\/\/agora.xtec.cat\/escolanouclave\/wp-content\/uploads\/usu1363\/2020\/06\/sumes-i-restes-1.jpg\"><img loading=\"lazy\" decoding=\"async\" class=\"alignnone size-large wp-image-7850\" src=\"https:\/\/agora.xtec.cat\/escolanouclave\/wp-content\/uploads\/usu1363\/2020\/06\/sumes-i-restes-1-1024x724.jpg\" alt=\"\" width=\"1024\" height=\"724\" srcset=\"https:\/\/agora.xtec.cat\/escolanouclave\/wp-content\/uploads\/usu1363\/2020\/06\/sumes-i-restes-1-1024x724.jpg 1024w, https:\/\/agora.xtec.cat\/escolanouclave\/wp-content\/uploads\/usu1363\/2020\/06\/sumes-i-restes-1-300x212.jpg 300w, https:\/\/agora.xtec.cat\/escolanouclave\/wp-content\/uploads\/usu1363\/2020\/06\/sumes-i-restes-1-768x543.jpg 768w, https:\/\/agora.xtec.cat\/escolanouclave\/wp-content\/uploads\/usu1363\/2020\/06\/sumes-i-restes-1.jpg 1600w\" sizes=\"auto, (max-width: 1024px) 100vw, 1024px\" \/><\/a><\/p>\n<p><a href=\"https:\/\/agora.xtec.cat\/escolanouclave\/wp-content\/uploads\/usu1363\/2020\/06\/sumes-i-restes.jpg\"><img loading=\"lazy\" decoding=\"async\" class=\"alignnone size-large wp-image-7839\" src=\"https:\/\/agora.xtec.cat\/escolanouclave\/wp-content\/uploads\/usu1363\/2020\/06\/sumes-i-restes-1024x724.jpg\" alt=\"\" width=\"1024\" height=\"724\" srcset=\"https:\/\/agora.xtec.cat\/escolanouclave\/wp-content\/uploads\/usu1363\/2020\/06\/sumes-i-restes-1024x724.jpg 1024w, https:\/\/agora.xtec.cat\/escolanouclave\/wp-content\/uploads\/usu1363\/2020\/06\/sumes-i-restes-300x212.jpg 300w, https:\/\/agora.xtec.cat\/escolanouclave\/wp-content\/uploads\/usu1363\/2020\/06\/sumes-i-restes-768x543.jpg 768w, https:\/\/agora.xtec.cat\/escolanouclave\/wp-content\/uploads\/usu1363\/2020\/06\/sumes-i-restes.jpg 1600w\" sizes=\"auto, (max-width: 1024px) 100vw, 1024px\" \/><\/a><\/p>\n<p>Espero que disfruteu molt del cap de setmana!!!!<br \/>\nMolts petonets!!! Fins dilluns!!!!<\/p>\n","protected":false},"excerpt":{"rendered":"<p>Booooon divendres elefants!!!! Vinga que avui ja \u00e9s l&#8217;\u00faltim d\u00eda de treball de la setmana!!!! Ja podeu anar a buscar la vostra m\u00e0quina tan xula que vau fer de sumar i restar que avui, us he preparat unes activitats on la podreu utilitzar, Tamb\u00e9 podeu preparar els colors, ceres, retoladors, ja que tamb\u00e9 els fareu [&hellip;]<\/p>\n","protected":false},"author":1,"featured_media":6284,"comment_status":"open","ping_status":"closed","sticky":false,"template":"","format":"standard","meta":{"_bbp_topic_count":0,"_bbp_reply_count":0,"_bbp_total_topic_count":0,"_bbp_total_reply_count":0,"_bbp_voice_count":0,"_bbp_anonymous_reply_count":0,"_bbp_topic_count_hidden":0,"_bbp_reply_count_hidden":0,"_bbp_forum_subforum_count":0,"site-sidebar-layout":"default","site-content-layout":"","ast-site-content-layout":"","site-content-style":"default","site-sidebar-style":"default","ast-global-header-display":"","ast-banner-title-visibility":"","ast-main-header-display":"","ast-hfb-above-header-display":"","ast-hfb-below-header-display":"","ast-hfb-mobile-header-display":"","site-post-title":"","ast-breadcrumbs-content":"","ast-featured-img":"","footer-sml-layout":"","theme-transparent-header-meta":"","adv-header-id-meta":"","stick-header-meta":"","header-above-stick-meta":"","header-main-stick-meta":"","header-below-stick-meta":"","astra-migrate-meta-layouts":"default","ast-page-background-enabled":"default","ast-page-background-meta":{"desktop":{"background-color":"var(--ast-global-color-4)","background-image":"","background-repeat":"repeat","background-position":"center center","background-size":"auto","background-attachment":"scroll","background-type":"","background-media":"","overlay-type":"","overlay-color":"","overlay-opacity":"","overlay-gradient":""},"tablet":{"background-color":"","background-image":"","background-repeat":"repeat","background-position":"center center","background-size":"auto","background-attachment":"scroll","background-type":"","background-media":"","overlay-type":"","overlay-color":"","overlay-opacity":"","overlay-gradient":""},"mobile":{"background-color":"","background-image":"","background-repeat":"repeat","background-position":"center center","background-size":"auto","background-attachment":"scroll","background-type":"","background-media":"","overlay-type":"","overlay-color":"","overlay-opacity":"","overlay-gradient":""}},"ast-content-background-meta":{"desktop":{"background-color":"var(--ast-global-color-5)","background-image":"","background-repeat":"repeat","background-position":"center center","background-size":"auto","background-attachment":"scroll","background-type":"","background-media":"","overlay-type":"","overlay-color":"","overlay-opacity":"","overlay-gradient":""},"tablet":{"background-color":"var(--ast-global-color-5)","background-image":"","background-repeat":"repeat","background-position":"center center","background-size":"auto","background-attachment":"scroll","background-type":"","background-media":"","overlay-type":"","overlay-color":"","overlay-opacity":"","overlay-gradient":""},"mobile":{"background-color":"var(--ast-global-color-5)","background-image":"","background-repeat":"repeat","background-position":"center center","background-size":"auto","background-attachment":"scroll","background-type":"","background-media":"","overlay-type":"","overlay-color":"","overlay-opacity":"","overlay-gradient":""}},"footnotes":""},"categories":[98],"tags":[684],"class_list":["post-7831","post","type-post","status-publish","format-standard","has-post-thumbnail","hentry","category-p5-infantil","tag-calcul-mental"],"post_mailing_queue_ids":[],"_links":{"self":[{"href":"https:\/\/agora.xtec.cat\/escolanouclave\/wp-json\/wp\/v2\/posts\/7831","targetHints":{"allow":["GET"]}}],"collection":[{"href":"https:\/\/agora.xtec.cat\/escolanouclave\/wp-json\/wp\/v2\/posts"}],"about":[{"href":"https:\/\/agora.xtec.cat\/escolanouclave\/wp-json\/wp\/v2\/types\/post"}],"author":[{"embeddable":true,"href":"https:\/\/agora.xtec.cat\/escolanouclave\/wp-json\/wp\/v2\/users\/1"}],"replies":[{"embeddable":true,"href":"https:\/\/agora.xtec.cat\/escolanouclave\/wp-json\/wp\/v2\/comments?post=7831"}],"version-history":[{"count":3,"href":"https:\/\/agora.xtec.cat\/escolanouclave\/wp-json\/wp\/v2\/posts\/7831\/revisions"}],"predecessor-version":[{"id":7854,"href":"https:\/\/agora.xtec.cat\/escolanouclave\/wp-json\/wp\/v2\/posts\/7831\/revisions\/7854"}],"wp:featuredmedia":[{"embeddable":true,"href":"https:\/\/agora.xtec.cat\/escolanouclave\/wp-json\/wp\/v2\/media\/6284"}],"wp:attachment":[{"href":"https:\/\/agora.xtec.cat\/escolanouclave\/wp-json\/wp\/v2\/media?parent=7831"}],"wp:term":[{"taxonomy":"category","embeddable":true,"href":"https:\/\/agora.xtec.cat\/escolanouclave\/wp-json\/wp\/v2\/categories?post=7831"},{"taxonomy":"post_tag","embeddable":true,"href":"https:\/\/agora.xtec.cat\/escolanouclave\/wp-json\/wp\/v2\/tags?post=7831"}],"curies":[{"name":"wp","href":"https:\/\/api.w.org\/{rel}","templated":true}]}}