{"id":7813,"date":"2020-06-04T06:57:39","date_gmt":"2020-06-04T04:57:39","guid":{"rendered":"http:\/\/agora.xtec.cat\/escolanouclave\/?p=7813"},"modified":"2020-11-18T16:39:51","modified_gmt":"2020-11-18T15:39:51","slug":"radio-clave-146-%f0%9f%8e%a7%f0%9f%93%bb","status":"publish","type":"post","link":"https:\/\/agora.xtec.cat\/escolanouclave\/general\/radio-clave-146-%f0%9f%8e%a7%f0%9f%93%bb\/","title":{"rendered":"R\u00e0dio Clav\u00e9 146"},"content":{"rendered":"<h4><a href=\"https:\/\/agora.xtec.cat\/escolanouclave\/wp-content\/uploads\/usu1363\/2020\/06\/R\u00c0DIO-CLAV\u00c9-146.jpg\"><img loading=\"lazy\" decoding=\"async\" class=\" wp-image-7815 alignleft\" src=\"https:\/\/agora.xtec.cat\/escolanouclave\/wp-content\/uploads\/usu1363\/2020\/06\/R\u00c0DIO-CLAV\u00c9-146.jpg\" alt=\"\" width=\"310\" height=\"315\" srcset=\"https:\/\/agora.xtec.cat\/escolanouclave\/wp-content\/uploads\/usu1363\/2020\/06\/R\u00c0DIO-CLAV\u00c9-146.jpg 451w, https:\/\/agora.xtec.cat\/escolanouclave\/wp-content\/uploads\/usu1363\/2020\/06\/R\u00c0DIO-CLAV\u00c9-146-295x300.jpg 295w\" sizes=\"auto, (max-width: 310px) 100vw, 310px\" \/><\/a><span style=\"color: #333399;\">A R\u00e0dio Clav\u00e9 146 pots escoltar alguns dels treballs realitzats pels nostres alumnes de l&#8217;ESO. Si est\u00e0s interessat en la cura del planeta, les persones, la hist\u00f2ria, l&#8217;art i la cultura en general, aquest \u00e9s el teu canal!<\/span><\/h4>\n<p>&nbsp;<\/p>\n<p>&nbsp;<\/p>\n<p>&nbsp;<\/p>\n<p>&nbsp;<\/p>\n<p>&nbsp;<\/p>\n<h5><\/h5>\n<h5><\/h5>\n<h5><span style=\"color: #000080;\"><strong><em>Campanya de recollida d&#8217;aliments<\/em><\/strong>. Fragment de l&#8217;espai <a href=\"https:\/\/www.radiomollet.com\/programs\/posalespiles\/radiomollet_podcast_15860\"><em>Posa&#8217;t les piles <\/em>de R\u00e0dio Mollet 96.3fm<\/a>.\u00a0 A.M. i A.V. 18\/11\/2020. 3r d&#8217;ESO. Data de publicaci\u00f3: 18 de novembre de 2020. 16.32h<\/span><span style=\"color: #000080;\">.\u00a0<\/span><\/h5>\n<!--[if lt IE 9]><script>document.createElement('audio');<\/script><![endif]-->\n<audio class=\"wp-audio-shortcode\" id=\"audio-7813-1\" preload=\"none\" style=\"width: 100%;\" controls=\"controls\"><source type=\"audio\/mpeg\" src=\"https:\/\/agora.xtec.cat\/escolanouclave\/wp-content\/uploads\/usu1363\/2020\/06\/Posat-les-piles-18_11_2020.mp3?_=1\" \/><a href=\"https:\/\/agora.xtec.cat\/escolanouclave\/wp-content\/uploads\/usu1363\/2020\/06\/Posat-les-piles-18_11_2020.mp3\">https:\/\/agora.xtec.cat\/escolanouclave\/wp-content\/uploads\/usu1363\/2020\/06\/Posat-les-piles-18_11_2020.mp3<\/a><\/audio>\n<h5><span style=\"color: #000080;\"><strong><em>Les platges m\u00e9s netes<\/em><\/strong>. R.M. i C.I. 4t d&#8217;ESO. Data de publicaci\u00f3: 17 de novembre de 2020. 13.47h<\/span><span style=\"color: #000080;\">.<\/span><\/h5>\n<audio class=\"wp-audio-shortcode\" id=\"audio-7813-2\" preload=\"none\" style=\"width: 100%;\" controls=\"controls\"><source type=\"audio\/mpeg\" src=\"https:\/\/agora.xtec.cat\/escolanouclave\/wp-content\/uploads\/usu1363\/2020\/06\/Les-platges-m\u00e9s-netes.mp3?_=2\" \/><a href=\"https:\/\/agora.xtec.cat\/escolanouclave\/wp-content\/uploads\/usu1363\/2020\/06\/Les-platges-m\u00e9s-netes.mp3\">https:\/\/agora.xtec.cat\/escolanouclave\/wp-content\/uploads\/usu1363\/2020\/06\/Les-platges-m\u00e9s-netes.mp3<\/a><\/audio>\n<h5><span style=\"color: #000080;\"><strong><em>Les platges m\u00e9s brutes<\/em><\/strong>. N.R. i P. L. 4t d&#8217;ESO. Data de publicaci\u00f3: 17 de novembre de 2020. 13.44h<\/span><span style=\"color: #000080;\">.<\/span><\/h5>\n<audio class=\"wp-audio-shortcode\" id=\"audio-7813-3\" preload=\"none\" style=\"width: 100%;\" controls=\"controls\"><source type=\"audio\/mpeg\" src=\"https:\/\/agora.xtec.cat\/escolanouclave\/wp-content\/uploads\/usu1363\/2020\/06\/Les-platges-m\u00e9s-brutes.mp3?_=3\" \/><a href=\"https:\/\/agora.xtec.cat\/escolanouclave\/wp-content\/uploads\/usu1363\/2020\/06\/Les-platges-m\u00e9s-brutes.mp3\">https:\/\/agora.xtec.cat\/escolanouclave\/wp-content\/uploads\/usu1363\/2020\/06\/Les-platges-m\u00e9s-brutes.mp3<\/a><\/audio>\n<h5><span style=\"color: #000080;\"> <strong><em>La revolta dels remences<\/em><\/strong>. M.R. 2n d&#8217;ESO. Data de publicaci\u00f3: 15 de juny de 2020. 07.48h<\/span><span style=\"color: #000080;\">.<\/span><\/h5>\n<audio class=\"wp-audio-shortcode\" id=\"audio-7813-4\" preload=\"none\" style=\"width: 100%;\" controls=\"controls\"><source type=\"audio\/mpeg\" src=\"https:\/\/agora.xtec.cat\/escolanouclave\/wp-content\/uploads\/usu1363\/2020\/06\/meli.mp3?_=4\" \/><a href=\"https:\/\/agora.xtec.cat\/escolanouclave\/wp-content\/uploads\/usu1363\/2020\/06\/meli.mp3\">https:\/\/agora.xtec.cat\/escolanouclave\/wp-content\/uploads\/usu1363\/2020\/06\/meli.mp3<\/a><\/audio>\n<h5><span style=\"color: #000080;\"> <strong><em>Etapes de la civilitzaci\u00f3 grega<\/em><\/strong>. Y.D. 1r d&#8217;ESO. Data de publicaci\u00f3: 8 de juny de 2020. 21.53h<\/span><span style=\"color: #000080;\">.<\/span><\/h5>\n<audio class=\"wp-audio-shortcode\" id=\"audio-7813-5\" preload=\"none\" style=\"width: 100%;\" controls=\"controls\"><source type=\"audio\/mpeg\" src=\"https:\/\/agora.xtec.cat\/escolanouclave\/wp-content\/uploads\/usu1363\/2020\/06\/La-civilitzaci\u00f3-grega.mp3?_=5\" \/><a href=\"https:\/\/agora.xtec.cat\/escolanouclave\/wp-content\/uploads\/usu1363\/2020\/06\/La-civilitzaci\u00f3-grega.mp3\">https:\/\/agora.xtec.cat\/escolanouclave\/wp-content\/uploads\/usu1363\/2020\/06\/La-civilitzaci\u00f3-grega.mp3<\/a><\/audio>\n<h5><span style=\"color: #000080;\"> <strong><em>Poemes de Sant Jordi<\/em><\/strong>. C.A. i E.L. 1r i 2n d&#8217;ESO. Data de publicaci\u00f3: 8 de juny de 2020. 21.47h<\/span><span style=\"color: #000080;\">.<\/span><\/h5>\n<audio class=\"wp-audio-shortcode\" id=\"audio-7813-6\" preload=\"none\" style=\"width: 100%;\" controls=\"controls\"><source type=\"audio\/mpeg\" src=\"https:\/\/agora.xtec.cat\/escolanouclave\/wp-content\/uploads\/usu1363\/2020\/06\/santjordi.mp3?_=6\" \/><a href=\"https:\/\/agora.xtec.cat\/escolanouclave\/wp-content\/uploads\/usu1363\/2020\/06\/santjordi.mp3\">https:\/\/agora.xtec.cat\/escolanouclave\/wp-content\/uploads\/usu1363\/2020\/06\/santjordi.mp3<\/a><\/audio>\n<h5><span style=\"color: #000080;\"> <strong><em>L&#8217;esclat de la Guerra Civil Espanyola<\/em><\/strong>. M.T. 4t d&#8217;ESO. Data de publicaci\u00f3: 4 de juny de 2020. 7.51h.<\/span><\/h5>\n<audio class=\"wp-audio-shortcode\" id=\"audio-7813-7\" preload=\"none\" style=\"width: 100%;\" controls=\"controls\"><source type=\"audio\/mpeg\" src=\"https:\/\/agora.xtec.cat\/escolanouclave\/wp-content\/uploads\/usu1363\/2020\/06\/Audio-guerra-civil-online-audio-converter.com_.mp3?_=7\" \/><a href=\"https:\/\/agora.xtec.cat\/escolanouclave\/wp-content\/uploads\/usu1363\/2020\/06\/Audio-guerra-civil-online-audio-converter.com_.mp3\">https:\/\/agora.xtec.cat\/escolanouclave\/wp-content\/uploads\/usu1363\/2020\/06\/Audio-guerra-civil-online-audio-converter.com_.mp3<\/a><\/audio>\n<h5><\/h5>\n<h5><span style=\"color: #000080;\"><strong><em>\u00a0L&#8217;Humanisme.<\/em><\/strong> N.R. 3r d&#8217;ESO. Data de publicaci\u00f3: 4 de juny de 2020. 7.21h.<\/span><\/h5>\n<audio class=\"wp-audio-shortcode\" id=\"audio-7813-8\" preload=\"none\" style=\"width: 100%;\" controls=\"controls\"><source type=\"audio\/mpeg\" src=\"https:\/\/agora.xtec.cat\/escolanouclave\/wp-content\/uploads\/usu1363\/2020\/06\/humanisme.mp3?_=8\" \/><a href=\"https:\/\/agora.xtec.cat\/escolanouclave\/wp-content\/uploads\/usu1363\/2020\/06\/humanisme.mp3\">https:\/\/agora.xtec.cat\/escolanouclave\/wp-content\/uploads\/usu1363\/2020\/06\/humanisme.mp3<\/a><\/audio>\n<h5><\/h5>\n<h5><\/h5>\n<h5><span style=\"color: #000080;\"><strong><em>\u00a0La Marca Hisp\u00e0nica<\/em><\/strong>. I.F. 2n d&#8217;ESO. Data de publicaci\u00f3: 4 de juny de 2020. 7:08h<\/span><\/h5>\n<audio class=\"wp-audio-shortcode\" id=\"audio-7813-9\" preload=\"none\" style=\"width: 100%;\" controls=\"controls\"><source type=\"audio\/mpeg\" src=\"https:\/\/agora.xtec.cat\/escolanouclave\/wp-content\/uploads\/usu1363\/2020\/06\/marca.mp3?_=9\" \/><a href=\"https:\/\/agora.xtec.cat\/escolanouclave\/wp-content\/uploads\/usu1363\/2020\/06\/marca.mp3\">https:\/\/agora.xtec.cat\/escolanouclave\/wp-content\/uploads\/usu1363\/2020\/06\/marca.mp3<\/a><\/audio>\n<h5><\/h5>\n<h5><\/h5>\n<h5><span style=\"color: #000080;\"><em> <strong>El mite d&#8217;Osiris<\/strong><\/em>. R.B. 1r d&#8217;ESO. Data de publicaci\u00f3: 4 de juny de 2020. 6.08h\u00a0<\/span><\/h5>\n<audio class=\"wp-audio-shortcode\" id=\"audio-7813-10\" preload=\"none\" style=\"width: 100%;\" controls=\"controls\"><source type=\"audio\/mpeg\" src=\"https:\/\/agora.xtec.cat\/escolanouclave\/wp-content\/uploads\/usu1363\/2020\/06\/El-mite-dOsiris-treball-complet.mp3?_=10\" \/><a href=\"https:\/\/agora.xtec.cat\/escolanouclave\/wp-content\/uploads\/usu1363\/2020\/06\/El-mite-dOsiris-treball-complet.mp3\">https:\/\/agora.xtec.cat\/escolanouclave\/wp-content\/uploads\/usu1363\/2020\/06\/El-mite-dOsiris-treball-complet.mp3<\/a><\/audio>\n<p>&nbsp;<\/p>\n<p>&nbsp;<\/p>\n","protected":false},"excerpt":{"rendered":"<p>A R\u00e0dio Clav\u00e9 146 pots escoltar alguns dels treballs realitzats pels nostres alumnes de l&#8217;ESO. Si est\u00e0s interessat en la cura del planeta, les persones, la hist\u00f2ria, l&#8217;art i la cultura en general, aquest \u00e9s el teu canal! &nbsp; &nbsp; &nbsp; &nbsp; &nbsp; Campanya de recollida d&#8217;aliments. Fragment de l&#8217;espai Posa&#8217;t les piles de R\u00e0dio [&hellip;]<\/p>\n","protected":false},"author":1,"featured_media":7815,"comment_status":"open","ping_status":"closed","sticky":false,"template":"","format":"standard","meta":{"_bbp_topic_count":0,"_bbp_reply_count":0,"_bbp_total_topic_count":0,"_bbp_total_reply_count":0,"_bbp_voice_count":0,"_bbp_anonymous_reply_count":0,"_bbp_topic_count_hidden":0,"_bbp_reply_count_hidden":0,"_bbp_forum_subforum_count":0,"site-sidebar-layout":"default","site-content-layout":"","ast-site-content-layout":"","site-content-style":"default","site-sidebar-style":"default","ast-global-header-display":"","ast-banner-title-visibility":"","ast-main-header-display":"","ast-hfb-above-header-display":"","ast-hfb-below-header-display":"","ast-hfb-mobile-header-display":"","site-post-title":"","ast-breadcrumbs-content":"","ast-featured-img":"","footer-sml-layout":"","theme-transparent-header-meta":"","adv-header-id-meta":"","stick-header-meta":"","header-above-stick-meta":"","header-main-stick-meta":"","header-below-stick-meta":"","astra-migrate-meta-layouts":"default","ast-page-background-enabled":"default","ast-page-background-meta":{"desktop":{"background-color":"var(--ast-global-color-4)","background-image":"","background-repeat":"repeat","background-position":"center center","background-size":"auto","background-attachment":"scroll","background-type":"","background-media":"","overlay-type":"","overlay-color":"","overlay-opacity":"","overlay-gradient":""},"tablet":{"background-color":"","background-image":"","background-repeat":"repeat","background-position":"center center","background-size":"auto","background-attachment":"scroll","background-type":"","background-media":"","overlay-type":"","overlay-color":"","overlay-opacity":"","overlay-gradient":""},"mobile":{"background-color":"","background-image":"","background-repeat":"repeat","background-position":"center center","background-size":"auto","background-attachment":"scroll","background-type":"","background-media":"","overlay-type":"","overlay-color":"","overlay-opacity":"","overlay-gradient":""}},"ast-content-background-meta":{"desktop":{"background-color":"var(--ast-global-color-5)","background-image":"","background-repeat":"repeat","background-position":"center center","background-size":"auto","background-attachment":"scroll","background-type":"","background-media":"","overlay-type":"","overlay-color":"","overlay-opacity":"","overlay-gradient":""},"tablet":{"background-color":"var(--ast-global-color-5)","background-image":"","background-repeat":"repeat","background-position":"center center","background-size":"auto","background-attachment":"scroll","background-type":"","background-media":"","overlay-type":"","overlay-color":"","overlay-opacity":"","overlay-gradient":""},"mobile":{"background-color":"var(--ast-global-color-5)","background-image":"","background-repeat":"repeat","background-position":"center center","background-size":"auto","background-attachment":"scroll","background-type":"","background-media":"","overlay-type":"","overlay-color":"","overlay-opacity":"","overlay-gradient":""}},"footnotes":""},"categories":[78,77,80,81,1],"tags":[83,125],"class_list":["post-7813","post","type-post","status-publish","format-standard","has-post-thumbnail","hentry","category-1r-eso","category-2n-eso","category-3r-eso","category-4t-eso","category-general","tag-infonodes","tag-radio"],"post_mailing_queue_ids":[],"_links":{"self":[{"href":"https:\/\/agora.xtec.cat\/escolanouclave\/wp-json\/wp\/v2\/posts\/7813","targetHints":{"allow":["GET"]}}],"collection":[{"href":"https:\/\/agora.xtec.cat\/escolanouclave\/wp-json\/wp\/v2\/posts"}],"about":[{"href":"https:\/\/agora.xtec.cat\/escolanouclave\/wp-json\/wp\/v2\/types\/post"}],"author":[{"embeddable":true,"href":"https:\/\/agora.xtec.cat\/escolanouclave\/wp-json\/wp\/v2\/users\/1"}],"replies":[{"embeddable":true,"href":"https:\/\/agora.xtec.cat\/escolanouclave\/wp-json\/wp\/v2\/comments?post=7813"}],"version-history":[{"count":3,"href":"https:\/\/agora.xtec.cat\/escolanouclave\/wp-json\/wp\/v2\/posts\/7813\/revisions"}],"predecessor-version":[{"id":8794,"href":"https:\/\/agora.xtec.cat\/escolanouclave\/wp-json\/wp\/v2\/posts\/7813\/revisions\/8794"}],"wp:featuredmedia":[{"embeddable":true,"href":"https:\/\/agora.xtec.cat\/escolanouclave\/wp-json\/wp\/v2\/media\/7815"}],"wp:attachment":[{"href":"https:\/\/agora.xtec.cat\/escolanouclave\/wp-json\/wp\/v2\/media?parent=7813"}],"wp:term":[{"taxonomy":"category","embeddable":true,"href":"https:\/\/agora.xtec.cat\/escolanouclave\/wp-json\/wp\/v2\/categories?post=7813"},{"taxonomy":"post_tag","embeddable":true,"href":"https:\/\/agora.xtec.cat\/escolanouclave\/wp-json\/wp\/v2\/tags?post=7813"}],"curies":[{"name":"wp","href":"https:\/\/api.w.org\/{rel}","templated":true}]}}