{"id":7691,"date":"2020-06-03T08:31:40","date_gmt":"2020-06-03T06:31:40","guid":{"rendered":"http:\/\/agora.xtec.cat\/escolanouclave\/?p=7691"},"modified":"2020-06-03T08:31:40","modified_gmt":"2020-06-03T06:31:40","slug":"actividad-18-lengua-castellana-3-juny-2020-hablemos-de","status":"publish","type":"post","link":"https:\/\/agora.xtec.cat\/escolanouclave\/primaria\/3r\/actividad-18-lengua-castellana-3-juny-2020-hablemos-de\/","title":{"rendered":"ACTIVIDAD 18 (Lengua castellana) \/ 3-juny-2020 \/ Hablemos de&#8230;"},"content":{"rendered":"<p><a href=\"https:\/\/agora.xtec.cat\/escolanouclave\/wp-content\/uploads\/usu1363\/2020\/04\/Lengua-castellana-14.png\"><img loading=\"lazy\" decoding=\"async\" class=\"wp-image-3603 aligncenter\" src=\"https:\/\/agora.xtec.cat\/escolanouclave\/wp-content\/uploads\/usu1363\/2020\/04\/Lengua-castellana-14.png\" alt=\"\" width=\"555\" height=\"211\" srcset=\"https:\/\/agora.xtec.cat\/escolanouclave\/wp-content\/uploads\/usu1363\/2020\/04\/Lengua-castellana-14.png 820w, https:\/\/agora.xtec.cat\/escolanouclave\/wp-content\/uploads\/usu1363\/2020\/04\/Lengua-castellana-14-300x114.png 300w, https:\/\/agora.xtec.cat\/escolanouclave\/wp-content\/uploads\/usu1363\/2020\/04\/Lengua-castellana-14-768x292.png 768w\" sizes=\"auto, (max-width: 555px) 100vw, 555px\" \/><\/a><\/p>\n<p>\u00a1Buenos d\u00edas chic@s!<\/p>\n<p>Este trimestre ha sido un poco raro para todos y todas, pero creo que es bueno pensar y reflexionar sobre c\u00f3mo lo hemos vivido.<\/p>\n<p>Me gustar\u00eda mucho que pensarais en el confinamiento y escribierais en 6 &#8211; 10 l\u00edneas c\u00f3mo os hab\u00e9is sentido, qu\u00e9 hab\u00e9is hecho&#8230;<\/p>\n<p>Para daros ideas, os he preparado este <a href=\"https:\/\/agora.xtec.cat\/escolanouclave\/wp-content\/uploads\/usu1363\/2020\/06\/\u00bfC\u00f3mo-me-he-sentido_-1.pdf\">DOCUMENTO <\/a>en el que encontrar\u00e9is diferentes puntos a hablar en el texto, pero pod\u00e9is hablar de lo que m\u00e1s os guste.<\/p>\n<p><em><strong>* Recordad hacer muy buena letra y una buena presentaci\u00f3n.<\/strong><\/em><\/p>\n<p><em><strong>** En terminar de escribir, pod\u00e9is hacer un dibujo que refleje lo que hab\u00e9is explicado.<\/strong><\/em><\/p>\n<p><em><strong>*** Pod\u00e9is colgar esta tarea en el Drive una vez terminada.<\/strong><\/em><\/p>\n<p>Feliz mi\u00e9rcoles y buena faena \ud83d\ude42<\/p>\n","protected":false},"excerpt":{"rendered":"<p>\u00a1Buenos d\u00edas chic@s! Este trimestre ha sido un poco raro para todos y todas, pero creo que es bueno pensar y reflexionar sobre c\u00f3mo lo hemos vivido. Me gustar\u00eda mucho que pensarais en el confinamiento y escribierais en 6 &#8211; 10 l\u00edneas c\u00f3mo os hab\u00e9is sentido, qu\u00e9 hab\u00e9is hecho&#8230; Para daros ideas, os he preparado [&hellip;]<\/p>\n","protected":false},"author":22,"featured_media":3603,"comment_status":"open","ping_status":"closed","sticky":false,"template":"","format":"standard","meta":{"_bbp_topic_count":0,"_bbp_reply_count":0,"_bbp_total_topic_count":0,"_bbp_total_reply_count":0,"_bbp_voice_count":0,"_bbp_anonymous_reply_count":0,"_bbp_topic_count_hidden":0,"_bbp_reply_count_hidden":0,"_bbp_forum_subforum_count":0,"site-sidebar-layout":"default","site-content-layout":"","ast-site-content-layout":"","site-content-style":"default","site-sidebar-style":"default","ast-global-header-display":"","ast-banner-title-visibility":"","ast-main-header-display":"","ast-hfb-above-header-display":"","ast-hfb-below-header-display":"","ast-hfb-mobile-header-display":"","site-post-title":"","ast-breadcrumbs-content":"","ast-featured-img":"","footer-sml-layout":"","theme-transparent-header-meta":"","adv-header-id-meta":"","stick-header-meta":"","header-above-stick-meta":"","header-main-stick-meta":"","header-below-stick-meta":"","astra-migrate-meta-layouts":"default","ast-page-background-enabled":"default","ast-page-background-meta":{"desktop":{"background-color":"var(--ast-global-color-4)","background-image":"","background-repeat":"repeat","background-position":"center center","background-size":"auto","background-attachment":"scroll","background-type":"","background-media":"","overlay-type":"","overlay-color":"","overlay-opacity":"","overlay-gradient":""},"tablet":{"background-color":"","background-image":"","background-repeat":"repeat","background-position":"center center","background-size":"auto","background-attachment":"scroll","background-type":"","background-media":"","overlay-type":"","overlay-color":"","overlay-opacity":"","overlay-gradient":""},"mobile":{"background-color":"","background-image":"","background-repeat":"repeat","background-position":"center center","background-size":"auto","background-attachment":"scroll","background-type":"","background-media":"","overlay-type":"","overlay-color":"","overlay-opacity":"","overlay-gradient":""}},"ast-content-background-meta":{"desktop":{"background-color":"var(--ast-global-color-5)","background-image":"","background-repeat":"repeat","background-position":"center center","background-size":"auto","background-attachment":"scroll","background-type":"","background-media":"","overlay-type":"","overlay-color":"","overlay-opacity":"","overlay-gradient":""},"tablet":{"background-color":"var(--ast-global-color-5)","background-image":"","background-repeat":"repeat","background-position":"center center","background-size":"auto","background-attachment":"scroll","background-type":"","background-media":"","overlay-type":"","overlay-color":"","overlay-opacity":"","overlay-gradient":""},"mobile":{"background-color":"var(--ast-global-color-5)","background-image":"","background-repeat":"repeat","background-position":"center center","background-size":"auto","background-attachment":"scroll","background-type":"","background-media":"","overlay-type":"","overlay-color":"","overlay-opacity":"","overlay-gradient":""}},"footnotes":""},"categories":[12,13],"tags":[728,254,856,118],"class_list":["post-7691","post","type-post","status-publish","format-standard","has-post-thumbnail","hentry","category-3r","category-4t","tag-cicle-mitja","tag-escritura","tag-hablemos-de","tag-lengua-castellana"],"post_mailing_queue_ids":[],"_links":{"self":[{"href":"https:\/\/agora.xtec.cat\/escolanouclave\/wp-json\/wp\/v2\/posts\/7691","targetHints":{"allow":["GET"]}}],"collection":[{"href":"https:\/\/agora.xtec.cat\/escolanouclave\/wp-json\/wp\/v2\/posts"}],"about":[{"href":"https:\/\/agora.xtec.cat\/escolanouclave\/wp-json\/wp\/v2\/types\/post"}],"author":[{"embeddable":true,"href":"https:\/\/agora.xtec.cat\/escolanouclave\/wp-json\/wp\/v2\/users\/22"}],"replies":[{"embeddable":true,"href":"https:\/\/agora.xtec.cat\/escolanouclave\/wp-json\/wp\/v2\/comments?post=7691"}],"version-history":[{"count":1,"href":"https:\/\/agora.xtec.cat\/escolanouclave\/wp-json\/wp\/v2\/posts\/7691\/revisions"}],"predecessor-version":[{"id":7702,"href":"https:\/\/agora.xtec.cat\/escolanouclave\/wp-json\/wp\/v2\/posts\/7691\/revisions\/7702"}],"wp:featuredmedia":[{"embeddable":true,"href":"https:\/\/agora.xtec.cat\/escolanouclave\/wp-json\/wp\/v2\/media\/3603"}],"wp:attachment":[{"href":"https:\/\/agora.xtec.cat\/escolanouclave\/wp-json\/wp\/v2\/media?parent=7691"}],"wp:term":[{"taxonomy":"category","embeddable":true,"href":"https:\/\/agora.xtec.cat\/escolanouclave\/wp-json\/wp\/v2\/categories?post=7691"},{"taxonomy":"post_tag","embeddable":true,"href":"https:\/\/agora.xtec.cat\/escolanouclave\/wp-json\/wp\/v2\/tags?post=7691"}],"curies":[{"name":"wp","href":"https:\/\/api.w.org\/{rel}","templated":true}]}}