{"id":7635,"date":"2020-06-07T18:56:49","date_gmt":"2020-06-07T16:56:49","guid":{"rendered":"http:\/\/agora.xtec.cat\/escolanouclave\/?p=7635"},"modified":"2020-06-07T18:56:49","modified_gmt":"2020-06-07T16:56:49","slug":"setmana-del-8-al-12-de-juny-llengua-catalana","status":"publish","type":"post","link":"https:\/\/agora.xtec.cat\/escolanouclave\/primaria\/6e\/setmana-del-8-al-12-de-juny-llengua-catalana\/","title":{"rendered":"SETMANA DEl 8 AL 12  DE JUNY (Llengua Catalana)"},"content":{"rendered":"<p>&nbsp;<\/p>\n<p><img loading=\"lazy\" decoding=\"async\" class=\"aligncenter\" src=\"https:\/\/thumbs.dreamstime.com\/z\/en-un-fondo-de-madera-miente-grupo-letras-del-alfabeto-ruso-107834560.jpg\" alt=\"En Un Fondo De Madera Miente Un Grupo De Letras Del Alfabeto Ruso ...\" width=\"282\" height=\"207\" \/><\/p>\n<p>&nbsp;<\/p>\n<p>Bon dia !!!<\/p>\n<p>Aqu\u00ed teniu tota la feina que heu de fer durant aquesta setmana:<\/p>\n<p>Per accedir als audios , v\u00eddeos i altres documents que us he preparat heu de clicar aquest enlla\u00e7:<\/p>\n<p><a href=\"https:\/\/drive.google.com\/drive\/u\/1\/folders\/1vBkSo3rDmWa2lB-Ho_9a9vVItkfNkHXP\">https:\/\/drive.google.com\/drive\/u\/1\/folders\/1vBkSo3rDmWa2lB-Ho_9a9vVItkfNkHXP<\/a><\/p>\n<p><em><strong>Dilluns:\u00a0<\/strong><\/em>heu de fer totes les activitats de\u00a0 la tasca 11\u00a0 de Comunicaci\u00f3 oral &#8220;Reclama el que et sembla just&#8221;.<\/p>\n<p>Tamb\u00e9 heu de fer les correccions de les tasques de la setmana anterior.<\/p>\n<p><em><strong>Dimecres:\u00a0<\/strong><\/em>fareu la tasca 20\u00a0 d&#8217;Escriptura &#8220;Descripci\u00f3 d&#8217;una pe\u00e7a de roba&#8221; ( activitats 1, 2, 3,i 4 )<\/p>\n<p><em><strong>Dijous: <\/strong><\/em>heu de fer la fitxa 15 d&#8217;ortografia.\u00a0 \u00a0&#8220;Rep\u00e0s de puntuaci\u00f3&#8221; El v\u00eddeo inclou un dictat que M&#8217;HEU D&#8217;ENVIAR.<\/p>\n<p>Si voleu podem fer aquesta tasca entre tots per hangouts.<\/p>\n<p><em><strong>Divendres:\u00a0<\/strong><\/em>heu de fer la seg\u00fcent fitxa de comprensi\u00f3:<\/p>\n<p><a href=\"https:\/\/es.liveworksheets.com\/dn197503rk\">https:\/\/es.liveworksheets.com\/dn197503rk<\/a><\/p>\n<p>A reveure!!!<\/p>\n","protected":false},"excerpt":{"rendered":"<p>&nbsp; &nbsp; Bon dia !!! Aqu\u00ed teniu tota la feina que heu de fer durant aquesta setmana: Per accedir als audios , v\u00eddeos i altres documents que us he preparat heu de clicar aquest enlla\u00e7: https:\/\/drive.google.com\/drive\/u\/1\/folders\/1vBkSo3rDmWa2lB-Ho_9a9vVItkfNkHXP Dilluns:\u00a0heu de fer totes les activitats de\u00a0 la tasca 11\u00a0 de Comunicaci\u00f3 oral &#8220;Reclama el que et sembla just&#8221;. [&hellip;]<\/p>\n","protected":false},"author":1,"featured_media":3938,"comment_status":"open","ping_status":"closed","sticky":false,"template":"","format":"standard","meta":{"_bbp_topic_count":0,"_bbp_reply_count":0,"_bbp_total_topic_count":0,"_bbp_total_reply_count":0,"_bbp_voice_count":0,"_bbp_anonymous_reply_count":0,"_bbp_topic_count_hidden":0,"_bbp_reply_count_hidden":0,"_bbp_forum_subforum_count":0,"site-sidebar-layout":"default","site-content-layout":"","ast-site-content-layout":"","site-content-style":"default","site-sidebar-style":"default","ast-global-header-display":"","ast-banner-title-visibility":"","ast-main-header-display":"","ast-hfb-above-header-display":"","ast-hfb-below-header-display":"","ast-hfb-mobile-header-display":"","site-post-title":"","ast-breadcrumbs-content":"","ast-featured-img":"","footer-sml-layout":"","theme-transparent-header-meta":"","adv-header-id-meta":"","stick-header-meta":"","header-above-stick-meta":"","header-main-stick-meta":"","header-below-stick-meta":"","astra-migrate-meta-layouts":"default","ast-page-background-enabled":"default","ast-page-background-meta":{"desktop":{"background-color":"var(--ast-global-color-4)","background-image":"","background-repeat":"repeat","background-position":"center center","background-size":"auto","background-attachment":"scroll","background-type":"","background-media":"","overlay-type":"","overlay-color":"","overlay-opacity":"","overlay-gradient":""},"tablet":{"background-color":"","background-image":"","background-repeat":"repeat","background-position":"center center","background-size":"auto","background-attachment":"scroll","background-type":"","background-media":"","overlay-type":"","overlay-color":"","overlay-opacity":"","overlay-gradient":""},"mobile":{"background-color":"","background-image":"","background-repeat":"repeat","background-position":"center center","background-size":"auto","background-attachment":"scroll","background-type":"","background-media":"","overlay-type":"","overlay-color":"","overlay-opacity":"","overlay-gradient":""}},"ast-content-background-meta":{"desktop":{"background-color":"var(--ast-global-color-5)","background-image":"","background-repeat":"repeat","background-position":"center center","background-size":"auto","background-attachment":"scroll","background-type":"","background-media":"","overlay-type":"","overlay-color":"","overlay-opacity":"","overlay-gradient":""},"tablet":{"background-color":"var(--ast-global-color-5)","background-image":"","background-repeat":"repeat","background-position":"center center","background-size":"auto","background-attachment":"scroll","background-type":"","background-media":"","overlay-type":"","overlay-color":"","overlay-opacity":"","overlay-gradient":""},"mobile":{"background-color":"var(--ast-global-color-5)","background-image":"","background-repeat":"repeat","background-position":"center center","background-size":"auto","background-attachment":"scroll","background-type":"","background-media":"","overlay-type":"","overlay-color":"","overlay-opacity":"","overlay-gradient":""}},"footnotes":""},"categories":[15],"tags":[258],"class_list":["post-7635","post","type-post","status-publish","format-standard","has-post-thumbnail","hentry","category-6e","tag-llengua-catalana"],"post_mailing_queue_ids":[],"_links":{"self":[{"href":"https:\/\/agora.xtec.cat\/escolanouclave\/wp-json\/wp\/v2\/posts\/7635","targetHints":{"allow":["GET"]}}],"collection":[{"href":"https:\/\/agora.xtec.cat\/escolanouclave\/wp-json\/wp\/v2\/posts"}],"about":[{"href":"https:\/\/agora.xtec.cat\/escolanouclave\/wp-json\/wp\/v2\/types\/post"}],"author":[{"embeddable":true,"href":"https:\/\/agora.xtec.cat\/escolanouclave\/wp-json\/wp\/v2\/users\/1"}],"replies":[{"embeddable":true,"href":"https:\/\/agora.xtec.cat\/escolanouclave\/wp-json\/wp\/v2\/comments?post=7635"}],"version-history":[{"count":3,"href":"https:\/\/agora.xtec.cat\/escolanouclave\/wp-json\/wp\/v2\/posts\/7635\/revisions"}],"predecessor-version":[{"id":8011,"href":"https:\/\/agora.xtec.cat\/escolanouclave\/wp-json\/wp\/v2\/posts\/7635\/revisions\/8011"}],"wp:featuredmedia":[{"embeddable":true,"href":"https:\/\/agora.xtec.cat\/escolanouclave\/wp-json\/wp\/v2\/media\/3938"}],"wp:attachment":[{"href":"https:\/\/agora.xtec.cat\/escolanouclave\/wp-json\/wp\/v2\/media?parent=7635"}],"wp:term":[{"taxonomy":"category","embeddable":true,"href":"https:\/\/agora.xtec.cat\/escolanouclave\/wp-json\/wp\/v2\/categories?post=7635"},{"taxonomy":"post_tag","embeddable":true,"href":"https:\/\/agora.xtec.cat\/escolanouclave\/wp-json\/wp\/v2\/tags?post=7635"}],"curies":[{"name":"wp","href":"https:\/\/api.w.org\/{rel}","templated":true}]}}