{"id":7593,"date":"2020-06-01T21:37:11","date_gmt":"2020-06-01T19:37:11","guid":{"rendered":"http:\/\/agora.xtec.cat\/escolanouclave\/?p=7593"},"modified":"2020-06-02T10:48:49","modified_gmt":"2020-06-02T08:48:49","slug":"educacio-fisica-ja-sabem-fins-a-on-hem-arribat","status":"publish","type":"post","link":"https:\/\/agora.xtec.cat\/escolanouclave\/general\/educacio-fisica-ja-sabem-fins-a-on-hem-arribat\/","title":{"rendered":"Educaci\u00f3 F\u00edsica \/ Ja sabem fins a on hem arribat!!!"},"content":{"rendered":"<p><span style=\"font-weight: 400\">Uauuuuuu!!!!<\/span><\/p>\n<p><span style=\"font-weight: 400\">Estic molt content! Hem caminat mooooolt, i a m\u00e9s, els alumnes de l&#8217;ESO i els seus familiars tamb\u00e9 s&#8217;han volgut afegir amb nosaltres. Entre tots hem caminat ni m\u00e9s ni menys que <strong>5.500<\/strong><\/span><strong>\u00a0quil\u00f2metres<\/strong><span style=\"font-weight: 400\"><strong>!!!<\/strong> ????<\/span><\/p>\n<p><span style=\"font-weight: 400\">Gr\u00e0cies a tots vosaltres hem aconseguit arribar i plantar la nostra bandera a Kuwait.<\/span><\/p>\n<p><span style=\"font-weight: 400\">Els habitants de Kuwait podran veure que una petita per\u00f2 valenta escola de Mollet del Vall\u00e8s ha fet tot un llarg cam\u00ed per arribar fins all\u00e0.\u00a0<\/span><\/p>\n<p><a href=\"https:\/\/agora.xtec.cat\/escolanouclave\/wp-content\/uploads\/usu1363\/2020\/05\/kuwait.jpg\"><img loading=\"lazy\" decoding=\"async\" class=\" wp-image-7583 aligncenter\" src=\"https:\/\/agora.xtec.cat\/escolanouclave\/wp-content\/uploads\/usu1363\/2020\/05\/kuwait.jpg\" alt=\"\" width=\"615\" height=\"422\" srcset=\"https:\/\/agora.xtec.cat\/escolanouclave\/wp-content\/uploads\/usu1363\/2020\/05\/kuwait.jpg 798w, https:\/\/agora.xtec.cat\/escolanouclave\/wp-content\/uploads\/usu1363\/2020\/05\/kuwait-300x206.jpg 300w, https:\/\/agora.xtec.cat\/escolanouclave\/wp-content\/uploads\/usu1363\/2020\/05\/kuwait-768x527.jpg 768w\" sizes=\"auto, (max-width: 615px) 100vw, 615px\" \/><\/a><\/p>\n<p style=\"text-align: center\"><a href=\"https:\/\/agora.xtec.cat\/escolanouclave\/wp-content\/uploads\/usu1363\/2020\/05\/mollet-kuwait.png\"><img loading=\"lazy\" decoding=\"async\" class=\"alignnone size-full wp-image-7585\" src=\"https:\/\/agora.xtec.cat\/escolanouclave\/wp-content\/uploads\/usu1363\/2020\/05\/mollet-kuwait.png\" alt=\"\" width=\"648\" height=\"318\" srcset=\"https:\/\/agora.xtec.cat\/escolanouclave\/wp-content\/uploads\/usu1363\/2020\/05\/mollet-kuwait.png 648w, https:\/\/agora.xtec.cat\/escolanouclave\/wp-content\/uploads\/usu1363\/2020\/05\/mollet-kuwait-300x147.png 300w\" sizes=\"auto, (max-width: 648px) 100vw, 648px\" \/><\/a><\/p>\n<p><span style=\"font-weight: 400\">Per\u00f2 sabeu qu\u00e8? Crec que de la mateixa manera que hem arribat a Kuwait podriem continuar el nostre cam\u00ed i en comptes de plantar la nostra bandera, aquesta vegada podriem plantar una pancarta amb un missatge!!!!!<\/span><\/p>\n<p><span style=\"font-weight: 400\">Hi ha molts llocs al planeta on podriem plantar una pancarta amb el nostre missatge, per\u00f2 hi ha un que \u00e9s molt especial.\u00a0 \u00c9s la Selva de Borneo, a Indonesia.<\/span><\/p>\n<p><span style=\"font-weight: 400\">Un lloc m\u00e0gic, ple d\u2019animals i plantes. All\u00e0 pots tancar els ulls i escoltar tants sons i olorar a tantes coses diferents que pot semblar que encara tinguis els ulls oberts.\u00a0<\/span><\/p>\n<p style=\"text-align: center\"><a href=\"https:\/\/agora.xtec.cat\/escolanouclave\/wp-content\/uploads\/usu1363\/2020\/05\/orangutan.jpg\"><img loading=\"lazy\" decoding=\"async\" class=\"alignnone size-full wp-image-7565\" src=\"https:\/\/agora.xtec.cat\/escolanouclave\/wp-content\/uploads\/usu1363\/2020\/05\/orangutan.jpg\" alt=\"\" width=\"475\" height=\"285\" srcset=\"https:\/\/agora.xtec.cat\/escolanouclave\/wp-content\/uploads\/usu1363\/2020\/05\/orangutan.jpg 475w, https:\/\/agora.xtec.cat\/escolanouclave\/wp-content\/uploads\/usu1363\/2020\/05\/orangutan-300x180.jpg 300w\" sizes=\"auto, (max-width: 475px) 100vw, 475px\" \/><\/a><\/p>\n<p><span style=\"font-weight: 400\">M\u2019agradaria explicar-vos m\u00e9s hist\u00f2ries boniques d\u2019aquesta selva per\u00f2 estic una mica preocupat\u2026<\/span><\/p>\n<p><span style=\"font-weight: 400\">Mireu aquest v\u00eddeo i sabreu per qu\u00e8 estic preocupat.<\/span><\/p>\n<p><a href=\"https:\/\/www.youtube.com\/watch?v=-6jxnzyDTIc\"><span style=\"font-weight: 400\">https:\/\/www.youtube.com\/watch?v=-6jxnzyDTIc<\/span><\/a><\/p>\n<p><span style=\"font-weight: 400\">\u00c9s per aix\u00f2 que m\u2019agradaria que entre tots i totes portem una pancarta amb un missatge a la selva de Borneo!<\/span><\/p>\n<p>&nbsp;<\/p>\n<p><b>Envieu-me tamb\u00e9 qu\u00e8 posar\u00edeu en aquesta pancarta<\/b><span style=\"font-weight: 400\">. La m\u00e9s original ser\u00e0 la que plantarem a la selva, davant de tothom, perqu\u00e8 la puguin veure i pensar si el que estan fent, est\u00e0 b\u00e9 o malament.<\/span><\/p>\n<p>&nbsp;<\/p>\n<p><a href=\"https:\/\/agora.xtec.cat\/escolanouclave\/wp-content\/uploads\/usu1363\/2020\/05\/Pancarta.jpg\"><img loading=\"lazy\" decoding=\"async\" class=\"size-full wp-image-7558 aligncenter\" src=\"https:\/\/agora.xtec.cat\/escolanouclave\/wp-content\/uploads\/usu1363\/2020\/05\/Pancarta.jpg\" alt=\"\" width=\"448\" height=\"229\" srcset=\"https:\/\/agora.xtec.cat\/escolanouclave\/wp-content\/uploads\/usu1363\/2020\/05\/Pancarta.jpg 448w, https:\/\/agora.xtec.cat\/escolanouclave\/wp-content\/uploads\/usu1363\/2020\/05\/Pancarta-300x153.jpg 300w\" sizes=\"auto, (max-width: 448px) 100vw, 448px\" \/><\/a><\/p>\n<p><span style=\"font-weight: 400\">\u00a0 \u00a0 \u00a0 \u00a0 \u00a0 \u00a0 \u00a0 \u00a0 \u00a0 \u00a0 \u00a0 \u00a0 \u00a0 \u00a0 \u00a0 \u00a0 \u00a0 \u00a0 \u00a0 \u00a0 \u00a0 \u00a0 \u00a0 \u00a0 \u00a0 \u00a0 \u00a0 \u00a0 \u00a0 \u00a0 \u00a0 \u00a0 \u00a0 \u00a0 \u00a0 \u00a0 \u00a0 \u00a0 \u00a0 \u00a0 \u00a0 \u00a0 \u00a0Ajudan\u2019s a pensar el missatge!<\/span><\/p>\n<p>&nbsp;<\/p>\n<p><span style=\"font-weight: 400\">Continueu fent quil\u00f2metres, animeu a m\u00e9s familiars i amics, i expliqueu-lis per qu\u00e8 voleu caminar i arribar fins a la Selva de Borneo! <\/span><\/p>\n<p><span style=\"font-weight: 400\"><strong>A 12.000 quil\u00f2metres de dist\u00e0ncia!!!!\u00a0<\/strong><\/span><\/p>\n<p><span style=\"font-weight: 400\">Segurament tardarem m\u00e9s d\u2019una setmana, per\u00f2 creieu-me, valdr\u00e0 la pena l\u2019esfor\u00e7!<\/span><\/p>\n<p><a href=\"https:\/\/agora.xtec.cat\/escolanouclave\/wp-content\/uploads\/usu1363\/2020\/05\/trayecto-nuevo.jpg\"><img loading=\"lazy\" decoding=\"async\" class=\"size-full wp-image-7588 aligncenter\" src=\"https:\/\/agora.xtec.cat\/escolanouclave\/wp-content\/uploads\/usu1363\/2020\/05\/trayecto-nuevo.jpg\" alt=\"\" width=\"396\" height=\"252\" srcset=\"https:\/\/agora.xtec.cat\/escolanouclave\/wp-content\/uploads\/usu1363\/2020\/05\/trayecto-nuevo.jpg 396w, https:\/\/agora.xtec.cat\/escolanouclave\/wp-content\/uploads\/usu1363\/2020\/05\/trayecto-nuevo-300x191.jpg 300w\" sizes=\"auto, (max-width: 396px) 100vw, 396px\" \/><\/a><\/p>\n<p><b>Cada diumenge em podeu enviar quants quil\u00f2metres o passes heu fet entre tots els vostres amics i familiars i cada setmana anirem actualitzant el blog per veure per on anem.<\/b><\/p>\n<p><span style=\"font-weight: 400\">Us animeu?<\/span><\/p>\n<p style=\"text-align: left\"><span style=\"font-weight: 400\">Envieu els quil\u00f2metres o passes que heu fet i el missatge que posarieu a la pancarta a: fgarc56@xtec.cat<\/span><\/p>\n<p><span style=\"font-weight: 400\">Entre tots i totes serem m\u00e9s forts!<\/span><\/p>\n<p>&nbsp;<\/p>\n<p style=\"text-align: center\"><iframe loading=\"lazy\" src=\"\/\/giphy.com\/embed\/D7z8JfNANqahW\" width=\"480\" height=\"320\" frameborder=\"0\" data-mce-fragment=\"1\"><\/iframe><\/p>\n<p><span style=\"font-weight: 400\">Javi Garc\u00eda\u00a0<\/span><\/p>\n<p><span style=\"font-weight: 400\">Mestre d\u2019Educaci\u00f3 F\u00edsica\u00a0<\/span><\/p>\n","protected":false},"excerpt":{"rendered":"<p>Uauuuuuu!!!! Estic molt content! Hem caminat mooooolt, i a m\u00e9s, els alumnes de l&#8217;ESO i els seus familiars tamb\u00e9 s&#8217;han volgut afegir amb nosaltres. Entre tots hem caminat ni m\u00e9s ni menys que 5.500\u00a0quil\u00f2metres!!! ???? Gr\u00e0cies a tots vosaltres hem aconseguit arribar i plantar la nostra bandera a Kuwait. Els habitants de Kuwait podran veure [&hellip;]<\/p>\n","protected":false},"author":1,"featured_media":7591,"comment_status":"open","ping_status":"closed","sticky":false,"template":"","format":"standard","meta":{"_bbp_topic_count":0,"_bbp_reply_count":0,"_bbp_total_topic_count":0,"_bbp_total_reply_count":0,"_bbp_voice_count":0,"_bbp_anonymous_reply_count":0,"_bbp_topic_count_hidden":0,"_bbp_reply_count_hidden":0,"_bbp_forum_subforum_count":0,"site-sidebar-layout":"default","site-content-layout":"","ast-site-content-layout":"","site-content-style":"default","site-sidebar-style":"default","ast-global-header-display":"","ast-banner-title-visibility":"","ast-main-header-display":"","ast-hfb-above-header-display":"","ast-hfb-below-header-display":"","ast-hfb-mobile-header-display":"","site-post-title":"","ast-breadcrumbs-content":"","ast-featured-img":"","footer-sml-layout":"","theme-transparent-header-meta":"","adv-header-id-meta":"","stick-header-meta":"","header-above-stick-meta":"","header-main-stick-meta":"","header-below-stick-meta":"","astra-migrate-meta-layouts":"default","ast-page-background-enabled":"default","ast-page-background-meta":{"desktop":{"background-color":"var(--ast-global-color-4)","background-image":"","background-repeat":"repeat","background-position":"center center","background-size":"auto","background-attachment":"scroll","background-type":"","background-media":"","overlay-type":"","overlay-color":"","overlay-opacity":"","overlay-gradient":""},"tablet":{"background-color":"","background-image":"","background-repeat":"repeat","background-position":"center center","background-size":"auto","background-attachment":"scroll","background-type":"","background-media":"","overlay-type":"","overlay-color":"","overlay-opacity":"","overlay-gradient":""},"mobile":{"background-color":"","background-image":"","background-repeat":"repeat","background-position":"center center","background-size":"auto","background-attachment":"scroll","background-type":"","background-media":"","overlay-type":"","overlay-color":"","overlay-opacity":"","overlay-gradient":""}},"ast-content-background-meta":{"desktop":{"background-color":"var(--ast-global-color-5)","background-image":"","background-repeat":"repeat","background-position":"center center","background-size":"auto","background-attachment":"scroll","background-type":"","background-media":"","overlay-type":"","overlay-color":"","overlay-opacity":"","overlay-gradient":""},"tablet":{"background-color":"var(--ast-global-color-5)","background-image":"","background-repeat":"repeat","background-position":"center center","background-size":"auto","background-attachment":"scroll","background-type":"","background-media":"","overlay-type":"","overlay-color":"","overlay-opacity":"","overlay-gradient":""},"mobile":{"background-color":"var(--ast-global-color-5)","background-image":"","background-repeat":"repeat","background-position":"center center","background-size":"auto","background-attachment":"scroll","background-type":"","background-media":"","overlay-type":"","overlay-color":"","overlay-opacity":"","overlay-gradient":""}},"footnotes":""},"categories":[10,11,12,13,14,15,1,5],"tags":[],"class_list":["post-7593","post","type-post","status-publish","format-standard","has-post-thumbnail","hentry","category-1r","category-2n","category-3r","category-4t","category-5e","category-6e","category-general","category-primaria"],"post_mailing_queue_ids":[],"_links":{"self":[{"href":"https:\/\/agora.xtec.cat\/escolanouclave\/wp-json\/wp\/v2\/posts\/7593","targetHints":{"allow":["GET"]}}],"collection":[{"href":"https:\/\/agora.xtec.cat\/escolanouclave\/wp-json\/wp\/v2\/posts"}],"about":[{"href":"https:\/\/agora.xtec.cat\/escolanouclave\/wp-json\/wp\/v2\/types\/post"}],"author":[{"embeddable":true,"href":"https:\/\/agora.xtec.cat\/escolanouclave\/wp-json\/wp\/v2\/users\/1"}],"replies":[{"embeddable":true,"href":"https:\/\/agora.xtec.cat\/escolanouclave\/wp-json\/wp\/v2\/comments?post=7593"}],"version-history":[{"count":3,"href":"https:\/\/agora.xtec.cat\/escolanouclave\/wp-json\/wp\/v2\/posts\/7593\/revisions"}],"predecessor-version":[{"id":7629,"href":"https:\/\/agora.xtec.cat\/escolanouclave\/wp-json\/wp\/v2\/posts\/7593\/revisions\/7629"}],"wp:featuredmedia":[{"embeddable":true,"href":"https:\/\/agora.xtec.cat\/escolanouclave\/wp-json\/wp\/v2\/media\/7591"}],"wp:attachment":[{"href":"https:\/\/agora.xtec.cat\/escolanouclave\/wp-json\/wp\/v2\/media?parent=7593"}],"wp:term":[{"taxonomy":"category","embeddable":true,"href":"https:\/\/agora.xtec.cat\/escolanouclave\/wp-json\/wp\/v2\/categories?post=7593"},{"taxonomy":"post_tag","embeddable":true,"href":"https:\/\/agora.xtec.cat\/escolanouclave\/wp-json\/wp\/v2\/tags?post=7593"}],"curies":[{"name":"wp","href":"https:\/\/api.w.org\/{rel}","templated":true}]}}