{"id":7455,"date":"2020-06-01T00:07:34","date_gmt":"2020-05-31T22:07:34","guid":{"rendered":"http:\/\/agora.xtec.cat\/escolanouclave\/?p=7455"},"modified":"2020-06-01T00:19:46","modified_gmt":"2020-05-31T22:19:46","slug":"activitat-43-expressio-artisticamotricitat","status":"publish","type":"post","link":"https:\/\/agora.xtec.cat\/escolanouclave\/infantil\/p3\/activitat-43-expressio-artisticamotricitat\/","title":{"rendered":"ACTIVITAT 43. EXPRESSI\u00d3 ART\u00cdSTICA+MOTRICITAT. 1\/06\/2020"},"content":{"rendered":"<p>Bon dia, Cargolets i Cargoletes!!<\/p>\n<div class=\"ast-oembed-container \" style=\"height: 100%;\"><iframe loading=\"lazy\" title=\"&quot;Cargol Treu Banya&quot; - Video infantil animat en catal\u00e0\" width=\"500\" height=\"281\" src=\"https:\/\/www.youtube.com\/embed\/OBuwtC3qDsI?feature=oembed\" frameborder=\"0\" allow=\"accelerometer; autoplay; clipboard-write; encrypted-media; gyroscope; picture-in-picture; web-share\" referrerpolicy=\"strict-origin-when-cross-origin\" allowfullscreen><\/iframe><\/div>\n<p>Qu\u00e9 tal el finde? Heu estat amb la fam\u00edlia?? Els hi heu endut un dibuixet? A mi m&#8217;ha encantat poder veure una altra vegada al meu germ\u00e0 i la meva mama!! El dia que us torni a veure a vosaltres ni us coneixer\u00e9!! Qu\u00e9 us va semblar l&#8217;activitat de divendres que vam fer junts, la de la pintura? Jo m&#8217;ho vaig passar bomba!! Haurem de pensar qu\u00e9 fem divendres que ve!! S&#8217;admeten sugger\u00e8ncies!! ?? Per\u00f2 de moment, us agradaria veure qu\u00e9 tinc preparat per avui? Doncs mireu, mireu, a veure si us agada!!<\/p>\n<p><a href=\"https:\/\/youtu.be\/_qrFjLsVDZk\" target=\"_blank\" rel=\"noopener noreferrer\"><img loading=\"lazy\" decoding=\"async\" class=\"wp-image-7456 aligncenter\" src=\"https:\/\/agora.xtec.cat\/escolanouclave\/wp-content\/uploads\/usu1363\/2020\/05\/FINAL-LINTERNA-1024x556.png\" alt=\"\" width=\"306\" height=\"166\" srcset=\"https:\/\/agora.xtec.cat\/escolanouclave\/wp-content\/uploads\/usu1363\/2020\/05\/FINAL-LINTERNA-1024x556.png 1024w, https:\/\/agora.xtec.cat\/escolanouclave\/wp-content\/uploads\/usu1363\/2020\/05\/FINAL-LINTERNA-300x163.png 300w, https:\/\/agora.xtec.cat\/escolanouclave\/wp-content\/uploads\/usu1363\/2020\/05\/FINAL-LINTERNA-768x417.png 768w, https:\/\/agora.xtec.cat\/escolanouclave\/wp-content\/uploads\/usu1363\/2020\/05\/FINAL-LINTERNA.png 1097w\" sizes=\"auto, (max-width: 306px) 100vw, 306px\" \/><\/a><\/p>\n<p>Heu vist?? Hem fet m\u00e0gia, oi?? Jo he dibuixat el fons del mar, per\u00f2 podeu fer el que us agradi a vosaltres. Animeu-vos i ja m&#8217;ensenyareu qu\u00e9 tal us ha sortit.<\/p>\n<p>Per acabar, i per tal que no us oblideu de les vocals, us proposo fer-vos-les amb cartr\u00f3. Les podeu decorar com m\u00e9s us agradi: amb pintura, amb retoladors, enganxant papers, posant gomets&#8230; Com volgueu!!<\/p>\n<p>Us deixo dos documents, un amb les plastilles de les vocals i l&#8217;altre amb uns exemples per decorar-les.<\/p>\n<p><a href=\"https:\/\/agora.xtec.cat\/escolanouclave\/wp-content\/uploads\/usu1363\/2020\/05\/Document-sense-t\u00edtol-2.pdf\" target=\"_blank\" rel=\"noopener noreferrer\">PLANTILLA VOCALS<\/a><\/p>\n<p><a href=\"https:\/\/agora.xtec.cat\/escolanouclave\/wp-content\/uploads\/usu1363\/2020\/05\/Dise\u00f1o-sin-t\u00edtulo.pdf\" target=\"_blank\" rel=\"noopener noreferrer\">VOCALS DECORADES<\/a><\/p>\n<p>Dem\u00e0 tornar\u00e9 per portar-vos una nova idea!! Fins dem\u00e0, preciosos i precioses!!<\/p>\n<p><a href=\"https:\/\/i.pinimg.com\/originals\/5b\/71\/47\/5b71474a96fb871239ead3d077333482.gif\" target=\"_blank\" rel=\"noopener noreferrer\">COMIAT<\/a><\/p>\n<p>&nbsp;<\/p>\n<p>&nbsp;<\/p>\n","protected":false},"excerpt":{"rendered":"<p>Bon dia, Cargolets i Cargoletes!! Qu\u00e9 tal el finde? Heu estat amb la fam\u00edlia?? Els hi heu endut un dibuixet? A mi m&#8217;ha encantat poder veure una altra vegada al meu germ\u00e0 i la meva mama!! El dia que us torni a veure a vosaltres ni us coneixer\u00e9!! Qu\u00e9 us va semblar l&#8217;activitat de divendres [&hellip;]<\/p>\n","protected":false},"author":11,"featured_media":7472,"comment_status":"open","ping_status":"closed","sticky":false,"template":"","format":"standard","meta":{"_bbp_topic_count":0,"_bbp_reply_count":0,"_bbp_total_topic_count":0,"_bbp_total_reply_count":0,"_bbp_voice_count":0,"_bbp_anonymous_reply_count":0,"_bbp_topic_count_hidden":0,"_bbp_reply_count_hidden":0,"_bbp_forum_subforum_count":0,"site-sidebar-layout":"default","site-content-layout":"","ast-site-content-layout":"","site-content-style":"default","site-sidebar-style":"default","ast-global-header-display":"","ast-banner-title-visibility":"","ast-main-header-display":"","ast-hfb-above-header-display":"","ast-hfb-below-header-display":"","ast-hfb-mobile-header-display":"","site-post-title":"","ast-breadcrumbs-content":"","ast-featured-img":"","footer-sml-layout":"","theme-transparent-header-meta":"","adv-header-id-meta":"","stick-header-meta":"","header-above-stick-meta":"","header-main-stick-meta":"","header-below-stick-meta":"","astra-migrate-meta-layouts":"default","ast-page-background-enabled":"default","ast-page-background-meta":{"desktop":{"background-color":"var(--ast-global-color-4)","background-image":"","background-repeat":"repeat","background-position":"center center","background-size":"auto","background-attachment":"scroll","background-type":"","background-media":"","overlay-type":"","overlay-color":"","overlay-opacity":"","overlay-gradient":""},"tablet":{"background-color":"","background-image":"","background-repeat":"repeat","background-position":"center center","background-size":"auto","background-attachment":"scroll","background-type":"","background-media":"","overlay-type":"","overlay-color":"","overlay-opacity":"","overlay-gradient":""},"mobile":{"background-color":"","background-image":"","background-repeat":"repeat","background-position":"center center","background-size":"auto","background-attachment":"scroll","background-type":"","background-media":"","overlay-type":"","overlay-color":"","overlay-opacity":"","overlay-gradient":""}},"ast-content-background-meta":{"desktop":{"background-color":"var(--ast-global-color-5)","background-image":"","background-repeat":"repeat","background-position":"center center","background-size":"auto","background-attachment":"scroll","background-type":"","background-media":"","overlay-type":"","overlay-color":"","overlay-opacity":"","overlay-gradient":""},"tablet":{"background-color":"var(--ast-global-color-5)","background-image":"","background-repeat":"repeat","background-position":"center center","background-size":"auto","background-attachment":"scroll","background-type":"","background-media":"","overlay-type":"","overlay-color":"","overlay-opacity":"","overlay-gradient":""},"mobile":{"background-color":"var(--ast-global-color-5)","background-image":"","background-repeat":"repeat","background-position":"center center","background-size":"auto","background-attachment":"scroll","background-type":"","background-media":"","overlay-type":"","overlay-color":"","overlay-opacity":"","overlay-gradient":""}},"footnotes":""},"categories":[3],"tags":[835,246,834,487,178,271],"class_list":["post-7455","post","type-post","status-publish","format-standard","has-post-thumbnail","hentry","category-p3","tag-fons-del-mar","tag-jo-em-quedo-a-casa","tag-magia","tag-manualitats","tag-p3","tag-vocals"],"post_mailing_queue_ids":[],"_links":{"self":[{"href":"https:\/\/agora.xtec.cat\/escolanouclave\/wp-json\/wp\/v2\/posts\/7455","targetHints":{"allow":["GET"]}}],"collection":[{"href":"https:\/\/agora.xtec.cat\/escolanouclave\/wp-json\/wp\/v2\/posts"}],"about":[{"href":"https:\/\/agora.xtec.cat\/escolanouclave\/wp-json\/wp\/v2\/types\/post"}],"author":[{"embeddable":true,"href":"https:\/\/agora.xtec.cat\/escolanouclave\/wp-json\/wp\/v2\/users\/11"}],"replies":[{"embeddable":true,"href":"https:\/\/agora.xtec.cat\/escolanouclave\/wp-json\/wp\/v2\/comments?post=7455"}],"version-history":[{"count":3,"href":"https:\/\/agora.xtec.cat\/escolanouclave\/wp-json\/wp\/v2\/posts\/7455\/revisions"}],"predecessor-version":[{"id":7498,"href":"https:\/\/agora.xtec.cat\/escolanouclave\/wp-json\/wp\/v2\/posts\/7455\/revisions\/7498"}],"wp:featuredmedia":[{"embeddable":true,"href":"https:\/\/agora.xtec.cat\/escolanouclave\/wp-json\/wp\/v2\/media\/7472"}],"wp:attachment":[{"href":"https:\/\/agora.xtec.cat\/escolanouclave\/wp-json\/wp\/v2\/media?parent=7455"}],"wp:term":[{"taxonomy":"category","embeddable":true,"href":"https:\/\/agora.xtec.cat\/escolanouclave\/wp-json\/wp\/v2\/categories?post=7455"},{"taxonomy":"post_tag","embeddable":true,"href":"https:\/\/agora.xtec.cat\/escolanouclave\/wp-json\/wp\/v2\/tags?post=7455"}],"curies":[{"name":"wp","href":"https:\/\/api.w.org\/{rel}","templated":true}]}}