{"id":7410,"date":"2020-06-01T00:10:49","date_gmt":"2020-05-31T22:10:49","guid":{"rendered":"http:\/\/agora.xtec.cat\/escolanouclave\/?p=7410"},"modified":"2020-05-31T17:29:15","modified_gmt":"2020-05-31T15:29:15","slug":"activitat-40-1-juny-2020-educacio-emocional","status":"publish","type":"post","link":"https:\/\/agora.xtec.cat\/escolanouclave\/infantil\/p5-infantil\/activitat-40-1-juny-2020-educacio-emocional\/","title":{"rendered":"Activitat 40\/1-Juny-2020\/ Educaci\u00f3 emocional"},"content":{"rendered":"<p>Hola, BON DIA A TOTS!!!!!!<\/p>\n<p>Qu\u00e8 tal si avui per comen\u00e7ar la setmana parlem una mica d&#8217;emocions?<\/p>\n<p>&nbsp;<\/p>\n<div class=\"ast-oembed-container \" style=\"height: 100%;\"><iframe loading=\"lazy\" title=\"CONTE D&#039;INFANTIL SAFASABADELL: AIX\u00cd \u00c9S EL MEU COR\" width=\"500\" height=\"281\" src=\"https:\/\/www.youtube.com\/embed\/ZNvHhZdPQl0?feature=oembed\" frameborder=\"0\" allow=\"accelerometer; autoplay; clipboard-write; encrypted-media; gyroscope; picture-in-picture; web-share\" referrerpolicy=\"strict-origin-when-cross-origin\" allowfullscreen><\/iframe><\/div>\n<p>Ja heu vist, el nostre cor \u00e9s com una caseta amb un jard\u00ed on viuen molts sentiments junts, <strong>COM \u00c9S EL TEU COR?<\/strong><br \/>\nEst\u00e0 content, dol\u00e7, valent, fort, tranquil, trist, impacient, segur, amb por???????????<\/p>\n<p style=\"text-align: center\">Ara, un cop heu escoltat aquest conte tant bonic, qu\u00e8 us sembla si el dibuixeu ben gran en un full o cartolina i a sota escriviu ben gran la paraula de com se sent el vostre cor??????<br \/>\nVoleu veure el meu???<\/p>\n<p>EL MEU EST\u00c0 SUPER SUPER FELI\u00c7!!!!!!!! A DINS HI ESTEU TOTS VOSALTRES!!!!!<\/p>\n<p><a href=\"https:\/\/agora.xtec.cat\/escolanouclave\/wp-content\/uploads\/usu1363\/2020\/05\/cor.jpg\"><img loading=\"lazy\" decoding=\"async\" class=\"alignnone size-full wp-image-7415 aligncenter\" style=\"width: 317px\" src=\"https:\/\/agora.xtec.cat\/escolanouclave\/wp-content\/uploads\/usu1363\/2020\/05\/cor.jpg\" alt=\"\" width=\"542\" height=\"280\" \/><\/a><\/p>\n<p>Espero que m&#8217;envieu els vostres cors!!!Tinc moltes ganes de saber com us sentiu.<br \/>\nUs deixo aquesta can\u00e7\u00f3 a veure si us agrada tant com a m\u00ed.<\/p>\n<div class=\"ast-oembed-container \" style=\"height: 100%;\"><iframe loading=\"lazy\" title=\"El Rock de las Emociones: proyecto Emoticantos\" width=\"500\" height=\"281\" src=\"https:\/\/www.youtube.com\/embed\/hX60bIksDsU?feature=oembed\" frameborder=\"0\" allow=\"accelerometer; autoplay; clipboard-write; encrypted-media; gyroscope; picture-in-picture; web-share\" referrerpolicy=\"strict-origin-when-cross-origin\" allowfullscreen><\/iframe><\/div>\n<p>Fins dem\u00e0!!!!! Us estimo molt!!!!<\/p>\n<p>&nbsp;<\/p>\n<p>&nbsp;<\/p>\n<p>&nbsp;<\/p>\n","protected":false},"excerpt":{"rendered":"<p>Hola, BON DIA A TOTS!!!!!! Qu\u00e8 tal si avui per comen\u00e7ar la setmana parlem una mica d&#8217;emocions? &nbsp; Ja heu vist, el nostre cor \u00e9s com una caseta amb un jard\u00ed on viuen molts sentiments junts, COM \u00c9S EL TEU COR? Est\u00e0 content, dol\u00e7, valent, fort, tranquil, trist, impacient, segur, amb por??????????? Ara, un cop [&hellip;]<\/p>\n","protected":false},"author":1,"featured_media":7426,"comment_status":"open","ping_status":"closed","sticky":false,"template":"","format":"standard","meta":{"_bbp_topic_count":0,"_bbp_reply_count":0,"_bbp_total_topic_count":0,"_bbp_total_reply_count":0,"_bbp_voice_count":0,"_bbp_anonymous_reply_count":0,"_bbp_topic_count_hidden":0,"_bbp_reply_count_hidden":0,"_bbp_forum_subforum_count":0,"site-sidebar-layout":"default","site-content-layout":"","ast-site-content-layout":"","site-content-style":"default","site-sidebar-style":"default","ast-global-header-display":"","ast-banner-title-visibility":"","ast-main-header-display":"","ast-hfb-above-header-display":"","ast-hfb-below-header-display":"","ast-hfb-mobile-header-display":"","site-post-title":"","ast-breadcrumbs-content":"","ast-featured-img":"","footer-sml-layout":"","theme-transparent-header-meta":"","adv-header-id-meta":"","stick-header-meta":"","header-above-stick-meta":"","header-main-stick-meta":"","header-below-stick-meta":"","astra-migrate-meta-layouts":"default","ast-page-background-enabled":"default","ast-page-background-meta":{"desktop":{"background-color":"var(--ast-global-color-4)","background-image":"","background-repeat":"repeat","background-position":"center center","background-size":"auto","background-attachment":"scroll","background-type":"","background-media":"","overlay-type":"","overlay-color":"","overlay-opacity":"","overlay-gradient":""},"tablet":{"background-color":"","background-image":"","background-repeat":"repeat","background-position":"center center","background-size":"auto","background-attachment":"scroll","background-type":"","background-media":"","overlay-type":"","overlay-color":"","overlay-opacity":"","overlay-gradient":""},"mobile":{"background-color":"","background-image":"","background-repeat":"repeat","background-position":"center center","background-size":"auto","background-attachment":"scroll","background-type":"","background-media":"","overlay-type":"","overlay-color":"","overlay-opacity":"","overlay-gradient":""}},"ast-content-background-meta":{"desktop":{"background-color":"var(--ast-global-color-5)","background-image":"","background-repeat":"repeat","background-position":"center center","background-size":"auto","background-attachment":"scroll","background-type":"","background-media":"","overlay-type":"","overlay-color":"","overlay-opacity":"","overlay-gradient":""},"tablet":{"background-color":"var(--ast-global-color-5)","background-image":"","background-repeat":"repeat","background-position":"center center","background-size":"auto","background-attachment":"scroll","background-type":"","background-media":"","overlay-type":"","overlay-color":"","overlay-opacity":"","overlay-gradient":""},"mobile":{"background-color":"var(--ast-global-color-5)","background-image":"","background-repeat":"repeat","background-position":"center center","background-size":"auto","background-attachment":"scroll","background-type":"","background-media":"","overlay-type":"","overlay-color":"","overlay-opacity":"","overlay-gradient":""}},"footnotes":""},"categories":[98],"tags":[448],"class_list":["post-7410","post","type-post","status-publish","format-standard","has-post-thumbnail","hentry","category-p5-infantil","tag-emocions"],"post_mailing_queue_ids":[],"_links":{"self":[{"href":"https:\/\/agora.xtec.cat\/escolanouclave\/wp-json\/wp\/v2\/posts\/7410","targetHints":{"allow":["GET"]}}],"collection":[{"href":"https:\/\/agora.xtec.cat\/escolanouclave\/wp-json\/wp\/v2\/posts"}],"about":[{"href":"https:\/\/agora.xtec.cat\/escolanouclave\/wp-json\/wp\/v2\/types\/post"}],"author":[{"embeddable":true,"href":"https:\/\/agora.xtec.cat\/escolanouclave\/wp-json\/wp\/v2\/users\/1"}],"replies":[{"embeddable":true,"href":"https:\/\/agora.xtec.cat\/escolanouclave\/wp-json\/wp\/v2\/comments?post=7410"}],"version-history":[{"count":3,"href":"https:\/\/agora.xtec.cat\/escolanouclave\/wp-json\/wp\/v2\/posts\/7410\/revisions"}],"predecessor-version":[{"id":7429,"href":"https:\/\/agora.xtec.cat\/escolanouclave\/wp-json\/wp\/v2\/posts\/7410\/revisions\/7429"}],"wp:featuredmedia":[{"embeddable":true,"href":"https:\/\/agora.xtec.cat\/escolanouclave\/wp-json\/wp\/v2\/media\/7426"}],"wp:attachment":[{"href":"https:\/\/agora.xtec.cat\/escolanouclave\/wp-json\/wp\/v2\/media?parent=7410"}],"wp:term":[{"taxonomy":"category","embeddable":true,"href":"https:\/\/agora.xtec.cat\/escolanouclave\/wp-json\/wp\/v2\/categories?post=7410"},{"taxonomy":"post_tag","embeddable":true,"href":"https:\/\/agora.xtec.cat\/escolanouclave\/wp-json\/wp\/v2\/tags?post=7410"}],"curies":[{"name":"wp","href":"https:\/\/api.w.org\/{rel}","templated":true}]}}