{"id":7142,"date":"2020-05-28T00:07:31","date_gmt":"2020-05-27T22:07:31","guid":{"rendered":"http:\/\/agora.xtec.cat\/escolanouclave\/?p=7142"},"modified":"2020-05-28T23:20:30","modified_gmt":"2020-05-28T21:20:30","slug":"catala-activitat-16-28-maig-2020-inventem-un-conte","status":"publish","type":"post","link":"https:\/\/agora.xtec.cat\/escolanouclave\/primaria\/3r\/catala-activitat-16-28-maig-2020-inventem-un-conte\/","title":{"rendered":"CATAL\u00c0 (Activitat 16) \/28-Maig-2020\/: INVENTEM UN CONTE"},"content":{"rendered":"<p><em>Mireu el v\u00eddeo per comen\u00e7ar.<\/em><\/p>\n<div class=\"ast-oembed-container \" style=\"height: 100%;\"><iframe loading=\"lazy\" title=\"QUAN UTILITZEM LA COMA?\" width=\"500\" height=\"281\" src=\"https:\/\/www.youtube.com\/embed\/s4T4ab7-zg8?start=34&#038;feature=oembed\" frameborder=\"0\" allow=\"accelerometer; autoplay; clipboard-write; encrypted-media; gyroscope; picture-in-picture; web-share\" referrerpolicy=\"strict-origin-when-cross-origin\" allowfullscreen><\/iframe><\/div>\n<p>&nbsp;<\/p>\n<p><em>Al v\u00eddeo dic que han de fer uns exercicis d&#8217;ortografia. Per\u00f2 de moment no cal fer-los, els deixarem per la propera setmana.\u00a0<\/em><\/p>\n<p>&nbsp;<\/p>\n<p><a href=\"https:\/\/agora.xtec.cat\/escolanouclave\/wp-content\/uploads\/usu1363\/2020\/05\/Captura-de-pantalla-2020-05-26-a-las-15.46.00.png\"><img loading=\"lazy\" decoding=\"async\" class=\"aligncenter wp-image-7143\" src=\"https:\/\/agora.xtec.cat\/escolanouclave\/wp-content\/uploads\/usu1363\/2020\/05\/Captura-de-pantalla-2020-05-26-a-las-15.46.00.png\" alt=\"\" width=\"881\" height=\"405\" srcset=\"https:\/\/agora.xtec.cat\/escolanouclave\/wp-content\/uploads\/usu1363\/2020\/05\/Captura-de-pantalla-2020-05-26-a-las-15.46.00.png 1431w, https:\/\/agora.xtec.cat\/escolanouclave\/wp-content\/uploads\/usu1363\/2020\/05\/Captura-de-pantalla-2020-05-26-a-las-15.46.00-300x138.png 300w, https:\/\/agora.xtec.cat\/escolanouclave\/wp-content\/uploads\/usu1363\/2020\/05\/Captura-de-pantalla-2020-05-26-a-las-15.46.00-768x353.png 768w, https:\/\/agora.xtec.cat\/escolanouclave\/wp-content\/uploads\/usu1363\/2020\/05\/Captura-de-pantalla-2020-05-26-a-las-15.46.00-1024x470.png 1024w\" sizes=\"auto, (max-width: 881px) 100vw, 881px\" \/><\/a><\/p>\n<p><a href=\"https:\/\/agora.xtec.cat\/escolanouclave\/wp-content\/uploads\/usu1363\/2020\/05\/Captura-de-pantalla-2020-05-26-a-las-17.17.05.png\"><img loading=\"lazy\" decoding=\"async\" class=\"aligncenter wp-image-7151\" src=\"https:\/\/agora.xtec.cat\/escolanouclave\/wp-content\/uploads\/usu1363\/2020\/05\/Captura-de-pantalla-2020-05-26-a-las-17.17.05.png\" alt=\"\" width=\"788\" height=\"438\" srcset=\"https:\/\/agora.xtec.cat\/escolanouclave\/wp-content\/uploads\/usu1363\/2020\/05\/Captura-de-pantalla-2020-05-26-a-las-17.17.05.png 1416w, https:\/\/agora.xtec.cat\/escolanouclave\/wp-content\/uploads\/usu1363\/2020\/05\/Captura-de-pantalla-2020-05-26-a-las-17.17.05-300x167.png 300w, https:\/\/agora.xtec.cat\/escolanouclave\/wp-content\/uploads\/usu1363\/2020\/05\/Captura-de-pantalla-2020-05-26-a-las-17.17.05-768x427.png 768w, https:\/\/agora.xtec.cat\/escolanouclave\/wp-content\/uploads\/usu1363\/2020\/05\/Captura-de-pantalla-2020-05-26-a-las-17.17.05-1024x569.png 1024w\" sizes=\"auto, (max-width: 788px) 100vw, 788px\" \/><\/a><\/p>\n<p>&nbsp;<\/p>\n<p><strong><em>*Pengeu el vostre conte a Drive, i tamb\u00e9 les frases de subjecte, predicat i nuclis.<\/em><\/strong><a href=\"https:\/\/agora.xtec.cat\/escolanouclave\/wp-content\/uploads\/usu1363\/2020\/05\/Captura-de-pantalla-2020-05-13-a-las-11.35.24.png\"><img loading=\"lazy\" decoding=\"async\" class=\"aligncenter wp-image-6133\" src=\"https:\/\/agora.xtec.cat\/escolanouclave\/wp-content\/uploads\/usu1363\/2020\/05\/Captura-de-pantalla-2020-05-13-a-las-11.35.24.png\" alt=\"\" width=\"593\" height=\"383\" srcset=\"https:\/\/agora.xtec.cat\/escolanouclave\/wp-content\/uploads\/usu1363\/2020\/05\/Captura-de-pantalla-2020-05-13-a-las-11.35.24.png 748w, https:\/\/agora.xtec.cat\/escolanouclave\/wp-content\/uploads\/usu1363\/2020\/05\/Captura-de-pantalla-2020-05-13-a-las-11.35.24-300x194.png 300w\" sizes=\"auto, (max-width: 593px) 100vw, 593px\" \/><\/a><\/p>\n","protected":false},"excerpt":{"rendered":"<p>Mireu el v\u00eddeo per comen\u00e7ar. &nbsp; Al v\u00eddeo dic que han de fer uns exercicis d&#8217;ortografia. Per\u00f2 de moment no cal fer-los, els deixarem per la propera setmana.\u00a0 &nbsp; &nbsp; *Pengeu el vostre conte a Drive, i tamb\u00e9 les frases de subjecte, predicat i nuclis.<\/p>\n","protected":false},"author":17,"featured_media":5970,"comment_status":"open","ping_status":"closed","sticky":false,"template":"","format":"standard","meta":{"_bbp_topic_count":0,"_bbp_reply_count":0,"_bbp_total_topic_count":0,"_bbp_total_reply_count":0,"_bbp_voice_count":0,"_bbp_anonymous_reply_count":0,"_bbp_topic_count_hidden":0,"_bbp_reply_count_hidden":0,"_bbp_forum_subforum_count":0,"site-sidebar-layout":"default","site-content-layout":"","ast-site-content-layout":"","site-content-style":"default","site-sidebar-style":"default","ast-global-header-display":"","ast-banner-title-visibility":"","ast-main-header-display":"","ast-hfb-above-header-display":"","ast-hfb-below-header-display":"","ast-hfb-mobile-header-display":"","site-post-title":"","ast-breadcrumbs-content":"","ast-featured-img":"","footer-sml-layout":"","theme-transparent-header-meta":"","adv-header-id-meta":"","stick-header-meta":"","header-above-stick-meta":"","header-main-stick-meta":"","header-below-stick-meta":"","astra-migrate-meta-layouts":"default","ast-page-background-enabled":"default","ast-page-background-meta":{"desktop":{"background-color":"var(--ast-global-color-4)","background-image":"","background-repeat":"repeat","background-position":"center center","background-size":"auto","background-attachment":"scroll","background-type":"","background-media":"","overlay-type":"","overlay-color":"","overlay-opacity":"","overlay-gradient":""},"tablet":{"background-color":"","background-image":"","background-repeat":"repeat","background-position":"center center","background-size":"auto","background-attachment":"scroll","background-type":"","background-media":"","overlay-type":"","overlay-color":"","overlay-opacity":"","overlay-gradient":""},"mobile":{"background-color":"","background-image":"","background-repeat":"repeat","background-position":"center center","background-size":"auto","background-attachment":"scroll","background-type":"","background-media":"","overlay-type":"","overlay-color":"","overlay-opacity":"","overlay-gradient":""}},"ast-content-background-meta":{"desktop":{"background-color":"var(--ast-global-color-5)","background-image":"","background-repeat":"repeat","background-position":"center center","background-size":"auto","background-attachment":"scroll","background-type":"","background-media":"","overlay-type":"","overlay-color":"","overlay-opacity":"","overlay-gradient":""},"tablet":{"background-color":"var(--ast-global-color-5)","background-image":"","background-repeat":"repeat","background-position":"center center","background-size":"auto","background-attachment":"scroll","background-type":"","background-media":"","overlay-type":"","overlay-color":"","overlay-opacity":"","overlay-gradient":""},"mobile":{"background-color":"var(--ast-global-color-5)","background-image":"","background-repeat":"repeat","background-position":"center center","background-size":"auto","background-attachment":"scroll","background-type":"","background-media":"","overlay-type":"","overlay-color":"","overlay-opacity":"","overlay-gradient":""}},"footnotes":""},"categories":[12],"tags":[765,287,283,766,805,251,619,618],"class_list":["post-7142","post","type-post","status-publish","format-standard","has-post-thumbnail","hentry","category-3r","tag-augmentatius","tag-catala","tag-conte","tag-diminutius","tag-frase-feta","tag-ortografia","tag-predicat","tag-subjecte"],"post_mailing_queue_ids":[],"_links":{"self":[{"href":"https:\/\/agora.xtec.cat\/escolanouclave\/wp-json\/wp\/v2\/posts\/7142","targetHints":{"allow":["GET"]}}],"collection":[{"href":"https:\/\/agora.xtec.cat\/escolanouclave\/wp-json\/wp\/v2\/posts"}],"about":[{"href":"https:\/\/agora.xtec.cat\/escolanouclave\/wp-json\/wp\/v2\/types\/post"}],"author":[{"embeddable":true,"href":"https:\/\/agora.xtec.cat\/escolanouclave\/wp-json\/wp\/v2\/users\/17"}],"replies":[{"embeddable":true,"href":"https:\/\/agora.xtec.cat\/escolanouclave\/wp-json\/wp\/v2\/comments?post=7142"}],"version-history":[{"count":3,"href":"https:\/\/agora.xtec.cat\/escolanouclave\/wp-json\/wp\/v2\/posts\/7142\/revisions"}],"predecessor-version":[{"id":7351,"href":"https:\/\/agora.xtec.cat\/escolanouclave\/wp-json\/wp\/v2\/posts\/7142\/revisions\/7351"}],"wp:featuredmedia":[{"embeddable":true,"href":"https:\/\/agora.xtec.cat\/escolanouclave\/wp-json\/wp\/v2\/media\/5970"}],"wp:attachment":[{"href":"https:\/\/agora.xtec.cat\/escolanouclave\/wp-json\/wp\/v2\/media?parent=7142"}],"wp:term":[{"taxonomy":"category","embeddable":true,"href":"https:\/\/agora.xtec.cat\/escolanouclave\/wp-json\/wp\/v2\/categories?post=7142"},{"taxonomy":"post_tag","embeddable":true,"href":"https:\/\/agora.xtec.cat\/escolanouclave\/wp-json\/wp\/v2\/tags?post=7142"}],"curies":[{"name":"wp","href":"https:\/\/api.w.org\/{rel}","templated":true}]}}