{"id":7048,"date":"2020-05-28T00:43:29","date_gmt":"2020-05-27T22:43:29","guid":{"rendered":"http:\/\/agora.xtec.cat\/escolanouclave\/?p=7048"},"modified":"2020-05-28T00:43:29","modified_gmt":"2020-05-27T22:43:29","slug":"activitat-41-28-maig-2020-comprensio-colors","status":"publish","type":"post","link":"https:\/\/agora.xtec.cat\/escolanouclave\/infantil\/p4\/activitat-41-28-maig-2020-comprensio-colors\/","title":{"rendered":"Activitat 41 \/ 28 maig 2020  \/ Comprensi\u00f3 , colors"},"content":{"rendered":"<p>BOOON DIA . Ens hem despertat amb un dia magn\u00edfic, el m\u00f3n s\u00b4ha il.luminat de llum i color.<\/p>\n<p>Avui comen\u00e7arem el dia amb un conte que parla d\u00b4un elefant de colors, l\u00b4elefant ELMER.<\/p>\n<div class=\"ast-oembed-container \" style=\"height: 100%;\"><iframe loading=\"lazy\" title=\"CONTE L&#039;ELEFANT ELMER (conte animat amb so)\" width=\"500\" height=\"375\" src=\"https:\/\/www.youtube.com\/embed\/esZf_VTfRIw?feature=oembed\" frameborder=\"0\" allow=\"accelerometer; autoplay; clipboard-write; encrypted-media; gyroscope; picture-in-picture; web-share\" referrerpolicy=\"strict-origin-when-cross-origin\" allowfullscreen><\/iframe><\/div>\n<p>Us ha agradat ?. Ja veieu, cada un s\u00f3m com s\u00f3m. Us enrecordeu qui tamb\u00e9 era de colors ?<\/p>\n<p>Un cop vist el conte, qu\u00e8 tal si juguem una mica amb els<a href=\"https:\/\/clic.xtec.cat\/projects\/colors3\/jclic.js\/index.html\" target=\"_blank\" rel=\"noopener noreferrer\"> COLORS ?<\/a><\/p>\n<p>Per \u00faltim podeu pintar de colors l\u00b4ELMER (ahir us vaig fer arribar una fitxa amb l\u00b4elefant de quadrats ).Aqu\u00ed us deixo l\u00b4exemple<\/p>\n<p><a href=\"https:\/\/agora.xtec.cat\/escolanouclave\/wp-content\/uploads\/usu1363\/2020\/05\/elmer-corona-2.jpg\"><img loading=\"lazy\" decoding=\"async\" class=\" wp-image-7287\" src=\"https:\/\/agora.xtec.cat\/escolanouclave\/wp-content\/uploads\/usu1363\/2020\/05\/elmer-corona-2.jpg\" alt=\"\" width=\"325\" height=\"241\" srcset=\"https:\/\/agora.xtec.cat\/escolanouclave\/wp-content\/uploads\/usu1363\/2020\/05\/elmer-corona-2.jpg 448w, https:\/\/agora.xtec.cat\/escolanouclave\/wp-content\/uploads\/usu1363\/2020\/05\/elmer-corona-2-300x222.jpg 300w\" sizes=\"auto, (max-width: 325px) 100vw, 325px\" \/><\/a><\/p>\n<p>Quin dia tant bonic i acolorit !!!. Fins dem\u00e0. Una abra\u00e7ada d\u00b4elefant .<\/p>\n<p>&nbsp;<\/p>\n","protected":false},"excerpt":{"rendered":"<p>BOOON DIA . Ens hem despertat amb un dia magn\u00edfic, el m\u00f3n s\u00b4ha il.luminat de llum i color. Avui comen\u00e7arem el dia amb un conte que parla d\u00b4un elefant de colors, l\u00b4elefant ELMER. Us ha agradat ?. Ja veieu, cada un s\u00f3m com s\u00f3m. Us enrecordeu qui tamb\u00e9 era de colors ? Un cop vist [&hellip;]<\/p>\n","protected":false},"author":6,"featured_media":7287,"comment_status":"open","ping_status":"closed","sticky":false,"template":"","format":"standard","meta":{"_bbp_topic_count":0,"_bbp_reply_count":0,"_bbp_total_topic_count":0,"_bbp_total_reply_count":0,"_bbp_voice_count":0,"_bbp_anonymous_reply_count":0,"_bbp_topic_count_hidden":0,"_bbp_reply_count_hidden":0,"_bbp_forum_subforum_count":0,"site-sidebar-layout":"default","site-content-layout":"","ast-site-content-layout":"","site-content-style":"default","site-sidebar-style":"default","ast-global-header-display":"","ast-banner-title-visibility":"","ast-main-header-display":"","ast-hfb-above-header-display":"","ast-hfb-below-header-display":"","ast-hfb-mobile-header-display":"","site-post-title":"","ast-breadcrumbs-content":"","ast-featured-img":"","footer-sml-layout":"","theme-transparent-header-meta":"","adv-header-id-meta":"","stick-header-meta":"","header-above-stick-meta":"","header-main-stick-meta":"","header-below-stick-meta":"","astra-migrate-meta-layouts":"default","ast-page-background-enabled":"default","ast-page-background-meta":{"desktop":{"background-color":"var(--ast-global-color-4)","background-image":"","background-repeat":"repeat","background-position":"center center","background-size":"auto","background-attachment":"scroll","background-type":"","background-media":"","overlay-type":"","overlay-color":"","overlay-opacity":"","overlay-gradient":""},"tablet":{"background-color":"","background-image":"","background-repeat":"repeat","background-position":"center center","background-size":"auto","background-attachment":"scroll","background-type":"","background-media":"","overlay-type":"","overlay-color":"","overlay-opacity":"","overlay-gradient":""},"mobile":{"background-color":"","background-image":"","background-repeat":"repeat","background-position":"center center","background-size":"auto","background-attachment":"scroll","background-type":"","background-media":"","overlay-type":"","overlay-color":"","overlay-opacity":"","overlay-gradient":""}},"ast-content-background-meta":{"desktop":{"background-color":"var(--ast-global-color-5)","background-image":"","background-repeat":"repeat","background-position":"center center","background-size":"auto","background-attachment":"scroll","background-type":"","background-media":"","overlay-type":"","overlay-color":"","overlay-opacity":"","overlay-gradient":""},"tablet":{"background-color":"var(--ast-global-color-5)","background-image":"","background-repeat":"repeat","background-position":"center center","background-size":"auto","background-attachment":"scroll","background-type":"","background-media":"","overlay-type":"","overlay-color":"","overlay-opacity":"","overlay-gradient":""},"mobile":{"background-color":"var(--ast-global-color-5)","background-image":"","background-repeat":"repeat","background-position":"center center","background-size":"auto","background-attachment":"scroll","background-type":"","background-media":"","overlay-type":"","overlay-color":"","overlay-opacity":"","overlay-gradient":""}},"footnotes":""},"categories":[8],"tags":[322,404],"class_list":["post-7048","post","type-post","status-publish","format-standard","has-post-thumbnail","hentry","category-p4","tag-colors","tag-comprensio"],"post_mailing_queue_ids":[],"_links":{"self":[{"href":"https:\/\/agora.xtec.cat\/escolanouclave\/wp-json\/wp\/v2\/posts\/7048","targetHints":{"allow":["GET"]}}],"collection":[{"href":"https:\/\/agora.xtec.cat\/escolanouclave\/wp-json\/wp\/v2\/posts"}],"about":[{"href":"https:\/\/agora.xtec.cat\/escolanouclave\/wp-json\/wp\/v2\/types\/post"}],"author":[{"embeddable":true,"href":"https:\/\/agora.xtec.cat\/escolanouclave\/wp-json\/wp\/v2\/users\/6"}],"replies":[{"embeddable":true,"href":"https:\/\/agora.xtec.cat\/escolanouclave\/wp-json\/wp\/v2\/comments?post=7048"}],"version-history":[{"count":3,"href":"https:\/\/agora.xtec.cat\/escolanouclave\/wp-json\/wp\/v2\/posts\/7048\/revisions"}],"predecessor-version":[{"id":7289,"href":"https:\/\/agora.xtec.cat\/escolanouclave\/wp-json\/wp\/v2\/posts\/7048\/revisions\/7289"}],"wp:featuredmedia":[{"embeddable":true,"href":"https:\/\/agora.xtec.cat\/escolanouclave\/wp-json\/wp\/v2\/media\/7287"}],"wp:attachment":[{"href":"https:\/\/agora.xtec.cat\/escolanouclave\/wp-json\/wp\/v2\/media?parent=7048"}],"wp:term":[{"taxonomy":"category","embeddable":true,"href":"https:\/\/agora.xtec.cat\/escolanouclave\/wp-json\/wp\/v2\/categories?post=7048"},{"taxonomy":"post_tag","embeddable":true,"href":"https:\/\/agora.xtec.cat\/escolanouclave\/wp-json\/wp\/v2\/tags?post=7048"}],"curies":[{"name":"wp","href":"https:\/\/api.w.org\/{rel}","templated":true}]}}