{"id":6687,"date":"2020-05-21T00:01:50","date_gmt":"2020-05-20T22:01:50","guid":{"rendered":"http:\/\/agora.xtec.cat\/escolanouclave\/?p=6687"},"modified":"2020-05-21T00:08:00","modified_gmt":"2020-05-20T22:08:00","slug":"activitat-36-intercomunicacio-i-llenguatge-21-05-2020-conte-la-zebra-camilla","status":"publish","type":"post","link":"https:\/\/agora.xtec.cat\/escolanouclave\/infantil\/p3\/activitat-36-intercomunicacio-i-llenguatge-21-05-2020-conte-la-zebra-camilla\/","title":{"rendered":"ACTIVITAT 36. INTERCOMUNICACI\u00d3 I LLENGUATGE. 21\/05\/2020. Conte: La Zebra Camil\u00b7la"},"content":{"rendered":"<p>Hello, good morning!!<\/p>\n<p>Amb ganes per comen\u00e7ar un nou dia?? Jo ja he agafat forces amb el meu esmorzar i ja estic preparad\u00edssima per treballar una mica. Avui us porto un conte d&#8217;una zebra. Sabeu que \u00e9s una zebra? Doncs \u00e9s un animal, que s&#8217;asembla als cavalls per\u00f2 que t\u00e9 ratlles. Si, s\u00ed, ratlles blanques i negres. Mireu, us ensenyo com s\u00f3n les zebres:<\/p>\n<p><a href=\"https:\/\/agora.xtec.cat\/escolanouclave\/wp-content\/uploads\/usu1363\/2020\/05\/cebra-real.jpg\"><img loading=\"lazy\" decoding=\"async\" class=\"wp-image-6690 aligncenter\" src=\"https:\/\/agora.xtec.cat\/escolanouclave\/wp-content\/uploads\/usu1363\/2020\/05\/cebra-real-1024x576.jpg\" alt=\"\" width=\"429\" height=\"241\" srcset=\"https:\/\/agora.xtec.cat\/escolanouclave\/wp-content\/uploads\/usu1363\/2020\/05\/cebra-real-1024x576.jpg 1024w, https:\/\/agora.xtec.cat\/escolanouclave\/wp-content\/uploads\/usu1363\/2020\/05\/cebra-real-300x169.jpg 300w, https:\/\/agora.xtec.cat\/escolanouclave\/wp-content\/uploads\/usu1363\/2020\/05\/cebra-real-768x432.jpg 768w, https:\/\/agora.xtec.cat\/escolanouclave\/wp-content\/uploads\/usu1363\/2020\/05\/cebra-real.jpg 1280w\" sizes=\"auto, (max-width: 429px) 100vw, 429px\" \/><\/a><\/p>\n<p>Heu vist?? \u00c9s bonica oi? Doncs sabeu que li va passar a la zebra del conte d&#8217;avui? Que va perdre 7 de les seves ratlles. S\u00ed, s\u00ed, com us ho dic. Voleu saber com les va perdre? Us explico el conte i ho sabreu. Estigueu molt atents que despr\u00e9s us far\u00e9 unes preguntes a veure si les sabeu contestar. Aqu\u00ed va el conte:<\/p>\n<p><a href=\"https:\/\/youtu.be\/iVrwMtF_9Ig\" target=\"_blank\" rel=\"noopener noreferrer\"><img loading=\"lazy\" decoding=\"async\" class=\"wp-image-6741 aligncenter\" src=\"https:\/\/agora.xtec.cat\/escolanouclave\/wp-content\/uploads\/usu1363\/2020\/05\/1-1-1008x1024.jpg\" alt=\"\" width=\"277\" height=\"282\" srcset=\"https:\/\/agora.xtec.cat\/escolanouclave\/wp-content\/uploads\/usu1363\/2020\/05\/1-1-1008x1024.jpg 1008w, https:\/\/agora.xtec.cat\/escolanouclave\/wp-content\/uploads\/usu1363\/2020\/05\/1-1-295x300.jpg 295w, https:\/\/agora.xtec.cat\/escolanouclave\/wp-content\/uploads\/usu1363\/2020\/05\/1-1-768x780.jpg 768w\" sizes=\"auto, (max-width: 277px) 100vw, 277px\" \/><\/a><\/p>\n<p>Us ha agradat? Pobreta la Camil\u00b7la, com plorava!!<\/p>\n<p>Anem a comprovar si heu estat molt atents. Us far\u00e9 unes preguntes i despr\u00e9s us donar\u00e9 les respostes. Podeu apuntar-vos els punts si encerteu la resposta i despr\u00e9s comptar a veure quants heu fet. Ja em direu com us ha anat. Aqu\u00ed va la primera pregunta:<\/p>\n<p>1\u00aa PREGUNTA:<\/p>\n<!--[if lt IE 9]><script>document.createElement('audio');<\/script><![endif]-->\n<audio class=\"wp-audio-shortcode\" id=\"audio-6687-1\" preload=\"none\" style=\"width: 100%;\" controls=\"controls\"><source type=\"audio\/mpeg\" src=\"https:\/\/agora.xtec.cat\/escolanouclave\/wp-content\/uploads\/usu1363\/2020\/05\/pregunta-5.mp3?_=1\" \/><a href=\"https:\/\/agora.xtec.cat\/escolanouclave\/wp-content\/uploads\/usu1363\/2020\/05\/pregunta-5.mp3\">https:\/\/agora.xtec.cat\/escolanouclave\/wp-content\/uploads\/usu1363\/2020\/05\/pregunta-5.mp3<\/a><\/audio>\n<p>&nbsp;<\/p>\n<p>RESPOSTA 1<\/p>\n<audio class=\"wp-audio-shortcode\" id=\"audio-6687-2\" preload=\"none\" style=\"width: 100%;\" controls=\"controls\"><source type=\"audio\/mpeg\" src=\"https:\/\/agora.xtec.cat\/escolanouclave\/wp-content\/uploads\/usu1363\/2020\/05\/resposta-5.mp3?_=2\" \/><a href=\"https:\/\/agora.xtec.cat\/escolanouclave\/wp-content\/uploads\/usu1363\/2020\/05\/resposta-5.mp3\">https:\/\/agora.xtec.cat\/escolanouclave\/wp-content\/uploads\/usu1363\/2020\/05\/resposta-5.mp3<\/a><\/audio>\n<p>&nbsp;<\/p>\n<p>2\u00aa PREGUNTA<\/p>\n<audio class=\"wp-audio-shortcode\" id=\"audio-6687-3\" preload=\"none\" style=\"width: 100%;\" controls=\"controls\"><source type=\"audio\/mpeg\" src=\"https:\/\/agora.xtec.cat\/escolanouclave\/wp-content\/uploads\/usu1363\/2020\/05\/pregunta-1.mp3?_=3\" \/><a href=\"https:\/\/agora.xtec.cat\/escolanouclave\/wp-content\/uploads\/usu1363\/2020\/05\/pregunta-1.mp3\">https:\/\/agora.xtec.cat\/escolanouclave\/wp-content\/uploads\/usu1363\/2020\/05\/pregunta-1.mp3<\/a><\/audio>\n<p>&nbsp;<\/p>\n<p>RESPOSTA 2<\/p>\n<audio class=\"wp-audio-shortcode\" id=\"audio-6687-4\" preload=\"none\" style=\"width: 100%;\" controls=\"controls\"><source type=\"audio\/mpeg\" src=\"https:\/\/agora.xtec.cat\/escolanouclave\/wp-content\/uploads\/usu1363\/2020\/05\/resposta-1.mp3?_=4\" \/><a href=\"https:\/\/agora.xtec.cat\/escolanouclave\/wp-content\/uploads\/usu1363\/2020\/05\/resposta-1.mp3\">https:\/\/agora.xtec.cat\/escolanouclave\/wp-content\/uploads\/usu1363\/2020\/05\/resposta-1.mp3<\/a><\/audio>\n<p>&nbsp;<\/p>\n<p>3\u00aa PREGUNTA:<\/p>\n<audio class=\"wp-audio-shortcode\" id=\"audio-6687-5\" preload=\"none\" style=\"width: 100%;\" controls=\"controls\"><source type=\"audio\/mpeg\" src=\"https:\/\/agora.xtec.cat\/escolanouclave\/wp-content\/uploads\/usu1363\/2020\/05\/pregunta-2.mp3?_=5\" \/><a href=\"https:\/\/agora.xtec.cat\/escolanouclave\/wp-content\/uploads\/usu1363\/2020\/05\/pregunta-2.mp3\">https:\/\/agora.xtec.cat\/escolanouclave\/wp-content\/uploads\/usu1363\/2020\/05\/pregunta-2.mp3<\/a><\/audio>\n<p>&nbsp;<\/p>\n<p>RESPOSTA 3<\/p>\n<audio class=\"wp-audio-shortcode\" id=\"audio-6687-6\" preload=\"none\" style=\"width: 100%;\" controls=\"controls\"><source type=\"audio\/mpeg\" src=\"https:\/\/agora.xtec.cat\/escolanouclave\/wp-content\/uploads\/usu1363\/2020\/05\/resposta-2.mp3?_=6\" \/><a href=\"https:\/\/agora.xtec.cat\/escolanouclave\/wp-content\/uploads\/usu1363\/2020\/05\/resposta-2.mp3\">https:\/\/agora.xtec.cat\/escolanouclave\/wp-content\/uploads\/usu1363\/2020\/05\/resposta-2.mp3<\/a><\/audio>\n<p>&nbsp;<\/p>\n<p>4\u00aa PREGUNTA<\/p>\n<audio class=\"wp-audio-shortcode\" id=\"audio-6687-7\" preload=\"none\" style=\"width: 100%;\" controls=\"controls\"><source type=\"audio\/mpeg\" src=\"https:\/\/agora.xtec.cat\/escolanouclave\/wp-content\/uploads\/usu1363\/2020\/05\/pregunta-3.mp3?_=7\" \/><a href=\"https:\/\/agora.xtec.cat\/escolanouclave\/wp-content\/uploads\/usu1363\/2020\/05\/pregunta-3.mp3\">https:\/\/agora.xtec.cat\/escolanouclave\/wp-content\/uploads\/usu1363\/2020\/05\/pregunta-3.mp3<\/a><\/audio>\n<p>&nbsp;<\/p>\n<p>RESPOSTA 4<\/p>\n<audio class=\"wp-audio-shortcode\" id=\"audio-6687-8\" preload=\"none\" style=\"width: 100%;\" controls=\"controls\"><source type=\"audio\/mpeg\" src=\"https:\/\/agora.xtec.cat\/escolanouclave\/wp-content\/uploads\/usu1363\/2020\/05\/resposta-3.mp3?_=8\" \/><a href=\"https:\/\/agora.xtec.cat\/escolanouclave\/wp-content\/uploads\/usu1363\/2020\/05\/resposta-3.mp3\">https:\/\/agora.xtec.cat\/escolanouclave\/wp-content\/uploads\/usu1363\/2020\/05\/resposta-3.mp3<\/a><\/audio>\n<p>&nbsp;<\/p>\n<p>5\u00aa PREGUNTA<\/p>\n<audio class=\"wp-audio-shortcode\" id=\"audio-6687-9\" preload=\"none\" style=\"width: 100%;\" controls=\"controls\"><source type=\"audio\/mpeg\" src=\"https:\/\/agora.xtec.cat\/escolanouclave\/wp-content\/uploads\/usu1363\/2020\/05\/pregunta-4.mp3?_=9\" \/><a href=\"https:\/\/agora.xtec.cat\/escolanouclave\/wp-content\/uploads\/usu1363\/2020\/05\/pregunta-4.mp3\">https:\/\/agora.xtec.cat\/escolanouclave\/wp-content\/uploads\/usu1363\/2020\/05\/pregunta-4.mp3<\/a><\/audio>\n<p>&nbsp;<\/p>\n<p>RESPOSTA 5<\/p>\n<audio class=\"wp-audio-shortcode\" id=\"audio-6687-10\" preload=\"none\" style=\"width: 100%;\" controls=\"controls\"><source type=\"audio\/mpeg\" src=\"https:\/\/agora.xtec.cat\/escolanouclave\/wp-content\/uploads\/usu1363\/2020\/05\/resposta-4.mp3?_=10\" \/><a href=\"https:\/\/agora.xtec.cat\/escolanouclave\/wp-content\/uploads\/usu1363\/2020\/05\/resposta-4.mp3\">https:\/\/agora.xtec.cat\/escolanouclave\/wp-content\/uploads\/usu1363\/2020\/05\/resposta-4.mp3<\/a><\/audio>\n<p>&nbsp;<\/p>\n<p>Com ha anat, heu encertat moltes? Heu tingut molts punts? Ara us deixo un document amb un trocet del conte. Haureu de trobar totes les vocals que hi hagi. Encerclareu totes les A de color vermell, les E de groc, les I de verd, les O de blau i les U de taronja. <a href=\"https:\/\/agora.xtec.cat\/escolanouclave\/wp-content\/uploads\/usu1363\/2020\/05\/LA-ZEBRA-CAMIL\u00b7LA.pdf\">LA ZEBRA CAMIL\u00b7LA<\/a><\/p>\n<p>Continuem amb un dibuix de la zebra per tal que el pinteu i un puzle. Aqu\u00ed van:<\/p>\n<p style=\"text-align: center\"><a href=\"https:\/\/agora.xtec.cat\/escolanouclave\/wp-content\/uploads\/usu1363\/2020\/05\/PUZLE-ZEBRA.jpg\"><img loading=\"lazy\" decoding=\"async\" class=\"alignnone size-full wp-image-6719\" src=\"https:\/\/agora.xtec.cat\/escolanouclave\/wp-content\/uploads\/usu1363\/2020\/05\/PUZLE-ZEBRA.jpg\" alt=\"\" width=\"218\" height=\"299\" \/><\/a><a href=\"https:\/\/agora.xtec.cat\/escolanouclave\/wp-content\/uploads\/usu1363\/2020\/05\/ZEBRA-1.jpg\"><img loading=\"lazy\" decoding=\"async\" class=\"alignnone wp-image-6718\" src=\"https:\/\/agora.xtec.cat\/escolanouclave\/wp-content\/uploads\/usu1363\/2020\/05\/ZEBRA-1.jpg\" alt=\"\" width=\"203\" height=\"277\" srcset=\"https:\/\/agora.xtec.cat\/escolanouclave\/wp-content\/uploads\/usu1363\/2020\/05\/ZEBRA-1.jpg 561w, https:\/\/agora.xtec.cat\/escolanouclave\/wp-content\/uploads\/usu1363\/2020\/05\/ZEBRA-1-220x300.jpg 220w\" sizes=\"auto, (max-width: 203px) 100vw, 203px\" \/><\/a><\/p>\n<p>Acabem fent un rep\u00e0s del personatges que sortien en el conte. Intenta ordenar-los seguint la seva aparici\u00f3. Escriu el n\u00famero corresponent al seu ordre a sota de la imatge o b\u00e9 assenyala amb el dit marcant l&#8217;ordre d&#8217;aparici\u00f3.<\/p>\n<p style=\"text-align: center\"><a href=\"https:\/\/agora.xtec.cat\/escolanouclave\/wp-content\/uploads\/usu1363\/2020\/05\/personatges.png\"><img loading=\"lazy\" decoding=\"async\" class=\"alignnone size-full wp-image-6724\" src=\"https:\/\/agora.xtec.cat\/escolanouclave\/wp-content\/uploads\/usu1363\/2020\/05\/personatges.png\" alt=\"\" width=\"652\" height=\"449\" srcset=\"https:\/\/agora.xtec.cat\/escolanouclave\/wp-content\/uploads\/usu1363\/2020\/05\/personatges.png 652w, https:\/\/agora.xtec.cat\/escolanouclave\/wp-content\/uploads\/usu1363\/2020\/05\/personatges-300x207.png 300w\" sizes=\"auto, (max-width: 652px) 100vw, 652px\" \/><\/a><\/p>\n<p>Per avui hem acabat. Ens tornem a trobar dem\u00e0 per acomiadar la setmana. Que passeu un bon dia!!<\/p>\n<p><a href=\"https:\/\/pa1.narvii.com\/6776\/e08f76837f4630adf7e7f296c4c1919d52dd5ab9_00.gif\" target=\"_blank\" rel=\"noopener noreferrer\">AD\u00c9U<\/a><\/p>\n<p>&nbsp;<\/p>\n<p>&nbsp;<\/p>\n","protected":false},"excerpt":{"rendered":"<p>Hello, good morning!! Amb ganes per comen\u00e7ar un nou dia?? Jo ja he agafat forces amb el meu esmorzar i ja estic preparad\u00edssima per treballar una mica. Avui us porto un conte d&#8217;una zebra. Sabeu que \u00e9s una zebra? Doncs \u00e9s un animal, que s&#8217;asembla als cavalls per\u00f2 que t\u00e9 ratlles. Si, s\u00ed, ratlles blanques [&hellip;]<\/p>\n","protected":false},"author":11,"featured_media":6741,"comment_status":"open","ping_status":"closed","sticky":false,"template":"","format":"standard","meta":{"_bbp_topic_count":0,"_bbp_reply_count":0,"_bbp_total_topic_count":0,"_bbp_total_reply_count":0,"_bbp_voice_count":0,"_bbp_anonymous_reply_count":0,"_bbp_topic_count_hidden":0,"_bbp_reply_count_hidden":0,"_bbp_forum_subforum_count":0,"site-sidebar-layout":"default","site-content-layout":"","ast-site-content-layout":"","site-content-style":"default","site-sidebar-style":"default","ast-global-header-display":"","ast-banner-title-visibility":"","ast-main-header-display":"","ast-hfb-above-header-display":"","ast-hfb-below-header-display":"","ast-hfb-mobile-header-display":"","site-post-title":"","ast-breadcrumbs-content":"","ast-featured-img":"","footer-sml-layout":"","theme-transparent-header-meta":"","adv-header-id-meta":"","stick-header-meta":"","header-above-stick-meta":"","header-main-stick-meta":"","header-below-stick-meta":"","astra-migrate-meta-layouts":"default","ast-page-background-enabled":"default","ast-page-background-meta":{"desktop":{"background-color":"var(--ast-global-color-4)","background-image":"","background-repeat":"repeat","background-position":"center center","background-size":"auto","background-attachment":"scroll","background-type":"","background-media":"","overlay-type":"","overlay-color":"","overlay-opacity":"","overlay-gradient":""},"tablet":{"background-color":"","background-image":"","background-repeat":"repeat","background-position":"center center","background-size":"auto","background-attachment":"scroll","background-type":"","background-media":"","overlay-type":"","overlay-color":"","overlay-opacity":"","overlay-gradient":""},"mobile":{"background-color":"","background-image":"","background-repeat":"repeat","background-position":"center center","background-size":"auto","background-attachment":"scroll","background-type":"","background-media":"","overlay-type":"","overlay-color":"","overlay-opacity":"","overlay-gradient":""}},"ast-content-background-meta":{"desktop":{"background-color":"var(--ast-global-color-5)","background-image":"","background-repeat":"repeat","background-position":"center center","background-size":"auto","background-attachment":"scroll","background-type":"","background-media":"","overlay-type":"","overlay-color":"","overlay-opacity":"","overlay-gradient":""},"tablet":{"background-color":"var(--ast-global-color-5)","background-image":"","background-repeat":"repeat","background-position":"center center","background-size":"auto","background-attachment":"scroll","background-type":"","background-media":"","overlay-type":"","overlay-color":"","overlay-opacity":"","overlay-gradient":""},"mobile":{"background-color":"var(--ast-global-color-5)","background-image":"","background-repeat":"repeat","background-position":"center center","background-size":"auto","background-attachment":"scroll","background-type":"","background-media":"","overlay-type":"","overlay-color":"","overlay-opacity":"","overlay-gradient":""}},"footnotes":""},"categories":[3],"tags":[763,283,246,178,270],"class_list":["post-6687","post","type-post","status-publish","format-standard","has-post-thumbnail","hentry","category-p3","tag-comprensio-opral","tag-conte","tag-jo-em-quedo-a-casa","tag-p3","tag-preescriptura"],"post_mailing_queue_ids":[],"_links":{"self":[{"href":"https:\/\/agora.xtec.cat\/escolanouclave\/wp-json\/wp\/v2\/posts\/6687","targetHints":{"allow":["GET"]}}],"collection":[{"href":"https:\/\/agora.xtec.cat\/escolanouclave\/wp-json\/wp\/v2\/posts"}],"about":[{"href":"https:\/\/agora.xtec.cat\/escolanouclave\/wp-json\/wp\/v2\/types\/post"}],"author":[{"embeddable":true,"href":"https:\/\/agora.xtec.cat\/escolanouclave\/wp-json\/wp\/v2\/users\/11"}],"replies":[{"embeddable":true,"href":"https:\/\/agora.xtec.cat\/escolanouclave\/wp-json\/wp\/v2\/comments?post=6687"}],"version-history":[{"count":3,"href":"https:\/\/agora.xtec.cat\/escolanouclave\/wp-json\/wp\/v2\/posts\/6687\/revisions"}],"predecessor-version":[{"id":6746,"href":"https:\/\/agora.xtec.cat\/escolanouclave\/wp-json\/wp\/v2\/posts\/6687\/revisions\/6746"}],"wp:featuredmedia":[{"embeddable":true,"href":"https:\/\/agora.xtec.cat\/escolanouclave\/wp-json\/wp\/v2\/media\/6741"}],"wp:attachment":[{"href":"https:\/\/agora.xtec.cat\/escolanouclave\/wp-json\/wp\/v2\/media?parent=6687"}],"wp:term":[{"taxonomy":"category","embeddable":true,"href":"https:\/\/agora.xtec.cat\/escolanouclave\/wp-json\/wp\/v2\/categories?post=6687"},{"taxonomy":"post_tag","embeddable":true,"href":"https:\/\/agora.xtec.cat\/escolanouclave\/wp-json\/wp\/v2\/tags?post=6687"}],"curies":[{"name":"wp","href":"https:\/\/api.w.org\/{rel}","templated":true}]}}