{"id":6183,"date":"2020-05-21T07:27:02","date_gmt":"2020-05-21T05:27:02","guid":{"rendered":"http:\/\/agora.xtec.cat\/escolanouclave\/?p=6183"},"modified":"2020-05-21T07:27:02","modified_gmt":"2020-05-21T05:27:02","slug":"activitat-17-catala-21-maig-2020-els-adjectius-i-la-descripcio","status":"publish","type":"post","link":"https:\/\/agora.xtec.cat\/escolanouclave\/primaria\/2n\/activitat-17-catala-21-maig-2020-els-adjectius-i-la-descripcio\/","title":{"rendered":"ACTIVITAT 17 CATAL\u00c0 \/21-maig-2020. ELS ADJECTIUS I LA DESCRIPCI\u00d3."},"content":{"rendered":"<p><a href=\"https:\/\/agora.xtec.cat\/escolanouclave\/wp-content\/uploads\/usu1363\/2020\/05\/els-adjectius-T\u00cdTOL.jpg\"><img loading=\"lazy\" decoding=\"async\" class=\"alignnone wp-image-6185\" src=\"https:\/\/agora.xtec.cat\/escolanouclave\/wp-content\/uploads\/usu1363\/2020\/05\/els-adjectius-T\u00cdTOL.jpg\" alt=\"\" width=\"429\" height=\"322\" srcset=\"https:\/\/agora.xtec.cat\/escolanouclave\/wp-content\/uploads\/usu1363\/2020\/05\/els-adjectius-T\u00cdTOL.jpg 638w, https:\/\/agora.xtec.cat\/escolanouclave\/wp-content\/uploads\/usu1363\/2020\/05\/els-adjectius-T\u00cdTOL-300x225.jpg 300w, https:\/\/agora.xtec.cat\/escolanouclave\/wp-content\/uploads\/usu1363\/2020\/05\/els-adjectius-T\u00cdTOL-200x150.jpg 200w\" sizes=\"auto, (max-width: 429px) 100vw, 429px\" \/><\/a><\/p>\n<p>Bon dijous noies i nois!!<\/p>\n<p>Avui seguirem treballant els <strong>ADJECTIUS<\/strong>. Recordeu que els adjectius s\u00f3n unes paraules que\u00a0 serveixen per explicar com \u00e9s una persona, una cosa, un animal o un lloc.<\/p>\n<p>Quan fem una descripci\u00f3 d&#8217;una persona (expliquem com \u00e9s) utilitzem els adjectius. Mireu aquesta <a href=\"https:\/\/agora.xtec.cat\/escolanouclave\/wp-content\/uploads\/usu1363\/2020\/05\/ADJECTIUS-PER-DESCRIURE-PERSONES-convertido.pdf\">TAULA<\/a> que us servir\u00e0 per despr\u00e9s fer la seg\u00fcent activitat. En aquesta taula trobareu diferents adjectius per descriure com \u00e9s una persona, com \u00e9s la seva cara, el seu cos, la seva boca, els seus cabells&#8230;.<\/p>\n<p>Despr\u00e9s feu aquesta <a href=\"https:\/\/agora.xtec.cat\/escolanouclave\/wp-content\/uploads\/usu1363\/2020\/05\/Fitxa-descripci\u00f3-adjectius.pdf\">Fitxa descripci\u00f3-adjectius<\/a><\/p>\n<p>Vinga, a treballar!!<\/p>\n<p>AD\u00c9UUUU!!!<\/p>\n<p>&nbsp;<\/p>\n","protected":false},"excerpt":{"rendered":"<p>Bon dijous noies i nois!! Avui seguirem treballant els ADJECTIUS. Recordeu que els adjectius s\u00f3n unes paraules que\u00a0 serveixen per explicar com \u00e9s una persona, una cosa, un animal o un lloc. Quan fem una descripci\u00f3 d&#8217;una persona (expliquem com \u00e9s) utilitzem els adjectius. Mireu aquesta TAULA que us servir\u00e0 per despr\u00e9s fer la seg\u00fcent [&hellip;]<\/p>\n","protected":false},"author":1,"featured_media":6185,"comment_status":"open","ping_status":"closed","sticky":false,"template":"","format":"standard","meta":{"_bbp_topic_count":0,"_bbp_reply_count":0,"_bbp_total_topic_count":0,"_bbp_total_reply_count":0,"_bbp_voice_count":0,"_bbp_anonymous_reply_count":0,"_bbp_topic_count_hidden":0,"_bbp_reply_count_hidden":0,"_bbp_forum_subforum_count":0,"site-sidebar-layout":"default","site-content-layout":"","ast-site-content-layout":"","site-content-style":"default","site-sidebar-style":"default","ast-global-header-display":"","ast-banner-title-visibility":"","ast-main-header-display":"","ast-hfb-above-header-display":"","ast-hfb-below-header-display":"","ast-hfb-mobile-header-display":"","site-post-title":"","ast-breadcrumbs-content":"","ast-featured-img":"","footer-sml-layout":"","theme-transparent-header-meta":"","adv-header-id-meta":"","stick-header-meta":"","header-above-stick-meta":"","header-main-stick-meta":"","header-below-stick-meta":"","astra-migrate-meta-layouts":"default","ast-page-background-enabled":"default","ast-page-background-meta":{"desktop":{"background-color":"var(--ast-global-color-4)","background-image":"","background-repeat":"repeat","background-position":"center center","background-size":"auto","background-attachment":"scroll","background-type":"","background-media":"","overlay-type":"","overlay-color":"","overlay-opacity":"","overlay-gradient":""},"tablet":{"background-color":"","background-image":"","background-repeat":"repeat","background-position":"center center","background-size":"auto","background-attachment":"scroll","background-type":"","background-media":"","overlay-type":"","overlay-color":"","overlay-opacity":"","overlay-gradient":""},"mobile":{"background-color":"","background-image":"","background-repeat":"repeat","background-position":"center center","background-size":"auto","background-attachment":"scroll","background-type":"","background-media":"","overlay-type":"","overlay-color":"","overlay-opacity":"","overlay-gradient":""}},"ast-content-background-meta":{"desktop":{"background-color":"var(--ast-global-color-5)","background-image":"","background-repeat":"repeat","background-position":"center center","background-size":"auto","background-attachment":"scroll","background-type":"","background-media":"","overlay-type":"","overlay-color":"","overlay-opacity":"","overlay-gradient":""},"tablet":{"background-color":"var(--ast-global-color-5)","background-image":"","background-repeat":"repeat","background-position":"center center","background-size":"auto","background-attachment":"scroll","background-type":"","background-media":"","overlay-type":"","overlay-color":"","overlay-opacity":"","overlay-gradient":""},"mobile":{"background-color":"var(--ast-global-color-5)","background-image":"","background-repeat":"repeat","background-position":"center center","background-size":"auto","background-attachment":"scroll","background-type":"","background-media":"","overlay-type":"","overlay-color":"","overlay-opacity":"","overlay-gradient":""}},"footnotes":""},"categories":[11],"tags":[710,287,386],"class_list":["post-6183","post","type-post","status-publish","format-standard","has-post-thumbnail","hentry","category-2n","tag-adjectius","tag-catala","tag-descripcio"],"post_mailing_queue_ids":[],"_links":{"self":[{"href":"https:\/\/agora.xtec.cat\/escolanouclave\/wp-json\/wp\/v2\/posts\/6183","targetHints":{"allow":["GET"]}}],"collection":[{"href":"https:\/\/agora.xtec.cat\/escolanouclave\/wp-json\/wp\/v2\/posts"}],"about":[{"href":"https:\/\/agora.xtec.cat\/escolanouclave\/wp-json\/wp\/v2\/types\/post"}],"author":[{"embeddable":true,"href":"https:\/\/agora.xtec.cat\/escolanouclave\/wp-json\/wp\/v2\/users\/1"}],"replies":[{"embeddable":true,"href":"https:\/\/agora.xtec.cat\/escolanouclave\/wp-json\/wp\/v2\/comments?post=6183"}],"version-history":[{"count":3,"href":"https:\/\/agora.xtec.cat\/escolanouclave\/wp-json\/wp\/v2\/posts\/6183\/revisions"}],"predecessor-version":[{"id":6301,"href":"https:\/\/agora.xtec.cat\/escolanouclave\/wp-json\/wp\/v2\/posts\/6183\/revisions\/6301"}],"wp:featuredmedia":[{"embeddable":true,"href":"https:\/\/agora.xtec.cat\/escolanouclave\/wp-json\/wp\/v2\/media\/6185"}],"wp:attachment":[{"href":"https:\/\/agora.xtec.cat\/escolanouclave\/wp-json\/wp\/v2\/media?parent=6183"}],"wp:term":[{"taxonomy":"category","embeddable":true,"href":"https:\/\/agora.xtec.cat\/escolanouclave\/wp-json\/wp\/v2\/categories?post=6183"},{"taxonomy":"post_tag","embeddable":true,"href":"https:\/\/agora.xtec.cat\/escolanouclave\/wp-json\/wp\/v2\/tags?post=6183"}],"curies":[{"name":"wp","href":"https:\/\/api.w.org\/{rel}","templated":true}]}}