{"id":6049,"date":"2020-05-13T00:15:07","date_gmt":"2020-05-12T22:15:07","guid":{"rendered":"http:\/\/agora.xtec.cat\/escolanouclave\/?p=6049"},"modified":"2020-05-12T18:17:48","modified_gmt":"2020-05-12T16:17:48","slug":"activitat-30-13-maig-2020-projecte-el-cuiner","status":"publish","type":"post","link":"https:\/\/agora.xtec.cat\/escolanouclave\/infantil\/p5-infantil\/activitat-30-13-maig-2020-projecte-el-cuiner\/","title":{"rendered":"Activitat 30\/13-Maig-2020\/ Projecte &#8220;El cuiner&#8221;"},"content":{"rendered":"<p>Hello!!!!!!!! How are you????<\/p>\n<p>Ja podeu avui dimecres, preparar el vostre davantal i el barret de cuiner\/a ja que, farem un taller de cuina: <strong>CUINA SENSE FOC<\/strong>.<br \/>\nUs proposo dues receptes que jo les he fet moltes vegades i m&#8217;encanten. En totes dues, nom\u00e9s cal que tingueu a casa varietat de fruites. Si no teniu, tinc una idea!!! com ja sabeu fer la llista de la compra, podeu afegir les fruites que m\u00e9s us agraden i comprar-les, per exemple: peres, maduixes, taronges, s\u00edndria, mel\u00f3, pomes, kiwis&#8230;.Tamb\u00e9, si us agrada la crema de xocolata la podeu anotar.<br \/>\nAquestes receptes d&#8217;avui, les podeu afegir al vostre receptari de cuina. Espero que us agradin tant com a m\u00ed!<\/p>\n<p>Tamb\u00e9, us deixo un link on trobareu\u00a0 unes activitats sobre les fruites i les verdures molt interessants i un dibuix per colorejar<\/p>\n<p><a href=\"https:\/\/agora.xtec.cat\/escolanouclave\/wp-content\/uploads\/usu1363\/2020\/05\/receptes.pdf\">receptes<\/a><br \/>\n<a href=\"https:\/\/clic.xtec.cat\/projects\/fruiver\/jclic.js\/index.htm\">https:\/\/clic.xtec.cat\/projects\/fruiver\/jclic.js\/index.htm<\/a><br \/>\n<a href=\"https:\/\/agora.xtec.cat\/escolanouclave\/wp-content\/uploads\/usu1363\/2020\/05\/Dibuix-per-colorejar.pdf\">Dibuix per colorejar<\/a><\/p>\n<p>Fins dem\u00e0!!!!!!!!!!!!!<br \/>\nUn pet\u00f3 gran!!!!!!!!!<\/p>\n","protected":false},"excerpt":{"rendered":"<p>Hello!!!!!!!! How are you???? Ja podeu avui dimecres, preparar el vostre davantal i el barret de cuiner\/a ja que, farem un taller de cuina: CUINA SENSE FOC. Us proposo dues receptes que jo les he fet moltes vegades i m&#8217;encanten. En totes dues, nom\u00e9s cal que tingueu a casa varietat de fruites. Si no teniu, [&hellip;]<\/p>\n","protected":false},"author":1,"featured_media":6055,"comment_status":"open","ping_status":"closed","sticky":false,"template":"","format":"standard","meta":{"_bbp_topic_count":0,"_bbp_reply_count":0,"_bbp_total_topic_count":0,"_bbp_total_reply_count":0,"_bbp_voice_count":0,"_bbp_anonymous_reply_count":0,"_bbp_topic_count_hidden":0,"_bbp_reply_count_hidden":0,"_bbp_forum_subforum_count":0,"site-sidebar-layout":"default","site-content-layout":"","ast-site-content-layout":"","site-content-style":"default","site-sidebar-style":"default","ast-global-header-display":"","ast-banner-title-visibility":"","ast-main-header-display":"","ast-hfb-above-header-display":"","ast-hfb-below-header-display":"","ast-hfb-mobile-header-display":"","site-post-title":"","ast-breadcrumbs-content":"","ast-featured-img":"","footer-sml-layout":"","theme-transparent-header-meta":"","adv-header-id-meta":"","stick-header-meta":"","header-above-stick-meta":"","header-main-stick-meta":"","header-below-stick-meta":"","astra-migrate-meta-layouts":"default","ast-page-background-enabled":"default","ast-page-background-meta":{"desktop":{"background-color":"var(--ast-global-color-4)","background-image":"","background-repeat":"repeat","background-position":"center center","background-size":"auto","background-attachment":"scroll","background-type":"","background-media":"","overlay-type":"","overlay-color":"","overlay-opacity":"","overlay-gradient":""},"tablet":{"background-color":"","background-image":"","background-repeat":"repeat","background-position":"center center","background-size":"auto","background-attachment":"scroll","background-type":"","background-media":"","overlay-type":"","overlay-color":"","overlay-opacity":"","overlay-gradient":""},"mobile":{"background-color":"","background-image":"","background-repeat":"repeat","background-position":"center center","background-size":"auto","background-attachment":"scroll","background-type":"","background-media":"","overlay-type":"","overlay-color":"","overlay-opacity":"","overlay-gradient":""}},"ast-content-background-meta":{"desktop":{"background-color":"var(--ast-global-color-5)","background-image":"","background-repeat":"repeat","background-position":"center center","background-size":"auto","background-attachment":"scroll","background-type":"","background-media":"","overlay-type":"","overlay-color":"","overlay-opacity":"","overlay-gradient":""},"tablet":{"background-color":"var(--ast-global-color-5)","background-image":"","background-repeat":"repeat","background-position":"center center","background-size":"auto","background-attachment":"scroll","background-type":"","background-media":"","overlay-type":"","overlay-color":"","overlay-opacity":"","overlay-gradient":""},"mobile":{"background-color":"var(--ast-global-color-5)","background-image":"","background-repeat":"repeat","background-position":"center center","background-size":"auto","background-attachment":"scroll","background-type":"","background-media":"","overlay-type":"","overlay-color":"","overlay-opacity":"","overlay-gradient":""}},"footnotes":""},"categories":[98],"tags":[471,399,74],"class_list":["post-6049","post","type-post","status-publish","format-standard","has-post-thumbnail","hentry","category-p5-infantil","tag-destresses-manuals","tag-lectoescriptura","tag-projecte"],"post_mailing_queue_ids":[],"_links":{"self":[{"href":"https:\/\/agora.xtec.cat\/escolanouclave\/wp-json\/wp\/v2\/posts\/6049","targetHints":{"allow":["GET"]}}],"collection":[{"href":"https:\/\/agora.xtec.cat\/escolanouclave\/wp-json\/wp\/v2\/posts"}],"about":[{"href":"https:\/\/agora.xtec.cat\/escolanouclave\/wp-json\/wp\/v2\/types\/post"}],"author":[{"embeddable":true,"href":"https:\/\/agora.xtec.cat\/escolanouclave\/wp-json\/wp\/v2\/users\/1"}],"replies":[{"embeddable":true,"href":"https:\/\/agora.xtec.cat\/escolanouclave\/wp-json\/wp\/v2\/comments?post=6049"}],"version-history":[{"count":1,"href":"https:\/\/agora.xtec.cat\/escolanouclave\/wp-json\/wp\/v2\/posts\/6049\/revisions"}],"predecessor-version":[{"id":6054,"href":"https:\/\/agora.xtec.cat\/escolanouclave\/wp-json\/wp\/v2\/posts\/6049\/revisions\/6054"}],"wp:featuredmedia":[{"embeddable":true,"href":"https:\/\/agora.xtec.cat\/escolanouclave\/wp-json\/wp\/v2\/media\/6055"}],"wp:attachment":[{"href":"https:\/\/agora.xtec.cat\/escolanouclave\/wp-json\/wp\/v2\/media?parent=6049"}],"wp:term":[{"taxonomy":"category","embeddable":true,"href":"https:\/\/agora.xtec.cat\/escolanouclave\/wp-json\/wp\/v2\/categories?post=6049"},{"taxonomy":"post_tag","embeddable":true,"href":"https:\/\/agora.xtec.cat\/escolanouclave\/wp-json\/wp\/v2\/tags?post=6049"}],"curies":[{"name":"wp","href":"https:\/\/api.w.org\/{rel}","templated":true}]}}