{"id":5981,"date":"2020-05-12T00:05:21","date_gmt":"2020-05-11T22:05:21","guid":{"rendered":"http:\/\/agora.xtec.cat\/escolanouclave\/?p=5981"},"modified":"2020-05-11T18:07:25","modified_gmt":"2020-05-11T16:07:25","slug":"activitat-29-12-maig-2020-raco-de-lectura","status":"publish","type":"post","link":"https:\/\/agora.xtec.cat\/escolanouclave\/infantil\/p5-infantil\/activitat-29-12-maig-2020-raco-de-lectura\/","title":{"rendered":"Activitat 29\/ 12-Maig-2020\/ Rac\u00f3 de lectura."},"content":{"rendered":"<p>Holaaaaaa!<\/p>\n<p>Com esteu avui? Ja heu ballat amb l&#8217;Anna? Quina dansa m\u00e9s divertida oi??? epo etaita ie!!!!!<br \/>\nDoncs ara, agafeu aire, feu 10 respiracions que us vaig a dir un secret&#8230;&#8230;&#8230;<br \/>\nSabeu qui em va trucar ahir a la nit???? doncs, en Tortellini!!!!! i sabeu qu\u00e8 volia saber??? doncs volia saber si als elefants us agradava llegir. Jo, li vaig dir que S\u00cd, que sou uns grans lectors, que cada d\u00eda llegiu una miqueta i que avui li podr\u00edeu demostrar amb les fitxes de lectura que us he preparat. A m\u00e9s, teniu unes endevinalles sobre &#8220;el projecte del cuiner&#8221; molt xules.<br \/>\nQui est\u00e0 prepara&#8217;t per que en Tortellini l&#8217;escolti? Apa, busqueu un bon lloc o rac\u00f3 ben tranquil de la vostra casa i que no us pugui molestar ning\u00fa.<\/p>\n<p>A veure si aconseguiu assolir aquest nou repte!!!!<\/p>\n<p><a href=\"https:\/\/agora.xtec.cat\/escolanouclave\/wp-content\/uploads\/usu1363\/2020\/05\/lectura.pdf\">lectura<\/a><br \/>\n<a href=\"https:\/\/agora.xtec.cat\/escolanouclave\/wp-content\/uploads\/usu1363\/2020\/05\/endevinalles.pdf\">endevinalles<\/a><\/p>\n<p>Fins aviat!!!!!!<br \/>\nPetonets.<\/p>\n","protected":false},"excerpt":{"rendered":"<p>Holaaaaaa! Com esteu avui? Ja heu ballat amb l&#8217;Anna? Quina dansa m\u00e9s divertida oi??? epo etaita ie!!!!! Doncs ara, agafeu aire, feu 10 respiracions que us vaig a dir un secret&#8230;&#8230;&#8230; Sabeu qui em va trucar ahir a la nit???? doncs, en Tortellini!!!!! i sabeu qu\u00e8 volia saber??? doncs volia saber si als elefants us [&hellip;]<\/p>\n","protected":false},"author":1,"featured_media":5342,"comment_status":"open","ping_status":"closed","sticky":false,"template":"","format":"standard","meta":{"_bbp_topic_count":0,"_bbp_reply_count":0,"_bbp_total_topic_count":0,"_bbp_total_reply_count":0,"_bbp_voice_count":0,"_bbp_anonymous_reply_count":0,"_bbp_topic_count_hidden":0,"_bbp_reply_count_hidden":0,"_bbp_forum_subforum_count":0,"site-sidebar-layout":"default","site-content-layout":"","ast-site-content-layout":"","site-content-style":"default","site-sidebar-style":"default","ast-global-header-display":"","ast-banner-title-visibility":"","ast-main-header-display":"","ast-hfb-above-header-display":"","ast-hfb-below-header-display":"","ast-hfb-mobile-header-display":"","site-post-title":"","ast-breadcrumbs-content":"","ast-featured-img":"","footer-sml-layout":"","theme-transparent-header-meta":"","adv-header-id-meta":"","stick-header-meta":"","header-above-stick-meta":"","header-main-stick-meta":"","header-below-stick-meta":"","astra-migrate-meta-layouts":"default","ast-page-background-enabled":"default","ast-page-background-meta":{"desktop":{"background-color":"var(--ast-global-color-4)","background-image":"","background-repeat":"repeat","background-position":"center center","background-size":"auto","background-attachment":"scroll","background-type":"","background-media":"","overlay-type":"","overlay-color":"","overlay-opacity":"","overlay-gradient":""},"tablet":{"background-color":"","background-image":"","background-repeat":"repeat","background-position":"center center","background-size":"auto","background-attachment":"scroll","background-type":"","background-media":"","overlay-type":"","overlay-color":"","overlay-opacity":"","overlay-gradient":""},"mobile":{"background-color":"","background-image":"","background-repeat":"repeat","background-position":"center center","background-size":"auto","background-attachment":"scroll","background-type":"","background-media":"","overlay-type":"","overlay-color":"","overlay-opacity":"","overlay-gradient":""}},"ast-content-background-meta":{"desktop":{"background-color":"var(--ast-global-color-5)","background-image":"","background-repeat":"repeat","background-position":"center center","background-size":"auto","background-attachment":"scroll","background-type":"","background-media":"","overlay-type":"","overlay-color":"","overlay-opacity":"","overlay-gradient":""},"tablet":{"background-color":"var(--ast-global-color-5)","background-image":"","background-repeat":"repeat","background-position":"center center","background-size":"auto","background-attachment":"scroll","background-type":"","background-media":"","overlay-type":"","overlay-color":"","overlay-opacity":"","overlay-gradient":""},"mobile":{"background-color":"var(--ast-global-color-5)","background-image":"","background-repeat":"repeat","background-position":"center center","background-size":"auto","background-attachment":"scroll","background-type":"","background-media":"","overlay-type":"","overlay-color":"","overlay-opacity":"","overlay-gradient":""}},"footnotes":""},"categories":[98],"tags":[688],"class_list":["post-5981","post","type-post","status-publish","format-standard","has-post-thumbnail","hentry","category-p5-infantil","tag-lectura-comprensiva"],"post_mailing_queue_ids":[],"_links":{"self":[{"href":"https:\/\/agora.xtec.cat\/escolanouclave\/wp-json\/wp\/v2\/posts\/5981","targetHints":{"allow":["GET"]}}],"collection":[{"href":"https:\/\/agora.xtec.cat\/escolanouclave\/wp-json\/wp\/v2\/posts"}],"about":[{"href":"https:\/\/agora.xtec.cat\/escolanouclave\/wp-json\/wp\/v2\/types\/post"}],"author":[{"embeddable":true,"href":"https:\/\/agora.xtec.cat\/escolanouclave\/wp-json\/wp\/v2\/users\/1"}],"replies":[{"embeddable":true,"href":"https:\/\/agora.xtec.cat\/escolanouclave\/wp-json\/wp\/v2\/comments?post=5981"}],"version-history":[{"count":1,"href":"https:\/\/agora.xtec.cat\/escolanouclave\/wp-json\/wp\/v2\/posts\/5981\/revisions"}],"predecessor-version":[{"id":5984,"href":"https:\/\/agora.xtec.cat\/escolanouclave\/wp-json\/wp\/v2\/posts\/5981\/revisions\/5984"}],"wp:featuredmedia":[{"embeddable":true,"href":"https:\/\/agora.xtec.cat\/escolanouclave\/wp-json\/wp\/v2\/media\/5342"}],"wp:attachment":[{"href":"https:\/\/agora.xtec.cat\/escolanouclave\/wp-json\/wp\/v2\/media?parent=5981"}],"wp:term":[{"taxonomy":"category","embeddable":true,"href":"https:\/\/agora.xtec.cat\/escolanouclave\/wp-json\/wp\/v2\/categories?post=5981"},{"taxonomy":"post_tag","embeddable":true,"href":"https:\/\/agora.xtec.cat\/escolanouclave\/wp-json\/wp\/v2\/tags?post=5981"}],"curies":[{"name":"wp","href":"https:\/\/api.w.org\/{rel}","templated":true}]}}