{"id":5830,"date":"2020-05-11T00:01:30","date_gmt":"2020-05-10T22:01:30","guid":{"rendered":"http:\/\/agora.xtec.cat\/escolanouclave\/?p=5830"},"modified":"2020-05-10T21:01:14","modified_gmt":"2020-05-10T19:01:14","slug":"activitat-28-emocions-11-05-2020-com-em-sento-avui","status":"publish","type":"post","link":"https:\/\/agora.xtec.cat\/escolanouclave\/infantil\/p3\/activitat-28-emocions-11-05-2020-com-em-sento-avui\/","title":{"rendered":"ACTIVITAT 28. EMOCIONS. 11\/05\/2020. Com em sento avui?"},"content":{"rendered":"<p>Bon dia, guapos i guapes!!<\/p>\n<p>Ja som aqu\u00ed de nou i venim amb moltes ganes de treballar i passar-ho b\u00e9!! Qu\u00e8 tal si avui parlem una mica d&#8217;emocions? S\u00ed, aix\u00f2 que sentim quan estem contents, o tristos, o quan estem enfadats o calmats. Si voleu, comen\u00e7o jo, per\u00f2 abans, us recordo un conte que en parla molt d&#8217;emocions i sentiments. Us enrecordeu del Monstre de Colors? Aquell que es va fer un embolic d&#8217;emocions i no sabia com es sentia. Us deixo un v\u00eddeo per si us heu oblidat;<\/p>\n<p><a href=\"https:\/\/www.youtube.com\/watch?v=L0coPOPYbp4\" target=\"_blank\" rel=\"noopener noreferrer\">MONSTRE DE COLORS<\/a><\/p>\n<p>Oi que el record\u00e0veu? Segur que alguns de vosaltres en teniu el conte a casa. Si \u00e9s aix\u00ed el podeu mirar i aix\u00ed us enrecordareu de tots els colors de monstres que hi havia.<\/p>\n<p>Ara s\u00ed, em toca a mi. Mireu. l&#8217;altre dia estava a casa, i em vaig comen\u00e7ar a sentir una misca trista i agobiada. Per\u00f2, millor mireu aquest video que us vaig fer:<\/p>\n<p><a href=\"https:\/\/youtu.be\/w6gkOG37l3M\" target=\"_blank\" rel=\"noopener noreferrer\"><img loading=\"lazy\" decoding=\"async\" class=\" wp-image-5831 aligncenter\" src=\"https:\/\/agora.xtec.cat\/escolanouclave\/wp-content\/uploads\/usu1363\/2020\/05\/smiley-2979107_640.jpg\" alt=\"\" width=\"585\" height=\"328\" srcset=\"https:\/\/agora.xtec.cat\/escolanouclave\/wp-content\/uploads\/usu1363\/2020\/05\/smiley-2979107_640.jpg 640w, https:\/\/agora.xtec.cat\/escolanouclave\/wp-content\/uploads\/usu1363\/2020\/05\/smiley-2979107_640-300x168.jpg 300w\" sizes=\"auto, (max-width: 585px) 100vw, 585px\" \/><\/a><\/p>\n<p>Ja sabeu com us sentiu? Si \u00e9s aix\u00ed, podeu dibuixar el monstre de colors que sigueu avui. Recordeu, BLAU-TRISTESA, GROC-ALEGR\u00cdA, VERD-CALMA, NEGRE-POR, ROSA-AMOR, VERMELL-R\u00c0BIA.<\/p>\n<p>Per \u00faltim us deixo una activitat per qu\u00e8 pogueu representar les vostres emocions cada dia. Es tracta d&#8217;una cara. Mireu:<\/p>\n<p style=\"text-align: center\"><a href=\"https:\/\/agora.xtec.cat\/escolanouclave\/wp-content\/uploads\/usu1363\/2020\/05\/caras-1.jpg\"><img loading=\"lazy\" decoding=\"async\" class=\"alignnone wp-image-5832\" src=\"https:\/\/agora.xtec.cat\/escolanouclave\/wp-content\/uploads\/usu1363\/2020\/05\/caras-1-514x1024.jpg\" alt=\"\" width=\"161\" height=\"321\" srcset=\"https:\/\/agora.xtec.cat\/escolanouclave\/wp-content\/uploads\/usu1363\/2020\/05\/caras-1-514x1024.jpg 514w, https:\/\/agora.xtec.cat\/escolanouclave\/wp-content\/uploads\/usu1363\/2020\/05\/caras-1-151x300.jpg 151w, https:\/\/agora.xtec.cat\/escolanouclave\/wp-content\/uploads\/usu1363\/2020\/05\/caras-1.jpg 600w\" sizes=\"auto, (max-width: 161px) 100vw, 161px\" \/><\/a> <a href=\"https:\/\/agora.xtec.cat\/escolanouclave\/wp-content\/uploads\/usu1363\/2020\/05\/caras-2.jpg\"><img loading=\"lazy\" decoding=\"async\" class=\"alignnone wp-image-5833\" src=\"https:\/\/agora.xtec.cat\/escolanouclave\/wp-content\/uploads\/usu1363\/2020\/05\/caras-2.jpg\" alt=\"\" width=\"239\" height=\"321\" srcset=\"https:\/\/agora.xtec.cat\/escolanouclave\/wp-content\/uploads\/usu1363\/2020\/05\/caras-2.jpg 640w, https:\/\/agora.xtec.cat\/escolanouclave\/wp-content\/uploads\/usu1363\/2020\/05\/caras-2-223x300.jpg 223w\" sizes=\"auto, (max-width: 239px) 100vw, 239px\" \/><\/a><\/p>\n<p>Ja veieu, \u00e9s molt senzill. Nom\u00e9s necessiteu una mica de cartr\u00f3 i colors. A la imatge, tamb\u00e9 fan servir enquadernadors per enganxar cada una de les parts de la cara al cartr\u00f3, per\u00f2 si no en teniu, podeu fer les celles, els ulls, el nas, la boca i les galtes sense enganxar-ho aix\u00ed us ser\u00e0 m\u00e9s senzill anar canviant les diferents expressions. Podreu fer servir aquesta cara per explicar com us sentiu cada dia. Vinga, nois, a treballar!!<\/p>\n<p>Fins dem\u00e0!! Abra\u00e7ada d&#8217;\u00f3s polar.<\/p>\n","protected":false},"excerpt":{"rendered":"<p>Bon dia, guapos i guapes!! Ja som aqu\u00ed de nou i venim amb moltes ganes de treballar i passar-ho b\u00e9!! Qu\u00e8 tal si avui parlem una mica d&#8217;emocions? S\u00ed, aix\u00f2 que sentim quan estem contents, o tristos, o quan estem enfadats o calmats. Si voleu, comen\u00e7o jo, per\u00f2 abans, us recordo un conte que en [&hellip;]<\/p>\n","protected":false},"author":11,"featured_media":5837,"comment_status":"open","ping_status":"closed","sticky":false,"template":"","format":"standard","meta":{"_bbp_topic_count":0,"_bbp_reply_count":0,"_bbp_total_topic_count":0,"_bbp_total_reply_count":0,"_bbp_voice_count":0,"_bbp_anonymous_reply_count":0,"_bbp_topic_count_hidden":0,"_bbp_reply_count_hidden":0,"_bbp_forum_subforum_count":0,"site-sidebar-layout":"default","site-content-layout":"","ast-site-content-layout":"","site-content-style":"default","site-sidebar-style":"default","ast-global-header-display":"","ast-banner-title-visibility":"","ast-main-header-display":"","ast-hfb-above-header-display":"","ast-hfb-below-header-display":"","ast-hfb-mobile-header-display":"","site-post-title":"","ast-breadcrumbs-content":"","ast-featured-img":"","footer-sml-layout":"","theme-transparent-header-meta":"","adv-header-id-meta":"","stick-header-meta":"","header-above-stick-meta":"","header-main-stick-meta":"","header-below-stick-meta":"","astra-migrate-meta-layouts":"default","ast-page-background-enabled":"default","ast-page-background-meta":{"desktop":{"background-color":"var(--ast-global-color-4)","background-image":"","background-repeat":"repeat","background-position":"center center","background-size":"auto","background-attachment":"scroll","background-type":"","background-media":"","overlay-type":"","overlay-color":"","overlay-opacity":"","overlay-gradient":""},"tablet":{"background-color":"","background-image":"","background-repeat":"repeat","background-position":"center center","background-size":"auto","background-attachment":"scroll","background-type":"","background-media":"","overlay-type":"","overlay-color":"","overlay-opacity":"","overlay-gradient":""},"mobile":{"background-color":"","background-image":"","background-repeat":"repeat","background-position":"center center","background-size":"auto","background-attachment":"scroll","background-type":"","background-media":"","overlay-type":"","overlay-color":"","overlay-opacity":"","overlay-gradient":""}},"ast-content-background-meta":{"desktop":{"background-color":"var(--ast-global-color-5)","background-image":"","background-repeat":"repeat","background-position":"center center","background-size":"auto","background-attachment":"scroll","background-type":"","background-media":"","overlay-type":"","overlay-color":"","overlay-opacity":"","overlay-gradient":""},"tablet":{"background-color":"var(--ast-global-color-5)","background-image":"","background-repeat":"repeat","background-position":"center center","background-size":"auto","background-attachment":"scroll","background-type":"","background-media":"","overlay-type":"","overlay-color":"","overlay-opacity":"","overlay-gradient":""},"mobile":{"background-color":"var(--ast-global-color-5)","background-image":"","background-repeat":"repeat","background-position":"center center","background-size":"auto","background-attachment":"scroll","background-type":"","background-media":"","overlay-type":"","overlay-color":"","overlay-opacity":"","overlay-gradient":""}},"footnotes":""},"categories":[3],"tags":[448,121,246,673,178],"class_list":["post-5830","post","type-post","status-publish","format-standard","has-post-thumbnail","hentry","category-p3","tag-emocions","tag-infantil","tag-jo-em-quedo-a-casa","tag-monstre-de-colors","tag-p3"],"post_mailing_queue_ids":[],"_links":{"self":[{"href":"https:\/\/agora.xtec.cat\/escolanouclave\/wp-json\/wp\/v2\/posts\/5830","targetHints":{"allow":["GET"]}}],"collection":[{"href":"https:\/\/agora.xtec.cat\/escolanouclave\/wp-json\/wp\/v2\/posts"}],"about":[{"href":"https:\/\/agora.xtec.cat\/escolanouclave\/wp-json\/wp\/v2\/types\/post"}],"author":[{"embeddable":true,"href":"https:\/\/agora.xtec.cat\/escolanouclave\/wp-json\/wp\/v2\/users\/11"}],"replies":[{"embeddable":true,"href":"https:\/\/agora.xtec.cat\/escolanouclave\/wp-json\/wp\/v2\/comments?post=5830"}],"version-history":[{"count":3,"href":"https:\/\/agora.xtec.cat\/escolanouclave\/wp-json\/wp\/v2\/posts\/5830\/revisions"}],"predecessor-version":[{"id":5836,"href":"https:\/\/agora.xtec.cat\/escolanouclave\/wp-json\/wp\/v2\/posts\/5830\/revisions\/5836"}],"wp:featuredmedia":[{"embeddable":true,"href":"https:\/\/agora.xtec.cat\/escolanouclave\/wp-json\/wp\/v2\/media\/5837"}],"wp:attachment":[{"href":"https:\/\/agora.xtec.cat\/escolanouclave\/wp-json\/wp\/v2\/media?parent=5830"}],"wp:term":[{"taxonomy":"category","embeddable":true,"href":"https:\/\/agora.xtec.cat\/escolanouclave\/wp-json\/wp\/v2\/categories?post=5830"},{"taxonomy":"post_tag","embeddable":true,"href":"https:\/\/agora.xtec.cat\/escolanouclave\/wp-json\/wp\/v2\/tags?post=5830"}],"curies":[{"name":"wp","href":"https:\/\/api.w.org\/{rel}","templated":true}]}}