{"id":5442,"date":"2020-05-05T21:24:22","date_gmt":"2020-05-05T19:24:22","guid":{"rendered":"http:\/\/agora.xtec.cat\/escolanouclave\/?p=5442"},"modified":"2020-05-05T21:24:22","modified_gmt":"2020-05-05T19:24:22","slug":"activitat-26-6-maig-2020-lectoescriptura","status":"publish","type":"post","link":"https:\/\/agora.xtec.cat\/escolanouclave\/infantil\/p5-infantil\/activitat-26-6-maig-2020-lectoescriptura\/","title":{"rendered":"Activitat 26\/ 6-Maig-2020\/ Lectoescriptura"},"content":{"rendered":"<p>&nbsp;<\/p>\n<p>Bon dia!!!<\/p>\n<p>Com us heu aixecat avui dimecres??Espero que molt b\u00e9!!!<br \/>\nAvui us he preparat unes activitats per seguir practicant l&#8217;escriptura i la lectura. Sabeu una cosa?? Estic super contenta ja que, esteu tots\/es millorant molt. Esteu treballant molt\u00edssim!!!<br \/>\nAhir l&#8217;Anna, ens va ensenyar a ballar la can\u00e7\u00f3 del Cuiner amb estris de la cuina, qu\u00e8 divertit va ser oi???? Doncs jo, us he preparat la can\u00e7\u00f3, perqu\u00e8 la pugueu llegir amb molta atenci\u00f3.<\/p>\n<p><a href=\"https:\/\/agora.xtec.cat\/escolanouclave\/wp-content\/uploads\/usu1363\/2020\/05\/lectura-el-cuiner.jpg\"><img loading=\"lazy\" decoding=\"async\" class=\"alignnone size-full wp-image-5443\" src=\"https:\/\/agora.xtec.cat\/escolanouclave\/wp-content\/uploads\/usu1363\/2020\/05\/lectura-el-cuiner.jpg\" alt=\"\" width=\"272\" height=\"400\" srcset=\"https:\/\/agora.xtec.cat\/escolanouclave\/wp-content\/uploads\/usu1363\/2020\/05\/lectura-el-cuiner.jpg 272w, https:\/\/agora.xtec.cat\/escolanouclave\/wp-content\/uploads\/usu1363\/2020\/05\/lectura-el-cuiner-204x300.jpg 204w\" sizes=\"auto, (max-width: 272px) 100vw, 272px\" \/><\/a><\/p>\n<p>Qu\u00e8 ha preparat el cuiner???? Us podeu dibuixar de cuiner\/a elaborant aquest men\u00fa.<br \/>\nLes activitats per practicar l&#8217;escriptura les trobareu clicant aquest enlla\u00e7 <a href=\"https:\/\/agora.xtec.cat\/escolanouclave\/wp-content\/uploads\/usu1363\/2020\/05\/fitxes-lectoescriptura.pdf\">fitxes lectoescriptura\u00a0 <\/a><a href=\"https:\/\/agora.xtec.cat\/escolanouclave\/wp-content\/uploads\/usu1363\/2020\/05\/fitxes-lectoescriptura-2.pdf\">fitxes lectoescriptura 2<\/a><\/p>\n<p>BONA FEINA!!!!!!!!!<br \/>\nFINS DEM\u00c0AAAA!!!!!!!<br \/>\nPETONETS!!!!!!!!!<\/p>\n<p>&nbsp;<\/p>\n<p>&nbsp;<\/p>\n<p>&nbsp;<\/p>\n","protected":false},"excerpt":{"rendered":"<p>&nbsp; Bon dia!!! Com us heu aixecat avui dimecres??Espero que molt b\u00e9!!! Avui us he preparat unes activitats per seguir practicant l&#8217;escriptura i la lectura. Sabeu una cosa?? Estic super contenta ja que, esteu tots\/es millorant molt. Esteu treballant molt\u00edssim!!! Ahir l&#8217;Anna, ens va ensenyar a ballar la can\u00e7\u00f3 del Cuiner amb estris de la [&hellip;]<\/p>\n","protected":false},"author":1,"featured_media":5447,"comment_status":"open","ping_status":"closed","sticky":false,"template":"","format":"standard","meta":{"_bbp_topic_count":0,"_bbp_reply_count":0,"_bbp_total_topic_count":0,"_bbp_total_reply_count":0,"_bbp_voice_count":0,"_bbp_anonymous_reply_count":0,"_bbp_topic_count_hidden":0,"_bbp_reply_count_hidden":0,"_bbp_forum_subforum_count":0,"site-sidebar-layout":"default","site-content-layout":"","ast-site-content-layout":"","site-content-style":"default","site-sidebar-style":"default","ast-global-header-display":"","ast-banner-title-visibility":"","ast-main-header-display":"","ast-hfb-above-header-display":"","ast-hfb-below-header-display":"","ast-hfb-mobile-header-display":"","site-post-title":"","ast-breadcrumbs-content":"","ast-featured-img":"","footer-sml-layout":"","theme-transparent-header-meta":"","adv-header-id-meta":"","stick-header-meta":"","header-above-stick-meta":"","header-main-stick-meta":"","header-below-stick-meta":"","astra-migrate-meta-layouts":"default","ast-page-background-enabled":"default","ast-page-background-meta":{"desktop":{"background-color":"var(--ast-global-color-4)","background-image":"","background-repeat":"repeat","background-position":"center center","background-size":"auto","background-attachment":"scroll","background-type":"","background-media":"","overlay-type":"","overlay-color":"","overlay-opacity":"","overlay-gradient":""},"tablet":{"background-color":"","background-image":"","background-repeat":"repeat","background-position":"center center","background-size":"auto","background-attachment":"scroll","background-type":"","background-media":"","overlay-type":"","overlay-color":"","overlay-opacity":"","overlay-gradient":""},"mobile":{"background-color":"","background-image":"","background-repeat":"repeat","background-position":"center center","background-size":"auto","background-attachment":"scroll","background-type":"","background-media":"","overlay-type":"","overlay-color":"","overlay-opacity":"","overlay-gradient":""}},"ast-content-background-meta":{"desktop":{"background-color":"var(--ast-global-color-5)","background-image":"","background-repeat":"repeat","background-position":"center center","background-size":"auto","background-attachment":"scroll","background-type":"","background-media":"","overlay-type":"","overlay-color":"","overlay-opacity":"","overlay-gradient":""},"tablet":{"background-color":"var(--ast-global-color-5)","background-image":"","background-repeat":"repeat","background-position":"center center","background-size":"auto","background-attachment":"scroll","background-type":"","background-media":"","overlay-type":"","overlay-color":"","overlay-opacity":"","overlay-gradient":""},"mobile":{"background-color":"var(--ast-global-color-5)","background-image":"","background-repeat":"repeat","background-position":"center center","background-size":"auto","background-attachment":"scroll","background-type":"","background-media":"","overlay-type":"","overlay-color":"","overlay-opacity":"","overlay-gradient":""}},"footnotes":""},"categories":[98],"tags":[385,148],"class_list":["post-5442","post","type-post","status-publish","format-standard","has-post-thumbnail","hentry","category-p5-infantil","tag-escriptura","tag-lectura"],"post_mailing_queue_ids":[],"_links":{"self":[{"href":"https:\/\/agora.xtec.cat\/escolanouclave\/wp-json\/wp\/v2\/posts\/5442","targetHints":{"allow":["GET"]}}],"collection":[{"href":"https:\/\/agora.xtec.cat\/escolanouclave\/wp-json\/wp\/v2\/posts"}],"about":[{"href":"https:\/\/agora.xtec.cat\/escolanouclave\/wp-json\/wp\/v2\/types\/post"}],"author":[{"embeddable":true,"href":"https:\/\/agora.xtec.cat\/escolanouclave\/wp-json\/wp\/v2\/users\/1"}],"replies":[{"embeddable":true,"href":"https:\/\/agora.xtec.cat\/escolanouclave\/wp-json\/wp\/v2\/comments?post=5442"}],"version-history":[{"count":3,"href":"https:\/\/agora.xtec.cat\/escolanouclave\/wp-json\/wp\/v2\/posts\/5442\/revisions"}],"predecessor-version":[{"id":5450,"href":"https:\/\/agora.xtec.cat\/escolanouclave\/wp-json\/wp\/v2\/posts\/5442\/revisions\/5450"}],"wp:featuredmedia":[{"embeddable":true,"href":"https:\/\/agora.xtec.cat\/escolanouclave\/wp-json\/wp\/v2\/media\/5447"}],"wp:attachment":[{"href":"https:\/\/agora.xtec.cat\/escolanouclave\/wp-json\/wp\/v2\/media?parent=5442"}],"wp:term":[{"taxonomy":"category","embeddable":true,"href":"https:\/\/agora.xtec.cat\/escolanouclave\/wp-json\/wp\/v2\/categories?post=5442"},{"taxonomy":"post_tag","embeddable":true,"href":"https:\/\/agora.xtec.cat\/escolanouclave\/wp-json\/wp\/v2\/tags?post=5442"}],"curies":[{"name":"wp","href":"https:\/\/api.w.org\/{rel}","templated":true}]}}