{"id":5393,"date":"2020-05-06T00:00:44","date_gmt":"2020-05-05T22:00:44","guid":{"rendered":"http:\/\/agora.xtec.cat\/escolanouclave\/?p=5393"},"modified":"2020-05-06T00:14:40","modified_gmt":"2020-05-05T22:14:40","slug":"activitat-25-lectoescriptura-6-05-2020-repassem-les-vocals","status":"publish","type":"post","link":"https:\/\/agora.xtec.cat\/escolanouclave\/infantil\/p3\/activitat-25-lectoescriptura-6-05-2020-repassem-les-vocals\/","title":{"rendered":"ACTIVITAT 25. LECTOESCRIPTURA. 6\/05\/2020. Repassem les vocals."},"content":{"rendered":"<p>Hello, hello!!<\/p>\n<p>Avui \u00e9s un fant\u00e0stic dia per recordar les lletres. Comencem per reprendre la can\u00e7\u00f3 de les vocals. Aqu\u00ed va:<\/p>\n<p><a href=\"https:\/\/www.youtube.com\/watch?v=whuKasZzqDU\"><img loading=\"lazy\" decoding=\"async\" class=\"wp-image-5401 aligncenter\" src=\"https:\/\/agora.xtec.cat\/escolanouclave\/wp-content\/uploads\/usu1363\/2020\/05\/IMAGEN-VOCALES.jpg\" alt=\"\" width=\"355\" height=\"251\" srcset=\"https:\/\/agora.xtec.cat\/escolanouclave\/wp-content\/uploads\/usu1363\/2020\/05\/IMAGEN-VOCALES.jpg 640w, https:\/\/agora.xtec.cat\/escolanouclave\/wp-content\/uploads\/usu1363\/2020\/05\/IMAGEN-VOCALES-300x212.jpg 300w\" sizes=\"auto, (max-width: 355px) 100vw, 355px\" \/><\/a><\/p>\n<p>Continuem amb el rep\u00e0s. Recordem ara l&#8217;altra can\u00e7oneta??<\/p>\n<!--[if lt IE 9]><script>document.createElement('audio');<\/script><![endif]-->\n<audio class=\"wp-audio-shortcode\" id=\"audio-5393-1\" preload=\"none\" style=\"width: 100%;\" controls=\"controls\"><source type=\"audio\/mpeg\" src=\"https:\/\/agora.xtec.cat\/escolanouclave\/wp-content\/uploads\/usu1363\/2020\/05\/VOCALS-2.mp3?_=1\" \/><a href=\"https:\/\/agora.xtec.cat\/escolanouclave\/wp-content\/uploads\/usu1363\/2020\/05\/VOCALS-2.mp3\">https:\/\/agora.xtec.cat\/escolanouclave\/wp-content\/uploads\/usu1363\/2020\/05\/VOCALS-2.mp3<\/a><\/audio>\n<p>Per \u00faltim anem a treballar amb algunes coses per tal d&#8217;acabar d&#8217;aprendre molt b\u00e9 el so i com s&#8217;escriuen les vocals. A contiinuaci\u00f3 us ensenyar\u00e9 unes fotos. Haureu de saber la vocal que sona en el nom d&#8217;aquests dibuixos: (LLET, CUC)<\/p>\n<p style=\"text-align: center\"><a href=\"https:\/\/agora.xtec.cat\/escolanouclave\/wp-content\/uploads\/usu1363\/2020\/05\/E-3.jpg\"><img loading=\"lazy\" decoding=\"async\" class=\"alignnone wp-image-5405\" src=\"https:\/\/agora.xtec.cat\/escolanouclave\/wp-content\/uploads\/usu1363\/2020\/05\/E-3.jpg\" alt=\"\" width=\"152\" height=\"158\" srcset=\"https:\/\/agora.xtec.cat\/escolanouclave\/wp-content\/uploads\/usu1363\/2020\/05\/E-3.jpg 493w, https:\/\/agora.xtec.cat\/escolanouclave\/wp-content\/uploads\/usu1363\/2020\/05\/E-3-289x300.jpg 289w\" sizes=\"auto, (max-width: 152px) 100vw, 152px\" \/>\u00a0\u00a0\u00a0<\/a> <a href=\"https:\/\/agora.xtec.cat\/escolanouclave\/wp-content\/uploads\/usu1363\/2020\/05\/U-1.jpg\"><img loading=\"lazy\" decoding=\"async\" class=\"alignnone wp-image-5406\" src=\"https:\/\/agora.xtec.cat\/escolanouclave\/wp-content\/uploads\/usu1363\/2020\/05\/U-1.jpg\" alt=\"\" width=\"204\" height=\"124\" srcset=\"https:\/\/agora.xtec.cat\/escolanouclave\/wp-content\/uploads\/usu1363\/2020\/05\/U-1.jpg 522w, https:\/\/agora.xtec.cat\/escolanouclave\/wp-content\/uploads\/usu1363\/2020\/05\/U-1-300x182.jpg 300w\" sizes=\"auto, (max-width: 204px) 100vw, 204px\" \/><\/a><\/p>\n<p>I ara aquests: (SAL, SOL)<\/p>\n<p style=\"text-align: center\"><a href=\"https:\/\/agora.xtec.cat\/escolanouclave\/wp-content\/uploads\/usu1363\/2020\/05\/A-3.jpg\"><img loading=\"lazy\" decoding=\"async\" class=\"alignnone wp-image-5407\" src=\"https:\/\/agora.xtec.cat\/escolanouclave\/wp-content\/uploads\/usu1363\/2020\/05\/A-3.jpg\" alt=\"\" width=\"174\" height=\"174\" srcset=\"https:\/\/agora.xtec.cat\/escolanouclave\/wp-content\/uploads\/usu1363\/2020\/05\/A-3.jpg 450w, https:\/\/agora.xtec.cat\/escolanouclave\/wp-content\/uploads\/usu1363\/2020\/05\/A-3-150x150.jpg 150w, https:\/\/agora.xtec.cat\/escolanouclave\/wp-content\/uploads\/usu1363\/2020\/05\/A-3-300x300.jpg 300w\" sizes=\"auto, (max-width: 174px) 100vw, 174px\" \/><\/a><a href=\"https:\/\/agora.xtec.cat\/escolanouclave\/wp-content\/uploads\/usu1363\/2020\/05\/O-2.png\"><img loading=\"lazy\" decoding=\"async\" class=\"alignnone wp-image-5409\" src=\"https:\/\/agora.xtec.cat\/escolanouclave\/wp-content\/uploads\/usu1363\/2020\/05\/O-2.png\" alt=\"\" width=\"185\" height=\"156\" \/><\/a><\/p>\n<p>Seguim: (PI, FUM)<\/p>\n<p style=\"text-align: center\">\u00a0 <a href=\"https:\/\/agora.xtec.cat\/escolanouclave\/wp-content\/uploads\/usu1363\/2020\/05\/I-2.jpg\"><img loading=\"lazy\" decoding=\"async\" class=\"alignnone wp-image-5411\" src=\"https:\/\/agora.xtec.cat\/escolanouclave\/wp-content\/uploads\/usu1363\/2020\/05\/I-2.jpg\" alt=\"\" width=\"108\" height=\"158\" \/><\/a> <a href=\"https:\/\/agora.xtec.cat\/escolanouclave\/wp-content\/uploads\/usu1363\/2020\/05\/U-2.jpg\"><img loading=\"lazy\" decoding=\"async\" class=\"alignnone wp-image-5412\" src=\"https:\/\/agora.xtec.cat\/escolanouclave\/wp-content\/uploads\/usu1363\/2020\/05\/U-2.jpg\" alt=\"\" width=\"160\" height=\"160\" srcset=\"https:\/\/agora.xtec.cat\/escolanouclave\/wp-content\/uploads\/usu1363\/2020\/05\/U-2.jpg 640w, https:\/\/agora.xtec.cat\/escolanouclave\/wp-content\/uploads\/usu1363\/2020\/05\/U-2-150x150.jpg 150w, https:\/\/agora.xtec.cat\/escolanouclave\/wp-content\/uploads\/usu1363\/2020\/05\/U-2-300x300.jpg 300w\" sizes=\"auto, (max-width: 160px) 100vw, 160px\" \/><\/a><\/p>\n<p>2 m\u00e9s: (M\u00c0, SERP)<\/p>\n<p style=\"text-align: center\"><a href=\"https:\/\/agora.xtec.cat\/escolanouclave\/wp-content\/uploads\/usu1363\/2020\/05\/A-2.png\"><img loading=\"lazy\" decoding=\"async\" class=\"alignnone wp-image-5413\" src=\"https:\/\/agora.xtec.cat\/escolanouclave\/wp-content\/uploads\/usu1363\/2020\/05\/A-2.png\" alt=\"\" width=\"180\" height=\"141\" \/><\/a> <a href=\"https:\/\/agora.xtec.cat\/escolanouclave\/wp-content\/uploads\/usu1363\/2020\/05\/E-2.png\"><img loading=\"lazy\" decoding=\"async\" class=\"alignnone wp-image-5414\" src=\"https:\/\/agora.xtec.cat\/escolanouclave\/wp-content\/uploads\/usu1363\/2020\/05\/E-2.png\" alt=\"\" width=\"175\" height=\"163\" srcset=\"https:\/\/agora.xtec.cat\/escolanouclave\/wp-content\/uploads\/usu1363\/2020\/05\/E-2.png 505w, https:\/\/agora.xtec.cat\/escolanouclave\/wp-content\/uploads\/usu1363\/2020\/05\/E-2-300x279.png 300w\" sizes=\"auto, (max-width: 175px) 100vw, 175px\" \/><\/a><\/p>\n<p style=\"text-align: left\">I els \u00faltims: (LLIT, DOS)<\/p>\n<p style=\"text-align: center\"><a href=\"https:\/\/agora.xtec.cat\/escolanouclave\/wp-content\/uploads\/usu1363\/2020\/05\/I-3.jpg\"><img loading=\"lazy\" decoding=\"async\" class=\"alignnone wp-image-5416\" src=\"https:\/\/agora.xtec.cat\/escolanouclave\/wp-content\/uploads\/usu1363\/2020\/05\/I-3.jpg\" alt=\"\" width=\"164\" height=\"121\" srcset=\"https:\/\/agora.xtec.cat\/escolanouclave\/wp-content\/uploads\/usu1363\/2020\/05\/I-3.jpg 403w, https:\/\/agora.xtec.cat\/escolanouclave\/wp-content\/uploads\/usu1363\/2020\/05\/I-3-300x221.jpg 300w\" sizes=\"auto, (max-width: 164px) 100vw, 164px\" \/><\/a> <a href=\"https:\/\/agora.xtec.cat\/escolanouclave\/wp-content\/uploads\/usu1363\/2020\/05\/O-3.png\"><img loading=\"lazy\" decoding=\"async\" class=\"alignnone wp-image-5417\" src=\"https:\/\/agora.xtec.cat\/escolanouclave\/wp-content\/uploads\/usu1363\/2020\/05\/O-3.png\" alt=\"\" width=\"179\" height=\"140\" srcset=\"https:\/\/agora.xtec.cat\/escolanouclave\/wp-content\/uploads\/usu1363\/2020\/05\/O-3.png 600w, https:\/\/agora.xtec.cat\/escolanouclave\/wp-content\/uploads\/usu1363\/2020\/05\/O-3-300x235.png 300w\" sizes=\"auto, (max-width: 179px) 100vw, 179px\" \/><\/a><\/p>\n<p>Seguidament us proposo fer un MEMORY. Feu servir 10 peces. En 5 d&#8217;elles fareu les vocals i en les altres 5, un dibuix que contingui la vocal en q\u00fcesti\u00f3. Us deixo un document PDF per tal que us ho imprimiu si voleu. Si no teniu impresora, cap problema, el podeu el\u00b7laborar vosaltres mateixos, s\u00f3n dibuixos molt senzills.<\/p>\n<p><a href=\"https:\/\/agora.xtec.cat\/escolanouclave\/wp-content\/uploads\/usu1363\/2020\/05\/MEMORY-PDF.pdf\" target=\"_blank\" rel=\"noopener noreferrer\">MEMORY PDF<\/a><\/p>\n<p>Ara toca practicar l&#8217;escriptura de les lletres. Primer podeu provar amb la farina o amb aquesta opci\u00f3:<\/p>\n<p style=\"text-align: center\"><a href=\"https:\/\/agora.xtec.cat\/escolanouclave\/wp-content\/uploads\/usu1363\/2020\/05\/54b2224d21ce984316648f291e4b272b.jpg\"><img loading=\"lazy\" decoding=\"async\" class=\"alignnone size-full wp-image-5427\" src=\"https:\/\/agora.xtec.cat\/escolanouclave\/wp-content\/uploads\/usu1363\/2020\/05\/54b2224d21ce984316648f291e4b272b.jpg\" alt=\"\" width=\"450\" height=\"302\" srcset=\"https:\/\/agora.xtec.cat\/escolanouclave\/wp-content\/uploads\/usu1363\/2020\/05\/54b2224d21ce984316648f291e4b272b.jpg 450w, https:\/\/agora.xtec.cat\/escolanouclave\/wp-content\/uploads\/usu1363\/2020\/05\/54b2224d21ce984316648f291e4b272b-300x201.jpg 300w\" sizes=\"auto, (max-width: 450px) 100vw, 450px\" \/><\/a><\/p>\n<p>Es tracta d&#8217;una bossa d&#8217;autotancat amb una mica de pintura dins. Si no teniu pintura, tamb\u00e9 podeu provar amb sab\u00f3 dels plats, gel de la dutxa o gomina del cabell amb colorant alimentari (en definitiva alguna cosa que no sigui del tot l\u00edquid.) Quan hagueu practicat amb la farina o la pintura, passeu a escriure les lletres al paper.<\/p>\n<p>Per acabar, unes fitxes per treballar les vocals:<\/p>\n<p><a href=\"https:\/\/es.liveworksheets.com\/ji145882xg\" target=\"_blank\" rel=\"noopener noreferrer\">FITXA 1<\/a><\/p>\n<p><a href=\"https:\/\/es.liveworksheets.com\/qf286755xc\" target=\"_blank\" rel=\"noopener noreferrer\">FITXA 2<\/a><\/p>\n<p><a href=\"https:\/\/es.liveworksheets.com\/fe392038bl\" target=\"_blank\" rel=\"noopener noreferrer\">FITXA 3<\/a><\/p>\n<p>Ja sabeu que quan les acabeu, me les podeu enviar o comprovar si les heu fet correctament. Ens veiem dem\u00e0!!<\/p>\n<p>Us trobo a faltar!!<\/p>\n<p>&nbsp;<\/p>\n<p>&nbsp;<\/p>\n<p>&nbsp;<\/p>\n<p>&nbsp;<\/p>\n<p>&nbsp;<\/p>\n","protected":false},"excerpt":{"rendered":"<p>Hello, hello!! Avui \u00e9s un fant\u00e0stic dia per recordar les lletres. Comencem per reprendre la can\u00e7\u00f3 de les vocals. Aqu\u00ed va: Continuem amb el rep\u00e0s. Recordem ara l&#8217;altra can\u00e7oneta?? Per \u00faltim anem a treballar amb algunes coses per tal d&#8217;acabar d&#8217;aprendre molt b\u00e9 el so i com s&#8217;escriuen les vocals. A contiinuaci\u00f3 us ensenyar\u00e9 unes [&hellip;]<\/p>\n","protected":false},"author":11,"featured_media":5434,"comment_status":"open","ping_status":"closed","sticky":false,"template":"","format":"standard","meta":{"_bbp_topic_count":0,"_bbp_reply_count":0,"_bbp_total_topic_count":0,"_bbp_total_reply_count":0,"_bbp_voice_count":0,"_bbp_anonymous_reply_count":0,"_bbp_topic_count_hidden":0,"_bbp_reply_count_hidden":0,"_bbp_forum_subforum_count":0,"site-sidebar-layout":"default","site-content-layout":"","ast-site-content-layout":"","site-content-style":"default","site-sidebar-style":"default","ast-global-header-display":"","ast-banner-title-visibility":"","ast-main-header-display":"","ast-hfb-above-header-display":"","ast-hfb-below-header-display":"","ast-hfb-mobile-header-display":"","site-post-title":"","ast-breadcrumbs-content":"","ast-featured-img":"","footer-sml-layout":"","theme-transparent-header-meta":"","adv-header-id-meta":"","stick-header-meta":"","header-above-stick-meta":"","header-main-stick-meta":"","header-below-stick-meta":"","astra-migrate-meta-layouts":"default","ast-page-background-enabled":"default","ast-page-background-meta":{"desktop":{"background-color":"var(--ast-global-color-4)","background-image":"","background-repeat":"repeat","background-position":"center center","background-size":"auto","background-attachment":"scroll","background-type":"","background-media":"","overlay-type":"","overlay-color":"","overlay-opacity":"","overlay-gradient":""},"tablet":{"background-color":"","background-image":"","background-repeat":"repeat","background-position":"center center","background-size":"auto","background-attachment":"scroll","background-type":"","background-media":"","overlay-type":"","overlay-color":"","overlay-opacity":"","overlay-gradient":""},"mobile":{"background-color":"","background-image":"","background-repeat":"repeat","background-position":"center center","background-size":"auto","background-attachment":"scroll","background-type":"","background-media":"","overlay-type":"","overlay-color":"","overlay-opacity":"","overlay-gradient":""}},"ast-content-background-meta":{"desktop":{"background-color":"var(--ast-global-color-5)","background-image":"","background-repeat":"repeat","background-position":"center center","background-size":"auto","background-attachment":"scroll","background-type":"","background-media":"","overlay-type":"","overlay-color":"","overlay-opacity":"","overlay-gradient":""},"tablet":{"background-color":"var(--ast-global-color-5)","background-image":"","background-repeat":"repeat","background-position":"center center","background-size":"auto","background-attachment":"scroll","background-type":"","background-media":"","overlay-type":"","overlay-color":"","overlay-opacity":"","overlay-gradient":""},"mobile":{"background-color":"var(--ast-global-color-5)","background-image":"","background-repeat":"repeat","background-position":"center center","background-size":"auto","background-attachment":"scroll","background-type":"","background-media":"","overlay-type":"","overlay-color":"","overlay-opacity":"","overlay-gradient":""}},"footnotes":""},"categories":[3],"tags":[121,246,630,178,271],"class_list":["post-5393","post","type-post","status-publish","format-standard","has-post-thumbnail","hentry","category-p3","tag-infantil","tag-jo-em-quedo-a-casa","tag-lectoescritura","tag-p3","tag-vocals"],"post_mailing_queue_ids":[],"_links":{"self":[{"href":"https:\/\/agora.xtec.cat\/escolanouclave\/wp-json\/wp\/v2\/posts\/5393","targetHints":{"allow":["GET"]}}],"collection":[{"href":"https:\/\/agora.xtec.cat\/escolanouclave\/wp-json\/wp\/v2\/posts"}],"about":[{"href":"https:\/\/agora.xtec.cat\/escolanouclave\/wp-json\/wp\/v2\/types\/post"}],"author":[{"embeddable":true,"href":"https:\/\/agora.xtec.cat\/escolanouclave\/wp-json\/wp\/v2\/users\/11"}],"replies":[{"embeddable":true,"href":"https:\/\/agora.xtec.cat\/escolanouclave\/wp-json\/wp\/v2\/comments?post=5393"}],"version-history":[{"count":3,"href":"https:\/\/agora.xtec.cat\/escolanouclave\/wp-json\/wp\/v2\/posts\/5393\/revisions"}],"predecessor-version":[{"id":5480,"href":"https:\/\/agora.xtec.cat\/escolanouclave\/wp-json\/wp\/v2\/posts\/5393\/revisions\/5480"}],"wp:featuredmedia":[{"embeddable":true,"href":"https:\/\/agora.xtec.cat\/escolanouclave\/wp-json\/wp\/v2\/media\/5434"}],"wp:attachment":[{"href":"https:\/\/agora.xtec.cat\/escolanouclave\/wp-json\/wp\/v2\/media?parent=5393"}],"wp:term":[{"taxonomy":"category","embeddable":true,"href":"https:\/\/agora.xtec.cat\/escolanouclave\/wp-json\/wp\/v2\/categories?post=5393"},{"taxonomy":"post_tag","embeddable":true,"href":"https:\/\/agora.xtec.cat\/escolanouclave\/wp-json\/wp\/v2\/tags?post=5393"}],"curies":[{"name":"wp","href":"https:\/\/api.w.org\/{rel}","templated":true}]}}