{"id":5294,"date":"2020-05-04T09:19:43","date_gmt":"2020-05-04T07:19:43","guid":{"rendered":"http:\/\/agora.xtec.cat\/escolanouclave\/?p=5294"},"modified":"2020-05-04T09:19:43","modified_gmt":"2020-05-04T07:19:43","slug":"activitat-9-socials-4-maig-2020-prova-de-repas-prehistoria","status":"publish","type":"post","link":"https:\/\/agora.xtec.cat\/escolanouclave\/primaria\/4t\/activitat-9-socials-4-maig-2020-prova-de-repas-prehistoria\/","title":{"rendered":"ACTIVITAT 9 (Socials) \/ 4 &#8211; maig &#8211; 2020 \/ Prova de rep\u00e0s: Prehist\u00f2ria"},"content":{"rendered":"<p><a href=\"https:\/\/agora.xtec.cat\/escolanouclave\/wp-content\/uploads\/usu1363\/2020\/04\/Verde-Blanco-M\u00fasica-Parque-Blog-Banner.png\"><img loading=\"lazy\" decoding=\"async\" class=\"wp-image-3684 aligncenter\" src=\"https:\/\/agora.xtec.cat\/escolanouclave\/wp-content\/uploads\/usu1363\/2020\/04\/Verde-Blanco-M\u00fasica-Parque-Blog-Banner.png\" alt=\"\" width=\"411\" height=\"231\" srcset=\"https:\/\/agora.xtec.cat\/escolanouclave\/wp-content\/uploads\/usu1363\/2020\/04\/Verde-Blanco-M\u00fasica-Parque-Blog-Banner.png 560w, https:\/\/agora.xtec.cat\/escolanouclave\/wp-content\/uploads\/usu1363\/2020\/04\/Verde-Blanco-M\u00fasica-Parque-Blog-Banner-300x169.png 300w\" sizes=\"auto, (max-width: 411px) 100vw, 411px\" \/><\/a><\/p>\n<p>Bon dia noies i nois!<\/p>\n<p>Avui repassarem tot el que hem comen\u00e7at a treballar sobre la Prehist\u00f2ria. Us he preparat aquest <a href=\"https:\/\/forms.gle\/irEhQZRwHr9AYd6YA\">FORMULARI<\/a> que heu de contestar, per\u00f2 com ja ho heu fet altres vegades, podem dir que ja sou uns i unes professionals!<\/p>\n<p>Un cop contestat, recordeu donar-li a <strong>ENVIAR<\/strong> i aix\u00ed rebr\u00e9 els resultats.<\/p>\n<p>Feli\u00e7 dilluns i bona feina \ud83d\ude42<\/p>\n<p>&nbsp;<\/p>\n","protected":false},"excerpt":{"rendered":"<p>Bon dia noies i nois! Avui repassarem tot el que hem comen\u00e7at a treballar sobre la Prehist\u00f2ria. Us he preparat aquest FORMULARI que heu de contestar, per\u00f2 com ja ho heu fet altres vegades, podem dir que ja sou uns i unes professionals! Un cop contestat, recordeu donar-li a ENVIAR i aix\u00ed rebr\u00e9 els resultats. [&hellip;]<\/p>\n","protected":false},"author":22,"featured_media":3684,"comment_status":"open","ping_status":"closed","sticky":false,"template":"","format":"standard","meta":{"_bbp_topic_count":0,"_bbp_reply_count":0,"_bbp_total_topic_count":0,"_bbp_total_reply_count":0,"_bbp_voice_count":0,"_bbp_anonymous_reply_count":0,"_bbp_topic_count_hidden":0,"_bbp_reply_count_hidden":0,"_bbp_forum_subforum_count":0,"site-sidebar-layout":"default","site-content-layout":"","ast-site-content-layout":"","site-content-style":"default","site-sidebar-style":"default","ast-global-header-display":"","ast-banner-title-visibility":"","ast-main-header-display":"","ast-hfb-above-header-display":"","ast-hfb-below-header-display":"","ast-hfb-mobile-header-display":"","site-post-title":"","ast-breadcrumbs-content":"","ast-featured-img":"","footer-sml-layout":"","theme-transparent-header-meta":"","adv-header-id-meta":"","stick-header-meta":"","header-above-stick-meta":"","header-main-stick-meta":"","header-below-stick-meta":"","astra-migrate-meta-layouts":"default","ast-page-background-enabled":"default","ast-page-background-meta":{"desktop":{"background-color":"var(--ast-global-color-4)","background-image":"","background-repeat":"repeat","background-position":"center center","background-size":"auto","background-attachment":"scroll","background-type":"","background-media":"","overlay-type":"","overlay-color":"","overlay-opacity":"","overlay-gradient":""},"tablet":{"background-color":"","background-image":"","background-repeat":"repeat","background-position":"center center","background-size":"auto","background-attachment":"scroll","background-type":"","background-media":"","overlay-type":"","overlay-color":"","overlay-opacity":"","overlay-gradient":""},"mobile":{"background-color":"","background-image":"","background-repeat":"repeat","background-position":"center center","background-size":"auto","background-attachment":"scroll","background-type":"","background-media":"","overlay-type":"","overlay-color":"","overlay-opacity":"","overlay-gradient":""}},"ast-content-background-meta":{"desktop":{"background-color":"var(--ast-global-color-5)","background-image":"","background-repeat":"repeat","background-position":"center center","background-size":"auto","background-attachment":"scroll","background-type":"","background-media":"","overlay-type":"","overlay-color":"","overlay-opacity":"","overlay-gradient":""},"tablet":{"background-color":"var(--ast-global-color-5)","background-image":"","background-repeat":"repeat","background-position":"center center","background-size":"auto","background-attachment":"scroll","background-type":"","background-media":"","overlay-type":"","overlay-color":"","overlay-opacity":"","overlay-gradient":""},"mobile":{"background-color":"var(--ast-global-color-5)","background-image":"","background-repeat":"repeat","background-position":"center center","background-size":"auto","background-attachment":"scroll","background-type":"","background-media":"","overlay-type":"","overlay-color":"","overlay-opacity":"","overlay-gradient":""}},"footnotes":""},"categories":[13],"tags":[381,590,608,261],"class_list":["post-5294","post","type-post","status-publish","format-standard","has-post-thumbnail","hentry","category-4t","tag-4t-de-primaria","tag-la-prehistoria","tag-prova-de-repas","tag-socials"],"post_mailing_queue_ids":[],"_links":{"self":[{"href":"https:\/\/agora.xtec.cat\/escolanouclave\/wp-json\/wp\/v2\/posts\/5294","targetHints":{"allow":["GET"]}}],"collection":[{"href":"https:\/\/agora.xtec.cat\/escolanouclave\/wp-json\/wp\/v2\/posts"}],"about":[{"href":"https:\/\/agora.xtec.cat\/escolanouclave\/wp-json\/wp\/v2\/types\/post"}],"author":[{"embeddable":true,"href":"https:\/\/agora.xtec.cat\/escolanouclave\/wp-json\/wp\/v2\/users\/22"}],"replies":[{"embeddable":true,"href":"https:\/\/agora.xtec.cat\/escolanouclave\/wp-json\/wp\/v2\/comments?post=5294"}],"version-history":[{"count":1,"href":"https:\/\/agora.xtec.cat\/escolanouclave\/wp-json\/wp\/v2\/posts\/5294\/revisions"}],"predecessor-version":[{"id":5297,"href":"https:\/\/agora.xtec.cat\/escolanouclave\/wp-json\/wp\/v2\/posts\/5294\/revisions\/5297"}],"wp:featuredmedia":[{"embeddable":true,"href":"https:\/\/agora.xtec.cat\/escolanouclave\/wp-json\/wp\/v2\/media\/3684"}],"wp:attachment":[{"href":"https:\/\/agora.xtec.cat\/escolanouclave\/wp-json\/wp\/v2\/media?parent=5294"}],"wp:term":[{"taxonomy":"category","embeddable":true,"href":"https:\/\/agora.xtec.cat\/escolanouclave\/wp-json\/wp\/v2\/categories?post=5294"},{"taxonomy":"post_tag","embeddable":true,"href":"https:\/\/agora.xtec.cat\/escolanouclave\/wp-json\/wp\/v2\/tags?post=5294"}],"curies":[{"name":"wp","href":"https:\/\/api.w.org\/{rel}","templated":true}]}}