{"id":5238,"date":"2020-05-03T20:08:00","date_gmt":"2020-05-03T18:08:00","guid":{"rendered":"http:\/\/agora.xtec.cat\/escolanouclave\/?p=5238"},"modified":"2020-05-03T20:08:00","modified_gmt":"2020-05-03T18:08:00","slug":"activitat-24-4-maig-2020-projecte-el-cuiner","status":"publish","type":"post","link":"https:\/\/agora.xtec.cat\/escolanouclave\/infantil\/p5-infantil\/activitat-24-4-maig-2020-projecte-el-cuiner\/","title":{"rendered":"Activitat 24\/ 4-Maig-2020\/ Projecte: El cuiner"},"content":{"rendered":"<p>Bon dia i bon inici de setmana!!!!<\/p>\n<p>Comencem una nova setmana. i tamb\u00e9 un nou mes. Sabeu quin??? comen\u00e7a amb la lletra \/m\/ i acava amb la \/g\/, Ja l&#8217;heu descobert?S\u00ed\u00ed\u00ed\u00ed\u00ed, <strong>MAIG<\/strong>!!!! Molt b\u00e9\u00e9\u00e9\u00e9\u00e9!!!!! qu\u00e8 us sembla si els recordem tots junts??<\/p>\n<p><strong>&#8211; GENER<br \/>\n&#8211; FEBRER<br \/>\n&#8211; MAR\u00c7<br \/>\n&#8211; ABRIL<br \/>\n&#8211; MAIG<br \/>\n&#8211; JUNY<br \/>\n&#8211; JULIOL<br \/>\n&#8211; AGOST<br \/>\n-SETEMBRE<br \/>\n&#8211; OCTUBRE<br \/>\n&#8211; NOVEMBRE<br \/>\n&#8211; DESEMBRE<\/strong><\/p>\n<p>En quin d\u00eda i mes vas n\u00e9ixer? I els papes? I els teus germans\/es?<\/p>\n<p>Tamb\u00e9 si us sembla b\u00e9 podriem repassar els dies de la setmana: dilluns, dimarts, dimecres, dijous, divendres, dissabte i diumenge. Si ahir va ser diumenge, avui \u00e9s&#8230;&#8230;&#8230;&#8230;&#8230;&#8230;.. Perfecte!!!! DILLUNS. Doncs b\u00e9, avui dilluns, vull que amb l&#8217;ajut dels papes feu la llista de la compra d&#8217;aquesta setmana. Abans de fer-la recordeu la pir\u00e1mide dels aliments.Us he preparat un full amb diferents aliments que podreu retallar i despr\u00e9s enganxar-los a la pir\u00e1mide.Seguidament, i per acabar vull que el.laboreu un men\u00fa saludable per la vostra fam\u00edlia.<\/p>\n<p><a href=\"https:\/\/agora.xtec.cat\/escolanouclave\/wp-content\/uploads\/usu1363\/2020\/05\/Llista-de-la-compra.Menu-saludable.-Pir\u00e0mide-dels-aliments-1.pdf\">Llista de la compra.Menu saludable. Pir\u00e0mide dels aliments<\/a><\/p>\n<p>Espero que passeu un bon dilluns!!!<br \/>\nFins dem\u00e0!!!!<br \/>\nPetonets!!!!<\/p>\n","protected":false},"excerpt":{"rendered":"<p>Bon dia i bon inici de setmana!!!! Comencem una nova setmana. i tamb\u00e9 un nou mes. Sabeu quin??? comen\u00e7a amb la lletra \/m\/ i acava amb la \/g\/, Ja l&#8217;heu descobert?S\u00ed\u00ed\u00ed\u00ed\u00ed, MAIG!!!! Molt b\u00e9\u00e9\u00e9\u00e9\u00e9!!!!! qu\u00e8 us sembla si els recordem tots junts?? &#8211; GENER &#8211; FEBRER &#8211; MAR\u00c7 &#8211; ABRIL &#8211; MAIG &#8211; JUNY &#8211; [&hellip;]<\/p>\n","protected":false},"author":1,"featured_media":5247,"comment_status":"open","ping_status":"closed","sticky":false,"template":"","format":"standard","meta":{"_bbp_topic_count":0,"_bbp_reply_count":0,"_bbp_total_topic_count":0,"_bbp_total_reply_count":0,"_bbp_voice_count":0,"_bbp_anonymous_reply_count":0,"_bbp_topic_count_hidden":0,"_bbp_reply_count_hidden":0,"_bbp_forum_subforum_count":0,"site-sidebar-layout":"default","site-content-layout":"","ast-site-content-layout":"","site-content-style":"default","site-sidebar-style":"default","ast-global-header-display":"","ast-banner-title-visibility":"","ast-main-header-display":"","ast-hfb-above-header-display":"","ast-hfb-below-header-display":"","ast-hfb-mobile-header-display":"","site-post-title":"","ast-breadcrumbs-content":"","ast-featured-img":"","footer-sml-layout":"","theme-transparent-header-meta":"","adv-header-id-meta":"","stick-header-meta":"","header-above-stick-meta":"","header-main-stick-meta":"","header-below-stick-meta":"","astra-migrate-meta-layouts":"default","ast-page-background-enabled":"default","ast-page-background-meta":{"desktop":{"background-color":"var(--ast-global-color-4)","background-image":"","background-repeat":"repeat","background-position":"center center","background-size":"auto","background-attachment":"scroll","background-type":"","background-media":"","overlay-type":"","overlay-color":"","overlay-opacity":"","overlay-gradient":""},"tablet":{"background-color":"","background-image":"","background-repeat":"repeat","background-position":"center center","background-size":"auto","background-attachment":"scroll","background-type":"","background-media":"","overlay-type":"","overlay-color":"","overlay-opacity":"","overlay-gradient":""},"mobile":{"background-color":"","background-image":"","background-repeat":"repeat","background-position":"center center","background-size":"auto","background-attachment":"scroll","background-type":"","background-media":"","overlay-type":"","overlay-color":"","overlay-opacity":"","overlay-gradient":""}},"ast-content-background-meta":{"desktop":{"background-color":"var(--ast-global-color-5)","background-image":"","background-repeat":"repeat","background-position":"center center","background-size":"auto","background-attachment":"scroll","background-type":"","background-media":"","overlay-type":"","overlay-color":"","overlay-opacity":"","overlay-gradient":""},"tablet":{"background-color":"var(--ast-global-color-5)","background-image":"","background-repeat":"repeat","background-position":"center center","background-size":"auto","background-attachment":"scroll","background-type":"","background-media":"","overlay-type":"","overlay-color":"","overlay-opacity":"","overlay-gradient":""},"mobile":{"background-color":"var(--ast-global-color-5)","background-image":"","background-repeat":"repeat","background-position":"center center","background-size":"auto","background-attachment":"scroll","background-type":"","background-media":"","overlay-type":"","overlay-color":"","overlay-opacity":"","overlay-gradient":""}},"footnotes":""},"categories":[98],"tags":[471,399,74],"class_list":["post-5238","post","type-post","status-publish","format-standard","has-post-thumbnail","hentry","category-p5-infantil","tag-destresses-manuals","tag-lectoescriptura","tag-projecte"],"post_mailing_queue_ids":[],"_links":{"self":[{"href":"https:\/\/agora.xtec.cat\/escolanouclave\/wp-json\/wp\/v2\/posts\/5238","targetHints":{"allow":["GET"]}}],"collection":[{"href":"https:\/\/agora.xtec.cat\/escolanouclave\/wp-json\/wp\/v2\/posts"}],"about":[{"href":"https:\/\/agora.xtec.cat\/escolanouclave\/wp-json\/wp\/v2\/types\/post"}],"author":[{"embeddable":true,"href":"https:\/\/agora.xtec.cat\/escolanouclave\/wp-json\/wp\/v2\/users\/1"}],"replies":[{"embeddable":true,"href":"https:\/\/agora.xtec.cat\/escolanouclave\/wp-json\/wp\/v2\/comments?post=5238"}],"version-history":[{"count":3,"href":"https:\/\/agora.xtec.cat\/escolanouclave\/wp-json\/wp\/v2\/posts\/5238\/revisions"}],"predecessor-version":[{"id":5276,"href":"https:\/\/agora.xtec.cat\/escolanouclave\/wp-json\/wp\/v2\/posts\/5238\/revisions\/5276"}],"wp:featuredmedia":[{"embeddable":true,"href":"https:\/\/agora.xtec.cat\/escolanouclave\/wp-json\/wp\/v2\/media\/5247"}],"wp:attachment":[{"href":"https:\/\/agora.xtec.cat\/escolanouclave\/wp-json\/wp\/v2\/media?parent=5238"}],"wp:term":[{"taxonomy":"category","embeddable":true,"href":"https:\/\/agora.xtec.cat\/escolanouclave\/wp-json\/wp\/v2\/categories?post=5238"},{"taxonomy":"post_tag","embeddable":true,"href":"https:\/\/agora.xtec.cat\/escolanouclave\/wp-json\/wp\/v2\/tags?post=5238"}],"curies":[{"name":"wp","href":"https:\/\/api.w.org\/{rel}","templated":true}]}}