{"id":5146,"date":"2020-05-04T00:02:15","date_gmt":"2020-05-03T22:02:15","guid":{"rendered":"http:\/\/agora.xtec.cat\/escolanouclave\/?p=5146"},"modified":"2020-05-03T18:37:05","modified_gmt":"2020-05-03T16:37:05","slug":"formes-geometriques","status":"publish","type":"post","link":"https:\/\/agora.xtec.cat\/escolanouclave\/infantil\/p3\/formes-geometriques\/","title":{"rendered":"ACTIVITAT 23. MATEM\u00c0TIQUES. 4\/05\/2020. Formes geom\u00e8triques."},"content":{"rendered":"<p>Bon dia!!!<\/p>\n<p>Tornem a ser dilluns!! Aix\u00f2 vol dir que ens toca treballar. Per\u00f2 abans us recordo la can\u00e7\u00f3 dels dies de la setmana. Aqu\u00ed va:<\/p>\n<p><a href=\"https:\/\/www.youtube.com\/watch?v=4atoVE3t-yo\" target=\"_blank\" rel=\"noopener noreferrer\"><img loading=\"lazy\" decoding=\"async\" class=\"wp-image-5233 aligncenter\" src=\"https:\/\/agora.xtec.cat\/escolanouclave\/wp-content\/uploads\/usu1363\/2020\/05\/dies-final.png\" alt=\"\" width=\"152\" height=\"205\" srcset=\"https:\/\/agora.xtec.cat\/escolanouclave\/wp-content\/uploads\/usu1363\/2020\/05\/dies-final.png 305w, https:\/\/agora.xtec.cat\/escolanouclave\/wp-content\/uploads\/usu1363\/2020\/05\/dies-final-222x300.png 222w\" sizes=\"auto, (max-width: 152px) 100vw, 152px\" \/><\/a><\/p>\n<p>I ara si, anem per feina. Avui treballarem, les formes geom\u00e8triques. Al cole ja les hav\u00edem fet alguna vegada, per\u00f2 us les recordo per si les heu oblidat. Mireu el video seg\u00fcent:<\/p>\n<p><a href=\"https:\/\/youtu.be\/UnmUqcR4SOs\" target=\"_blank\" rel=\"noopener noreferrer\">EXPLICACI\u00d3 FORMES GEOM\u00c8TRIQUES<\/a><\/p>\n<p>Ja hem refrescat la mem\u00f2ria, per tant anem a veure com podem treballar el cercle, el quadrat, el triangle i el rectangle. Cliqueu la foto:<\/p>\n<p><a href=\"https:\/\/youtu.be\/RQbjQCbrKE4\" target=\"_blank\" rel=\"noopener noreferrer\"><img loading=\"lazy\" decoding=\"async\" class=\"wp-image-5242 aligncenter\" src=\"https:\/\/agora.xtec.cat\/escolanouclave\/wp-content\/uploads\/usu1363\/2020\/05\/FORMES.png\" alt=\"\" width=\"279\" height=\"204\" srcset=\"https:\/\/agora.xtec.cat\/escolanouclave\/wp-content\/uploads\/usu1363\/2020\/05\/FORMES.png 585w, https:\/\/agora.xtec.cat\/escolanouclave\/wp-content\/uploads\/usu1363\/2020\/05\/FORMES-300x219.png 300w\" sizes=\"auto, (max-width: 279px) 100vw, 279px\" \/><\/a><\/p>\n<p>Mireu les fotos que us posar\u00e9 a continuac\u00f3. Haureu de comptar les figures que us demani. No correu, compteu a poc a poc. Atenci\u00f3:<\/p>\n<p style=\"text-align: center\"><a href=\"https:\/\/agora.xtec.cat\/escolanouclave\/wp-content\/uploads\/usu1363\/2020\/05\/FORMES-PAINT-1.jpg\"><img loading=\"lazy\" decoding=\"async\" class=\"alignnone wp-image-5249\" src=\"https:\/\/agora.xtec.cat\/escolanouclave\/wp-content\/uploads\/usu1363\/2020\/05\/FORMES-PAINT-1-1024x770.jpg\" alt=\"\" width=\"229\" height=\"172\" srcset=\"https:\/\/agora.xtec.cat\/escolanouclave\/wp-content\/uploads\/usu1363\/2020\/05\/FORMES-PAINT-1-1024x770.jpg 1024w, https:\/\/agora.xtec.cat\/escolanouclave\/wp-content\/uploads\/usu1363\/2020\/05\/FORMES-PAINT-1-300x226.jpg 300w, https:\/\/agora.xtec.cat\/escolanouclave\/wp-content\/uploads\/usu1363\/2020\/05\/FORMES-PAINT-1-768x577.jpg 768w, https:\/\/agora.xtec.cat\/escolanouclave\/wp-content\/uploads\/usu1363\/2020\/05\/FORMES-PAINT-1-200x150.jpg 200w\" sizes=\"auto, (max-width: 229px) 100vw, 229px\" \/><\/a><\/p>\n<p style=\"text-align: center\">Quants cercles hi ha? I quadrats?<\/p>\n<p style=\"text-align: center\"><a href=\"https:\/\/agora.xtec.cat\/escolanouclave\/wp-content\/uploads\/usu1363\/2020\/05\/FORMES-PAINT-2.jpg\"><img loading=\"lazy\" decoding=\"async\" class=\"alignnone wp-image-5250\" src=\"https:\/\/agora.xtec.cat\/escolanouclave\/wp-content\/uploads\/usu1363\/2020\/05\/FORMES-PAINT-2.jpg\" alt=\"\" width=\"231\" height=\"174\" srcset=\"https:\/\/agora.xtec.cat\/escolanouclave\/wp-content\/uploads\/usu1363\/2020\/05\/FORMES-PAINT-2.jpg 576w, https:\/\/agora.xtec.cat\/escolanouclave\/wp-content\/uploads\/usu1363\/2020\/05\/FORMES-PAINT-2-300x226.jpg 300w, https:\/\/agora.xtec.cat\/escolanouclave\/wp-content\/uploads\/usu1363\/2020\/05\/FORMES-PAINT-2-200x150.jpg 200w\" sizes=\"auto, (max-width: 231px) 100vw, 231px\" \/><\/a><\/p>\n<p style=\"text-align: center\">Quants rectangles hi ha? I triangles?<\/p>\n<p style=\"text-align: center\"><a href=\"https:\/\/agora.xtec.cat\/escolanouclave\/wp-content\/uploads\/usu1363\/2020\/05\/FORMES-PAINT-3.jpg\"><img loading=\"lazy\" decoding=\"async\" class=\"alignnone wp-image-5251\" src=\"https:\/\/agora.xtec.cat\/escolanouclave\/wp-content\/uploads\/usu1363\/2020\/05\/FORMES-PAINT-3.jpg\" alt=\"\" width=\"230\" height=\"173\" srcset=\"https:\/\/agora.xtec.cat\/escolanouclave\/wp-content\/uploads\/usu1363\/2020\/05\/FORMES-PAINT-3.jpg 576w, https:\/\/agora.xtec.cat\/escolanouclave\/wp-content\/uploads\/usu1363\/2020\/05\/FORMES-PAINT-3-300x226.jpg 300w, https:\/\/agora.xtec.cat\/escolanouclave\/wp-content\/uploads\/usu1363\/2020\/05\/FORMES-PAINT-3-200x150.jpg 200w\" sizes=\"auto, (max-width: 230px) 100vw, 230px\" \/><\/a><\/p>\n<p style=\"text-align: center\">Quants triangles hi ha? I cercles?<\/p>\n<p>Pareu atenci\u00f3 ara perqu\u00e8 hi ha figures de diferents tamanys. Haureu de comptar tots els que tinguin la mateixa forma.<\/p>\n<p><a href=\"https:\/\/agora.xtec.cat\/escolanouclave\/wp-content\/uploads\/usu1363\/2020\/05\/FORMES-PAINT-4.jpg\"><img loading=\"lazy\" decoding=\"async\" class=\"wp-image-5252 aligncenter\" src=\"https:\/\/agora.xtec.cat\/escolanouclave\/wp-content\/uploads\/usu1363\/2020\/05\/FORMES-PAINT-4.jpg\" alt=\"\" width=\"227\" height=\"170\" srcset=\"https:\/\/agora.xtec.cat\/escolanouclave\/wp-content\/uploads\/usu1363\/2020\/05\/FORMES-PAINT-4.jpg 576w, https:\/\/agora.xtec.cat\/escolanouclave\/wp-content\/uploads\/usu1363\/2020\/05\/FORMES-PAINT-4-300x226.jpg 300w, https:\/\/agora.xtec.cat\/escolanouclave\/wp-content\/uploads\/usu1363\/2020\/05\/FORMES-PAINT-4-200x150.jpg 200w\" sizes=\"auto, (max-width: 227px) 100vw, 227px\" \/><\/a><\/p>\n<p style=\"text-align: center\">Quants quadrats hi ha? I triangles?<\/p>\n<p><a href=\"https:\/\/agora.xtec.cat\/escolanouclave\/wp-content\/uploads\/usu1363\/2020\/05\/FORMES-PAINT-5.jpg\"><img loading=\"lazy\" decoding=\"async\" class=\"wp-image-5253 aligncenter\" src=\"https:\/\/agora.xtec.cat\/escolanouclave\/wp-content\/uploads\/usu1363\/2020\/05\/FORMES-PAINT-5.jpg\" alt=\"\" width=\"195\" height=\"176\" srcset=\"https:\/\/agora.xtec.cat\/escolanouclave\/wp-content\/uploads\/usu1363\/2020\/05\/FORMES-PAINT-5.jpg 527w, https:\/\/agora.xtec.cat\/escolanouclave\/wp-content\/uploads\/usu1363\/2020\/05\/FORMES-PAINT-5-300x270.jpg 300w\" sizes=\"auto, (max-width: 195px) 100vw, 195px\" \/><\/a><\/p>\n<p style=\"text-align: center\">Quants rectangles hi ha? I cercles?<\/p>\n<p><a href=\"https:\/\/agora.xtec.cat\/escolanouclave\/wp-content\/uploads\/usu1363\/2020\/05\/FORMES-PAINT-6.jpg\"><img loading=\"lazy\" decoding=\"async\" class=\"wp-image-5254 aligncenter\" src=\"https:\/\/agora.xtec.cat\/escolanouclave\/wp-content\/uploads\/usu1363\/2020\/05\/FORMES-PAINT-6.jpg\" alt=\"\" width=\"231\" height=\"174\" srcset=\"https:\/\/agora.xtec.cat\/escolanouclave\/wp-content\/uploads\/usu1363\/2020\/05\/FORMES-PAINT-6.jpg 576w, https:\/\/agora.xtec.cat\/escolanouclave\/wp-content\/uploads\/usu1363\/2020\/05\/FORMES-PAINT-6-300x226.jpg 300w, https:\/\/agora.xtec.cat\/escolanouclave\/wp-content\/uploads\/usu1363\/2020\/05\/FORMES-PAINT-6-200x150.jpg 200w\" sizes=\"auto, (max-width: 231px) 100vw, 231px\" \/><\/a><\/p>\n<p style=\"text-align: center\">Quants quadrats hi ha? I triangles?<\/p>\n<p>Per finalitzar us deixo un joc per practicar les formes i alguna cosa m\u00e9s.<\/p>\n<p><a href=\"http:\/\/www.waece.org\/sabemos\/principal.htm\" target=\"_blank\" rel=\"noopener noreferrer\">JOC<\/a><\/p>\n<p>Bona feina, nois!! Heu treballat molt!! Fins dem\u00e0!! Petonarros!!<\/p>\n","protected":false},"excerpt":{"rendered":"<p>Bon dia!!! Tornem a ser dilluns!! Aix\u00f2 vol dir que ens toca treballar. Per\u00f2 abans us recordo la can\u00e7\u00f3 dels dies de la setmana. Aqu\u00ed va: I ara si, anem per feina. Avui treballarem, les formes geom\u00e8triques. Al cole ja les hav\u00edem fet alguna vegada, per\u00f2 us les recordo per si les heu oblidat. Mireu [&hellip;]<\/p>\n","protected":false},"author":11,"featured_media":5256,"comment_status":"open","ping_status":"closed","sticky":false,"template":"","format":"standard","meta":{"_bbp_topic_count":0,"_bbp_reply_count":0,"_bbp_total_topic_count":0,"_bbp_total_reply_count":0,"_bbp_voice_count":0,"_bbp_anonymous_reply_count":0,"_bbp_topic_count_hidden":0,"_bbp_reply_count_hidden":0,"_bbp_forum_subforum_count":0,"site-sidebar-layout":"default","site-content-layout":"","ast-site-content-layout":"","site-content-style":"default","site-sidebar-style":"default","ast-global-header-display":"","ast-banner-title-visibility":"","ast-main-header-display":"","ast-hfb-above-header-display":"","ast-hfb-below-header-display":"","ast-hfb-mobile-header-display":"","site-post-title":"","ast-breadcrumbs-content":"","ast-featured-img":"","footer-sml-layout":"","theme-transparent-header-meta":"","adv-header-id-meta":"","stick-header-meta":"","header-above-stick-meta":"","header-main-stick-meta":"","header-below-stick-meta":"","astra-migrate-meta-layouts":"default","ast-page-background-enabled":"default","ast-page-background-meta":{"desktop":{"background-color":"var(--ast-global-color-4)","background-image":"","background-repeat":"repeat","background-position":"center center","background-size":"auto","background-attachment":"scroll","background-type":"","background-media":"","overlay-type":"","overlay-color":"","overlay-opacity":"","overlay-gradient":""},"tablet":{"background-color":"","background-image":"","background-repeat":"repeat","background-position":"center center","background-size":"auto","background-attachment":"scroll","background-type":"","background-media":"","overlay-type":"","overlay-color":"","overlay-opacity":"","overlay-gradient":""},"mobile":{"background-color":"","background-image":"","background-repeat":"repeat","background-position":"center center","background-size":"auto","background-attachment":"scroll","background-type":"","background-media":"","overlay-type":"","overlay-color":"","overlay-opacity":"","overlay-gradient":""}},"ast-content-background-meta":{"desktop":{"background-color":"var(--ast-global-color-5)","background-image":"","background-repeat":"repeat","background-position":"center center","background-size":"auto","background-attachment":"scroll","background-type":"","background-media":"","overlay-type":"","overlay-color":"","overlay-opacity":"","overlay-gradient":""},"tablet":{"background-color":"var(--ast-global-color-5)","background-image":"","background-repeat":"repeat","background-position":"center center","background-size":"auto","background-attachment":"scroll","background-type":"","background-media":"","overlay-type":"","overlay-color":"","overlay-opacity":"","overlay-gradient":""},"mobile":{"background-color":"var(--ast-global-color-5)","background-image":"","background-repeat":"repeat","background-position":"center center","background-size":"auto","background-attachment":"scroll","background-type":"","background-media":"","overlay-type":"","overlay-color":"","overlay-opacity":"","overlay-gradient":""}},"footnotes":""},"categories":[3],"tags":[603,121,246,123,178,604],"class_list":["post-5146","post","type-post","status-publish","format-standard","has-post-thumbnail","hentry","category-p3","tag-formes","tag-infantil","tag-jo-em-quedo-a-casa","tag-matematiques","tag-p3","tag-quantitats"],"post_mailing_queue_ids":[],"_links":{"self":[{"href":"https:\/\/agora.xtec.cat\/escolanouclave\/wp-json\/wp\/v2\/posts\/5146","targetHints":{"allow":["GET"]}}],"collection":[{"href":"https:\/\/agora.xtec.cat\/escolanouclave\/wp-json\/wp\/v2\/posts"}],"about":[{"href":"https:\/\/agora.xtec.cat\/escolanouclave\/wp-json\/wp\/v2\/types\/post"}],"author":[{"embeddable":true,"href":"https:\/\/agora.xtec.cat\/escolanouclave\/wp-json\/wp\/v2\/users\/11"}],"replies":[{"embeddable":true,"href":"https:\/\/agora.xtec.cat\/escolanouclave\/wp-json\/wp\/v2\/comments?post=5146"}],"version-history":[{"count":3,"href":"https:\/\/agora.xtec.cat\/escolanouclave\/wp-json\/wp\/v2\/posts\/5146\/revisions"}],"predecessor-version":[{"id":5268,"href":"https:\/\/agora.xtec.cat\/escolanouclave\/wp-json\/wp\/v2\/posts\/5146\/revisions\/5268"}],"wp:featuredmedia":[{"embeddable":true,"href":"https:\/\/agora.xtec.cat\/escolanouclave\/wp-json\/wp\/v2\/media\/5256"}],"wp:attachment":[{"href":"https:\/\/agora.xtec.cat\/escolanouclave\/wp-json\/wp\/v2\/media?parent=5146"}],"wp:term":[{"taxonomy":"category","embeddable":true,"href":"https:\/\/agora.xtec.cat\/escolanouclave\/wp-json\/wp\/v2\/categories?post=5146"},{"taxonomy":"post_tag","embeddable":true,"href":"https:\/\/agora.xtec.cat\/escolanouclave\/wp-json\/wp\/v2\/tags?post=5146"}],"curies":[{"name":"wp","href":"https:\/\/api.w.org\/{rel}","templated":true}]}}