{"id":5050,"date":"2020-05-03T20:22:05","date_gmt":"2020-05-03T18:22:05","guid":{"rendered":"http:\/\/agora.xtec.cat\/escolanouclave\/?p=5050"},"modified":"2020-05-03T20:22:05","modified_gmt":"2020-05-03T18:22:05","slug":"setmana-del-4-al-8-de-maig-llengua-catalana","status":"publish","type":"post","link":"https:\/\/agora.xtec.cat\/escolanouclave\/primaria\/6e\/setmana-del-4-al-8-de-maig-llengua-catalana\/","title":{"rendered":"SETMANA DEL 4 AL 8 DE MAIG (Llengua catalana)"},"content":{"rendered":"<p>&nbsp;<\/p>\n<p><img loading=\"lazy\" decoding=\"async\" class=\"aligncenter\" src=\"https:\/\/menorcaaldia.com\/wp-content\/uploads\/2014\/10\/imatge-fira-llibre.jpg\" alt=\"La Fira del Llibre en Catal\u00e0 llega con libros\u2026 y tapas literarias ...\" width=\"188\" height=\"194\" \/><\/p>\n<p>Bon dia nois i noies!!!<\/p>\n<p>A continuaci\u00f3 us informo de tota les tasques que heu de fer aquesta setmana de catal\u00e0.<\/p>\n<p>Per accedir als audios , v\u00eddeos i altres documents que us he preparat heu de clicar aquest enlla\u00e7:\u00a0<a href=\"https:\/\/drive.google.com\/drive\/u\/1\/folders\/1exwhnFqMOGyB3AvpzBj0tKOmRNEW5H0y\">https:\/\/drive.google.com\/drive\/u\/1\/folders\/1exwhnFqMOGyB3AvpzBj0tKOmRNEW5H0y<\/a><\/p>\n<p>Dilluns : heu de fer la tasca\u00a0 9 de Comunicaci\u00f3 Oral (nom\u00e9s les activitats 1,2 i 3). Busqueu l&#8217;audio a la carpeta del Drive.<\/p>\n<p>Tamb\u00e9 heu de fer les correccions de les tasques de la setmana passada.<\/p>\n<p>Dimecres: fareu les activitats 1, 2 i 3 de la tasca 15 d&#8217;Escriptura. Tamb\u00e9 heu de fer una expressi\u00f3 escrita d&#8217;unes 10 l\u00ednies aproximadament descrivint com \u00e9s la vostra manera de ser. Cal que me l&#8217;envieu. El document tamb\u00e9 estar\u00e0 al Drive.<\/p>\n<p>Dijous: de la fitxa 10 de gram\u00e0tica heu de fer totes les activitats menys la n\u00ba2. Imprescindible primer escoltar els v\u00eddeos que us he preparat.<\/p>\n<p>A les 11 ens connectarem\u00a0 per hangouts per veure&#8217;ns les cares i aclarir possibles dubtes i dificultats que us heu anat trobant al llarg de la setmana.<\/p>\n<p>Divendres: l&#8217;\u00faltim dia de la setmana fareu una comprensi\u00f3 lectora que trobareu en el seg\u00fcent enlla\u00e7:\u00a0<a href=\"https:\/\/es.liveworksheets.com\/me82650ol\">https:\/\/es.liveworksheets.com\/me82650ol<\/a><\/p>\n<p>&nbsp;<\/p>\n","protected":false},"excerpt":{"rendered":"<p>&nbsp; Bon dia nois i noies!!! A continuaci\u00f3 us informo de tota les tasques que heu de fer aquesta setmana de catal\u00e0. Per accedir als audios , v\u00eddeos i altres documents que us he preparat heu de clicar aquest enlla\u00e7:\u00a0https:\/\/drive.google.com\/drive\/u\/1\/folders\/1exwhnFqMOGyB3AvpzBj0tKOmRNEW5H0y Dilluns : heu de fer la tasca\u00a0 9 de Comunicaci\u00f3 Oral (nom\u00e9s les activitats 1,2 [&hellip;]<\/p>\n","protected":false},"author":1,"featured_media":3938,"comment_status":"open","ping_status":"closed","sticky":false,"template":"","format":"standard","meta":{"_bbp_topic_count":0,"_bbp_reply_count":0,"_bbp_total_topic_count":0,"_bbp_total_reply_count":0,"_bbp_voice_count":0,"_bbp_anonymous_reply_count":0,"_bbp_topic_count_hidden":0,"_bbp_reply_count_hidden":0,"_bbp_forum_subforum_count":0,"site-sidebar-layout":"default","site-content-layout":"","ast-site-content-layout":"","site-content-style":"default","site-sidebar-style":"default","ast-global-header-display":"","ast-banner-title-visibility":"","ast-main-header-display":"","ast-hfb-above-header-display":"","ast-hfb-below-header-display":"","ast-hfb-mobile-header-display":"","site-post-title":"","ast-breadcrumbs-content":"","ast-featured-img":"","footer-sml-layout":"","theme-transparent-header-meta":"","adv-header-id-meta":"","stick-header-meta":"","header-above-stick-meta":"","header-main-stick-meta":"","header-below-stick-meta":"","astra-migrate-meta-layouts":"default","ast-page-background-enabled":"default","ast-page-background-meta":{"desktop":{"background-color":"var(--ast-global-color-4)","background-image":"","background-repeat":"repeat","background-position":"center center","background-size":"auto","background-attachment":"scroll","background-type":"","background-media":"","overlay-type":"","overlay-color":"","overlay-opacity":"","overlay-gradient":""},"tablet":{"background-color":"","background-image":"","background-repeat":"repeat","background-position":"center center","background-size":"auto","background-attachment":"scroll","background-type":"","background-media":"","overlay-type":"","overlay-color":"","overlay-opacity":"","overlay-gradient":""},"mobile":{"background-color":"","background-image":"","background-repeat":"repeat","background-position":"center center","background-size":"auto","background-attachment":"scroll","background-type":"","background-media":"","overlay-type":"","overlay-color":"","overlay-opacity":"","overlay-gradient":""}},"ast-content-background-meta":{"desktop":{"background-color":"var(--ast-global-color-5)","background-image":"","background-repeat":"repeat","background-position":"center center","background-size":"auto","background-attachment":"scroll","background-type":"","background-media":"","overlay-type":"","overlay-color":"","overlay-opacity":"","overlay-gradient":""},"tablet":{"background-color":"var(--ast-global-color-5)","background-image":"","background-repeat":"repeat","background-position":"center center","background-size":"auto","background-attachment":"scroll","background-type":"","background-media":"","overlay-type":"","overlay-color":"","overlay-opacity":"","overlay-gradient":""},"mobile":{"background-color":"var(--ast-global-color-5)","background-image":"","background-repeat":"repeat","background-position":"center center","background-size":"auto","background-attachment":"scroll","background-type":"","background-media":"","overlay-type":"","overlay-color":"","overlay-opacity":"","overlay-gradient":""}},"footnotes":""},"categories":[15],"tags":[258],"class_list":["post-5050","post","type-post","status-publish","format-standard","has-post-thumbnail","hentry","category-6e","tag-llengua-catalana"],"post_mailing_queue_ids":[],"_links":{"self":[{"href":"https:\/\/agora.xtec.cat\/escolanouclave\/wp-json\/wp\/v2\/posts\/5050","targetHints":{"allow":["GET"]}}],"collection":[{"href":"https:\/\/agora.xtec.cat\/escolanouclave\/wp-json\/wp\/v2\/posts"}],"about":[{"href":"https:\/\/agora.xtec.cat\/escolanouclave\/wp-json\/wp\/v2\/types\/post"}],"author":[{"embeddable":true,"href":"https:\/\/agora.xtec.cat\/escolanouclave\/wp-json\/wp\/v2\/users\/1"}],"replies":[{"embeddable":true,"href":"https:\/\/agora.xtec.cat\/escolanouclave\/wp-json\/wp\/v2\/comments?post=5050"}],"version-history":[{"count":3,"href":"https:\/\/agora.xtec.cat\/escolanouclave\/wp-json\/wp\/v2\/posts\/5050\/revisions"}],"predecessor-version":[{"id":5280,"href":"https:\/\/agora.xtec.cat\/escolanouclave\/wp-json\/wp\/v2\/posts\/5050\/revisions\/5280"}],"wp:featuredmedia":[{"embeddable":true,"href":"https:\/\/agora.xtec.cat\/escolanouclave\/wp-json\/wp\/v2\/media\/3938"}],"wp:attachment":[{"href":"https:\/\/agora.xtec.cat\/escolanouclave\/wp-json\/wp\/v2\/media?parent=5050"}],"wp:term":[{"taxonomy":"category","embeddable":true,"href":"https:\/\/agora.xtec.cat\/escolanouclave\/wp-json\/wp\/v2\/categories?post=5050"},{"taxonomy":"post_tag","embeddable":true,"href":"https:\/\/agora.xtec.cat\/escolanouclave\/wp-json\/wp\/v2\/tags?post=5050"}],"curies":[{"name":"wp","href":"https:\/\/api.w.org\/{rel}","templated":true}]}}