{"id":4918,"date":"2020-04-28T19:49:51","date_gmt":"2020-04-28T17:49:51","guid":{"rendered":"http:\/\/agora.xtec.cat\/escolanouclave\/?p=4918"},"modified":"2020-04-28T19:49:51","modified_gmt":"2020-04-28T17:49:51","slug":"activitat-23-29-abril-2020-projecte-el-cuiner","status":"publish","type":"post","link":"https:\/\/agora.xtec.cat\/escolanouclave\/infantil\/p5-infantil\/activitat-23-29-abril-2020-projecte-el-cuiner\/","title":{"rendered":"Activitat 23\/ 29-Abril-2020\/ Projecte: El Cuiner"},"content":{"rendered":"<p>Holaaa elefants!!!!<\/p>\n<p>Avui toca projecte!!!!!<\/p>\n<p>Aprendrem moltes coses sobre una <strong>PIR\u00c0MIDE <\/strong>per\u00f2&#8230;. no \u00e9s la pir\u00e1mide que va portar el Marc i la seva mare a l&#8217;escola, aquella, \u00a0us enrecordeu ? era d&#8217;Egipte i la que us parlar\u00e9 avui \u00e9s <strong>la PIR\u00c0MIDE DELS<\/strong> <strong>ALIMENTS. <\/strong><\/p>\n<p>Si cliqueu aquest link <a href=\"https:\/\/www.bing.com\/videos\/search?q=la+pir%c3%a0mide+dels+aliments&amp;docid=608048204938216956&amp;mid=F4176E51C03142D54DA6F4176E51C03142D54DA6&amp;view=detail&amp;FORM=VIRE\">https:\/\/www.bing.com\/videos\/search?q=la+pir%c3%a0mide+dels+aliments&amp;docid=608048204938216956&amp;mid=F4176E51C03142D54DA6F4176E51C03142D54DA6&amp;view=detail&amp;FORM=VIRE<\/a> podreu veure un v\u00eddeo super interessant. Pareu molta atenci\u00f3, ja que, despr\u00e9s de veure\u00b4l haureu de fer unes fitxes que us he preparat.<\/p>\n<p>Nom\u00e9s necessiteu ll\u00e0pis, goma, colors o rotuladors.<\/p>\n<p>Deu, nou, vuit, set, sis, cinc, quatre, tres, dos, \u00fa a treballar!!!!!!!!<\/p>\n<p><a href=\"https:\/\/agora.xtec.cat\/escolanouclave\/wp-content\/uploads\/usu1363\/2020\/04\/fitxes-pir\u00e0mide-dels-aliments.pdf\">fitxes pir\u00e0mide dels aliments<\/a><\/p>\n<p>Fins dem\u00e0 guapos!!!!<br \/>\nUn besito.<\/p>\n<p>&nbsp;<\/p>\n","protected":false},"excerpt":{"rendered":"<p>Holaaa elefants!!!! Avui toca projecte!!!!! Aprendrem moltes coses sobre una PIR\u00c0MIDE per\u00f2&#8230;. no \u00e9s la pir\u00e1mide que va portar el Marc i la seva mare a l&#8217;escola, aquella, \u00a0us enrecordeu ? era d&#8217;Egipte i la que us parlar\u00e9 avui \u00e9s la PIR\u00c0MIDE DELS ALIMENTS. Si cliqueu aquest link https:\/\/www.bing.com\/videos\/search?q=la+pir%c3%a0mide+dels+aliments&amp;docid=608048204938216956&amp;mid=F4176E51C03142D54DA6F4176E51C03142D54DA6&amp;view=detail&amp;FORM=VIRE podreu veure un v\u00eddeo super interessant. [&hellip;]<\/p>\n","protected":false},"author":1,"featured_media":4920,"comment_status":"open","ping_status":"closed","sticky":false,"template":"","format":"standard","meta":{"_bbp_topic_count":0,"_bbp_reply_count":0,"_bbp_total_topic_count":0,"_bbp_total_reply_count":0,"_bbp_voice_count":0,"_bbp_anonymous_reply_count":0,"_bbp_topic_count_hidden":0,"_bbp_reply_count_hidden":0,"_bbp_forum_subforum_count":0,"site-sidebar-layout":"default","site-content-layout":"","ast-site-content-layout":"","site-content-style":"default","site-sidebar-style":"default","ast-global-header-display":"","ast-banner-title-visibility":"","ast-main-header-display":"","ast-hfb-above-header-display":"","ast-hfb-below-header-display":"","ast-hfb-mobile-header-display":"","site-post-title":"","ast-breadcrumbs-content":"","ast-featured-img":"","footer-sml-layout":"","theme-transparent-header-meta":"","adv-header-id-meta":"","stick-header-meta":"","header-above-stick-meta":"","header-main-stick-meta":"","header-below-stick-meta":"","astra-migrate-meta-layouts":"default","ast-page-background-enabled":"default","ast-page-background-meta":{"desktop":{"background-color":"var(--ast-global-color-4)","background-image":"","background-repeat":"repeat","background-position":"center center","background-size":"auto","background-attachment":"scroll","background-type":"","background-media":"","overlay-type":"","overlay-color":"","overlay-opacity":"","overlay-gradient":""},"tablet":{"background-color":"","background-image":"","background-repeat":"repeat","background-position":"center center","background-size":"auto","background-attachment":"scroll","background-type":"","background-media":"","overlay-type":"","overlay-color":"","overlay-opacity":"","overlay-gradient":""},"mobile":{"background-color":"","background-image":"","background-repeat":"repeat","background-position":"center center","background-size":"auto","background-attachment":"scroll","background-type":"","background-media":"","overlay-type":"","overlay-color":"","overlay-opacity":"","overlay-gradient":""}},"ast-content-background-meta":{"desktop":{"background-color":"var(--ast-global-color-5)","background-image":"","background-repeat":"repeat","background-position":"center center","background-size":"auto","background-attachment":"scroll","background-type":"","background-media":"","overlay-type":"","overlay-color":"","overlay-opacity":"","overlay-gradient":""},"tablet":{"background-color":"var(--ast-global-color-5)","background-image":"","background-repeat":"repeat","background-position":"center center","background-size":"auto","background-attachment":"scroll","background-type":"","background-media":"","overlay-type":"","overlay-color":"","overlay-opacity":"","overlay-gradient":""},"mobile":{"background-color":"var(--ast-global-color-5)","background-image":"","background-repeat":"repeat","background-position":"center center","background-size":"auto","background-attachment":"scroll","background-type":"","background-media":"","overlay-type":"","overlay-color":"","overlay-opacity":"","overlay-gradient":""}},"footnotes":""},"categories":[98],"tags":[576,575,399,74],"class_list":["post-4918","post","type-post","status-publish","format-standard","has-post-thumbnail","hentry","category-p5-infantil","tag-area-entorn-natural-i-social","tag-habits-saludables","tag-lectoescriptura","tag-projecte"],"post_mailing_queue_ids":[],"_links":{"self":[{"href":"https:\/\/agora.xtec.cat\/escolanouclave\/wp-json\/wp\/v2\/posts\/4918","targetHints":{"allow":["GET"]}}],"collection":[{"href":"https:\/\/agora.xtec.cat\/escolanouclave\/wp-json\/wp\/v2\/posts"}],"about":[{"href":"https:\/\/agora.xtec.cat\/escolanouclave\/wp-json\/wp\/v2\/types\/post"}],"author":[{"embeddable":true,"href":"https:\/\/agora.xtec.cat\/escolanouclave\/wp-json\/wp\/v2\/users\/1"}],"replies":[{"embeddable":true,"href":"https:\/\/agora.xtec.cat\/escolanouclave\/wp-json\/wp\/v2\/comments?post=4918"}],"version-history":[{"count":1,"href":"https:\/\/agora.xtec.cat\/escolanouclave\/wp-json\/wp\/v2\/posts\/4918\/revisions"}],"predecessor-version":[{"id":4921,"href":"https:\/\/agora.xtec.cat\/escolanouclave\/wp-json\/wp\/v2\/posts\/4918\/revisions\/4921"}],"wp:featuredmedia":[{"embeddable":true,"href":"https:\/\/agora.xtec.cat\/escolanouclave\/wp-json\/wp\/v2\/media\/4920"}],"wp:attachment":[{"href":"https:\/\/agora.xtec.cat\/escolanouclave\/wp-json\/wp\/v2\/media?parent=4918"}],"wp:term":[{"taxonomy":"category","embeddable":true,"href":"https:\/\/agora.xtec.cat\/escolanouclave\/wp-json\/wp\/v2\/categories?post=4918"},{"taxonomy":"post_tag","embeddable":true,"href":"https:\/\/agora.xtec.cat\/escolanouclave\/wp-json\/wp\/v2\/tags?post=4918"}],"curies":[{"name":"wp","href":"https:\/\/api.w.org\/{rel}","templated":true}]}}