{"id":4891,"date":"2020-04-29T00:12:00","date_gmt":"2020-04-28T22:12:00","guid":{"rendered":"http:\/\/agora.xtec.cat\/escolanouclave\/?p=4891"},"modified":"2020-04-29T00:16:24","modified_gmt":"2020-04-28T22:16:24","slug":"activitat-21-intercomunicacio-i-llenguatge-29-04-2020-conte-lelmer","status":"publish","type":"post","link":"https:\/\/agora.xtec.cat\/escolanouclave\/infantil\/p3\/activitat-21-intercomunicacio-i-llenguatge-29-04-2020-conte-lelmer\/","title":{"rendered":"ACTIVITAT 21. INTERCOMUNICACI\u00d3 I LLENGUATGE. 29\/04\/2020. Conte: L&#8217;Elmer"},"content":{"rendered":"<p>Holaaaaa, Cargols!!<\/p>\n<p>Avui estic emocionada perqu\u00e8 us porto un conte que m&#8217;encanta. \u00c9s la hist\u00f2ria d&#8217;un elefant, per\u00f2 no d&#8217;un elefant qualsevol, no, un elefant molt especial. El voleu con\u00e8ixer?? S\u00ef? Doncs aqu\u00ed va la hist\u00f2ria:<\/p>\n<p><a href=\"https:\/\/youtu.be\/1zRWyWzvZBA\" target=\"_blank\" rel=\"noopener noreferrer\"><img loading=\"lazy\" decoding=\"async\" class=\"wp-image-4895 aligncenter\" src=\"https:\/\/agora.xtec.cat\/escolanouclave\/wp-content\/uploads\/usu1363\/2020\/04\/20200408_10343312-1024x987.jpg\" alt=\"\" width=\"363\" height=\"350\" srcset=\"https:\/\/agora.xtec.cat\/escolanouclave\/wp-content\/uploads\/usu1363\/2020\/04\/20200408_10343312-1024x987.jpg 1024w, https:\/\/agora.xtec.cat\/escolanouclave\/wp-content\/uploads\/usu1363\/2020\/04\/20200408_10343312-300x289.jpg 300w, https:\/\/agora.xtec.cat\/escolanouclave\/wp-content\/uploads\/usu1363\/2020\/04\/20200408_10343312-768x740.jpg 768w\" sizes=\"auto, (max-width: 363px) 100vw, 363px\" \/><\/a><\/p>\n<p>Qu\u00e9, us ha agradat?? Quin elefant m\u00e9s bonic. No \u00e9s color d&#8217;elefant, heu vist, \u00e9s de toooots els colors!! M&#8217;encanta, perqu\u00e8 l&#8217;Elmer feia que tots els seus amics s&#8217;ho passessin d&#8217;all\u00f2 m\u00e9s b\u00e9 amb ell. Era capa\u00e7 de fer la vida m\u00e9s divertida a aquells elefants grisos avorrits. Us proposo ara pintar el vostre elefant particular. Podeu triar pintar-lo a quadrats com l&#8217;Elmer o amb el disseny que volgueu (ho sento per\u00f2 no he pogut trobar cap foto d&#8217;Elmer amb enlla\u00e7 que no tingu\u00e9s la lletra I al mig)<\/p>\n<p><a href=\"https:\/\/www.kleurplaten-kleurplaat.nl\/i\/kleurplaten\/elmer\/4063-elmer-kleurplaat.gif\" target=\"_blank\" rel=\"noopener noreferrer\"><img loading=\"lazy\" decoding=\"async\" class=\"wp-image-4914 alignleft\" src=\"https:\/\/agora.xtec.cat\/escolanouclave\/wp-content\/uploads\/usu1363\/2020\/04\/ELMER-SIN-QUADRES.gif\" alt=\"\" width=\"256\" height=\"184\" \/><\/a><a href=\"https:\/\/paginasparacolorear.com\/image\/animales\/drawing-elefante-17.webp\" target=\"_blank\" rel=\"noopener noreferrer\"><img loading=\"lazy\" decoding=\"async\" class=\"wp-image-4899 alignleft\" src=\"https:\/\/agora.xtec.cat\/escolanouclave\/wp-content\/uploads\/usu1363\/2020\/04\/elmer-colorear-1024x837.gif\" alt=\"\" width=\"224\" height=\"183\" srcset=\"https:\/\/agora.xtec.cat\/escolanouclave\/wp-content\/uploads\/usu1363\/2020\/04\/elmer-colorear-1024x837.gif 1024w, https:\/\/agora.xtec.cat\/escolanouclave\/wp-content\/uploads\/usu1363\/2020\/04\/elmer-colorear-300x245.gif 300w, https:\/\/agora.xtec.cat\/escolanouclave\/wp-content\/uploads\/usu1363\/2020\/04\/elmer-colorear-768x628.gif 768w\" sizes=\"auto, (max-width: 224px) 100vw, 224px\" \/><\/a><\/p>\n<p>&nbsp;<\/p>\n<p>&nbsp;<\/p>\n<p>&nbsp;<\/p>\n<p>&nbsp;<\/p>\n<p>&nbsp;<\/p>\n<p>I ara us ensenyar\u00e9 a fer un elefant de paper molt senzill. Aqu\u00ed va!!<\/p>\n<div class=\"ast-oembed-container \" style=\"height: 100%;\"><iframe loading=\"lazy\" title=\"FEM UN &quot;ELMER&quot; DE PAPER\" width=\"500\" height=\"281\" src=\"https:\/\/www.youtube.com\/embed\/XJKmWLtgzDo?feature=oembed\" frameborder=\"0\" allow=\"accelerometer; autoplay; clipboard-write; encrypted-media; gyroscope; picture-in-picture; web-share\" referrerpolicy=\"strict-origin-when-cross-origin\" allowfullscreen><\/iframe><\/div>\n<p>Si voleu, podeu probar si us surt. Podeu decorar-lo com volgueu. Animeu-vos!! Ahh!! Heu vist en el v\u00eddeo que sobrava un rectangle de quadrats? Voleu saber que he fet amb ell?? Doncs mireu:<\/p>\n<p><a href=\"https:\/\/agora.xtec.cat\/escolanouclave\/wp-content\/uploads\/usu1363\/2020\/04\/quadrat-sobrant.jpg\"><img loading=\"lazy\" decoding=\"async\" class=\"alignnone size-full wp-image-4936\" src=\"https:\/\/agora.xtec.cat\/escolanouclave\/wp-content\/uploads\/usu1363\/2020\/04\/quadrat-sobrant.jpg\" alt=\"\" width=\"399\" height=\"300\" srcset=\"https:\/\/agora.xtec.cat\/escolanouclave\/wp-content\/uploads\/usu1363\/2020\/04\/quadrat-sobrant.jpg 399w, https:\/\/agora.xtec.cat\/escolanouclave\/wp-content\/uploads\/usu1363\/2020\/04\/quadrat-sobrant-300x226.jpg 300w, https:\/\/agora.xtec.cat\/escolanouclave\/wp-content\/uploads\/usu1363\/2020\/04\/quadrat-sobrant-200x150.jpg 200w\" sizes=\"auto, (max-width: 399px) 100vw, 399px\" \/><\/a> <a href=\"https:\/\/agora.xtec.cat\/escolanouclave\/wp-content\/uploads\/usu1363\/2020\/04\/elmer-retallat.jpg\"><img loading=\"lazy\" decoding=\"async\" class=\"alignnone size-full wp-image-4934\" src=\"https:\/\/agora.xtec.cat\/escolanouclave\/wp-content\/uploads\/usu1363\/2020\/04\/elmer-retallat.jpg\" alt=\"\" width=\"399\" height=\"300\" srcset=\"https:\/\/agora.xtec.cat\/escolanouclave\/wp-content\/uploads\/usu1363\/2020\/04\/elmer-retallat.jpg 399w, https:\/\/agora.xtec.cat\/escolanouclave\/wp-content\/uploads\/usu1363\/2020\/04\/elmer-retallat-300x226.jpg 300w, https:\/\/agora.xtec.cat\/escolanouclave\/wp-content\/uploads\/usu1363\/2020\/04\/elmer-retallat-200x150.jpg 200w\" sizes=\"auto, (max-width: 399px) 100vw, 399px\" \/><\/a><\/p>\n<p>Un altre Elmer!!<\/p>\n<p>Per acabar us deixo unes activitats per treballar els colors i alguna coseta sobre el protagonista del conte.<\/p>\n<p><a href=\"https:\/\/es.liveworksheets.com\/worksheets\/es\/Educaci%C3%B3n_Infantil\/Series\/Seriaciones_Elmer_to279847nb\" target=\"_blank\" rel=\"noopener noreferrer\">ELMER 1<\/a><\/p>\n<p><a href=\"https:\/\/es.liveworksheets.com\/worksheets\/es\/Educaci%C3%B3n_Infantil\/Atenci%C3%B3n_y_observaci%C3%B3n\/Busca_la_diferencia*_Elmer_ud277500tr\" target=\"_blank\" rel=\"noopener noreferrer\">ELMER 2<\/a><\/p>\n<p><a href=\"https:\/\/es.liveworksheets.com\/ua270474oa\" target=\"_blank\" rel=\"noopener noreferrer\">ELMER 3<\/a><\/p>\n<p><a href=\"https:\/\/es.liveworksheets.com\/ev268633ly\" target=\"_blank\" rel=\"noopener noreferrer\">ELMER 4<\/a><\/p>\n<p><a href=\"https:\/\/es.liveworksheets.com\/sc257260bh\" target=\"_blank\" rel=\"noopener noreferrer\">ELMER 5<\/a><\/p>\n<p><a href=\"https:\/\/clic.xtec.cat\/projects\/colors3\/jclic.js\/index.html\" target=\"_blank\" rel=\"noopener noreferrer\">ELMER 6<\/a><\/p>\n<p style=\"text-align: left\">Les 5 primeres activitats tenen retorn, \u00e9s a dir, podeu comprovar si les heu fet correctament o enviar-me-les al correu. En acabar-les, cliqueu a &#8220;TERMINADO&#8221; i trieu una d&#8217;aquestes opcions <a href=\"https:\/\/agora.xtec.cat\/escolanouclave\/wp-content\/uploads\/usu1363\/2020\/04\/activitats-interactives-1.png\"><img loading=\"lazy\" decoding=\"async\" class=\"size-full wp-image-4956 aligncenter\" src=\"https:\/\/agora.xtec.cat\/escolanouclave\/wp-content\/uploads\/usu1363\/2020\/04\/activitats-interactives-1.png\" alt=\"\" width=\"481\" height=\"190\" srcset=\"https:\/\/agora.xtec.cat\/escolanouclave\/wp-content\/uploads\/usu1363\/2020\/04\/activitats-interactives-1.png 481w, https:\/\/agora.xtec.cat\/escolanouclave\/wp-content\/uploads\/usu1363\/2020\/04\/activitats-interactives-1-300x119.png 300w\" sizes=\"auto, (max-width: 481px) 100vw, 481px\" \/><\/a><\/p>\n<p>Ahh!! Em descuidava!! Volia recordar-vos una can\u00e7\u00f3 del cole, sobre un elefant. A veure si us sona!!. Petons enormes!! Fins dem\u00e0!!<\/p>\n<p><a href=\"https:\/\/www.youtube.com\/watch?v=BMN_pi7bNVU\" target=\"_blank\" rel=\"noopener noreferrer\"><img loading=\"lazy\" decoding=\"async\" class=\"wp-image-4958 aligncenter\" src=\"https:\/\/agora.xtec.cat\/escolanouclave\/wp-content\/uploads\/usu1363\/2020\/04\/LELEFANT-JOAN.jpg\" alt=\"\" width=\"361\" height=\"255\" srcset=\"https:\/\/agora.xtec.cat\/escolanouclave\/wp-content\/uploads\/usu1363\/2020\/04\/LELEFANT-JOAN.jpg 594w, https:\/\/agora.xtec.cat\/escolanouclave\/wp-content\/uploads\/usu1363\/2020\/04\/LELEFANT-JOAN-300x212.jpg 300w\" sizes=\"auto, (max-width: 361px) 100vw, 361px\" \/><\/a><\/p>\n","protected":false},"excerpt":{"rendered":"<p>Holaaaaa, Cargols!! Avui estic emocionada perqu\u00e8 us porto un conte que m&#8217;encanta. \u00c9s la hist\u00f2ria d&#8217;un elefant, per\u00f2 no d&#8217;un elefant qualsevol, no, un elefant molt especial. El voleu con\u00e8ixer?? S\u00ef? Doncs aqu\u00ed va la hist\u00f2ria: Qu\u00e9, us ha agradat?? Quin elefant m\u00e9s bonic. No \u00e9s color d&#8217;elefant, heu vist, \u00e9s de toooots els colors!! [&hellip;]<\/p>\n","protected":false},"author":11,"featured_media":4960,"comment_status":"open","ping_status":"closed","sticky":false,"template":"","format":"standard","meta":{"_bbp_topic_count":0,"_bbp_reply_count":0,"_bbp_total_topic_count":0,"_bbp_total_reply_count":0,"_bbp_voice_count":0,"_bbp_anonymous_reply_count":0,"_bbp_topic_count_hidden":0,"_bbp_reply_count_hidden":0,"_bbp_forum_subforum_count":0,"site-sidebar-layout":"default","site-content-layout":"","ast-site-content-layout":"","site-content-style":"default","site-sidebar-style":"default","ast-global-header-display":"","ast-banner-title-visibility":"","ast-main-header-display":"","ast-hfb-above-header-display":"","ast-hfb-below-header-display":"","ast-hfb-mobile-header-display":"","site-post-title":"","ast-breadcrumbs-content":"","ast-featured-img":"","footer-sml-layout":"","theme-transparent-header-meta":"","adv-header-id-meta":"","stick-header-meta":"","header-above-stick-meta":"","header-main-stick-meta":"","header-below-stick-meta":"","astra-migrate-meta-layouts":"default","ast-page-background-enabled":"default","ast-page-background-meta":{"desktop":{"background-color":"var(--ast-global-color-4)","background-image":"","background-repeat":"repeat","background-position":"center center","background-size":"auto","background-attachment":"scroll","background-type":"","background-media":"","overlay-type":"","overlay-color":"","overlay-opacity":"","overlay-gradient":""},"tablet":{"background-color":"","background-image":"","background-repeat":"repeat","background-position":"center center","background-size":"auto","background-attachment":"scroll","background-type":"","background-media":"","overlay-type":"","overlay-color":"","overlay-opacity":"","overlay-gradient":""},"mobile":{"background-color":"","background-image":"","background-repeat":"repeat","background-position":"center center","background-size":"auto","background-attachment":"scroll","background-type":"","background-media":"","overlay-type":"","overlay-color":"","overlay-opacity":"","overlay-gradient":""}},"ast-content-background-meta":{"desktop":{"background-color":"var(--ast-global-color-5)","background-image":"","background-repeat":"repeat","background-position":"center center","background-size":"auto","background-attachment":"scroll","background-type":"","background-media":"","overlay-type":"","overlay-color":"","overlay-opacity":"","overlay-gradient":""},"tablet":{"background-color":"var(--ast-global-color-5)","background-image":"","background-repeat":"repeat","background-position":"center center","background-size":"auto","background-attachment":"scroll","background-type":"","background-media":"","overlay-type":"","overlay-color":"","overlay-opacity":"","overlay-gradient":""},"mobile":{"background-color":"var(--ast-global-color-5)","background-image":"","background-repeat":"repeat","background-position":"center center","background-size":"auto","background-attachment":"scroll","background-type":"","background-media":"","overlay-type":"","overlay-color":"","overlay-opacity":"","overlay-gradient":""}},"footnotes":""},"categories":[3],"tags":[283,580,121,246,178,581,94],"class_list":["post-4891","post","type-post","status-publish","format-standard","has-post-thumbnail","hentry","category-p3","tag-conte","tag-elmer","tag-infantil","tag-jo-em-quedo-a-casa","tag-p3","tag-tolerancia","tag-valors"],"post_mailing_queue_ids":[],"_links":{"self":[{"href":"https:\/\/agora.xtec.cat\/escolanouclave\/wp-json\/wp\/v2\/posts\/4891","targetHints":{"allow":["GET"]}}],"collection":[{"href":"https:\/\/agora.xtec.cat\/escolanouclave\/wp-json\/wp\/v2\/posts"}],"about":[{"href":"https:\/\/agora.xtec.cat\/escolanouclave\/wp-json\/wp\/v2\/types\/post"}],"author":[{"embeddable":true,"href":"https:\/\/agora.xtec.cat\/escolanouclave\/wp-json\/wp\/v2\/users\/11"}],"replies":[{"embeddable":true,"href":"https:\/\/agora.xtec.cat\/escolanouclave\/wp-json\/wp\/v2\/comments?post=4891"}],"version-history":[{"count":3,"href":"https:\/\/agora.xtec.cat\/escolanouclave\/wp-json\/wp\/v2\/posts\/4891\/revisions"}],"predecessor-version":[{"id":4962,"href":"https:\/\/agora.xtec.cat\/escolanouclave\/wp-json\/wp\/v2\/posts\/4891\/revisions\/4962"}],"wp:featuredmedia":[{"embeddable":true,"href":"https:\/\/agora.xtec.cat\/escolanouclave\/wp-json\/wp\/v2\/media\/4960"}],"wp:attachment":[{"href":"https:\/\/agora.xtec.cat\/escolanouclave\/wp-json\/wp\/v2\/media?parent=4891"}],"wp:term":[{"taxonomy":"category","embeddable":true,"href":"https:\/\/agora.xtec.cat\/escolanouclave\/wp-json\/wp\/v2\/categories?post=4891"},{"taxonomy":"post_tag","embeddable":true,"href":"https:\/\/agora.xtec.cat\/escolanouclave\/wp-json\/wp\/v2\/tags?post=4891"}],"curies":[{"name":"wp","href":"https:\/\/api.w.org\/{rel}","templated":true}]}}