{"id":4387,"date":"2020-04-23T09:20:32","date_gmt":"2020-04-23T07:20:32","guid":{"rendered":"http:\/\/agora.xtec.cat\/escolanouclave\/?p=4387"},"modified":"2020-04-23T09:20:32","modified_gmt":"2020-04-23T07:20:32","slug":"activitat-7-catala-23-abril-2020-sant-jordi","status":"publish","type":"post","link":"https:\/\/agora.xtec.cat\/escolanouclave\/primaria\/4t\/activitat-7-catala-23-abril-2020-sant-jordi\/","title":{"rendered":"ACTIVITAT 7 (Catal\u00e0) \/ 23-abril-2020 \/ Sant Jordi"},"content":{"rendered":"<p>&nbsp;<\/p>\n<p><img loading=\"lazy\" decoding=\"async\" class=\"aligncenter\" src=\"https:\/\/i.pinimg.com\/originals\/0c\/4d\/38\/0c4d38cc0cd67032f5833bbad765e906.jpg\" alt=\"Sant jordi joan turu | Feli\u00e7 sant jordi, Jordi, Felicitats\" width=\"385\" height=\"272\" \/><\/p>\n<p>Boooon dia nois i noies! I feli\u00e7 diada de Sant Jordi!<\/p>\n<p>Com se us presenta el dia? Teniu algun &#8220;plan&#8221; especial? Fer una rosa, llegir un llibre, fer un postre bon\u00edssim per celebrar-ho?<\/p>\n<p>Jo us proposo dues activitats: la primera la trobareu <a href=\"https:\/\/www.liveworksheets.com\/\">AQU\u00cd<\/a>.<\/p>\n<p>Si poseu el vostre compte, veureu que us apareixer\u00e0 un nou quadern, Catal\u00e0 4t. Dins d&#8217;aquest quadern hi ha una fitxa relacionada amb Sant Jordi: completar la can\u00e7\u00f3.<\/p>\n<p><em><strong>* Recordeu clicar a &#8220;Terminado&#8221; un cop estigueu.<\/strong><\/em><\/p>\n<p>A m\u00e9s, m&#8217;agradaria que cliqu\u00e9ssiu en aquest <a href=\"https:\/\/agora.xtec.cat\/escolanouclave\/wp-content\/uploads\/usu1363\/2020\/04\/Dise\u00f1o-sin-t\u00edtulo-8.pdf\">DOCUMENT <\/a>per fer una segona activitat, diria que for\u00e7a especial. I, \u00e9s que, us proposo crear la vostra pr\u00f2pia llegenda de Sant Jordi&#8230; Espero que tingueu alg\u00fan dau per casa! (Podeu fer l&#8217;escrit al mateix full que us he penjat o fer-lo en un full en blanc).<\/p>\n<p><em><strong>* Compartir la vostra llegenda de Sant Jordi al DRIVE.<\/strong><\/em><\/p>\n<p>&nbsp;<\/p>\n<p><strong>FELI\u00c7 SANT JORDI \ud83d\ude42<\/strong><\/p>\n","protected":false},"excerpt":{"rendered":"<p>&nbsp; Boooon dia nois i noies! I feli\u00e7 diada de Sant Jordi! Com se us presenta el dia? Teniu algun &#8220;plan&#8221; especial? Fer una rosa, llegir un llibre, fer un postre bon\u00edssim per celebrar-ho? Jo us proposo dues activitats: la primera la trobareu AQU\u00cd. Si poseu el vostre compte, veureu que us apareixer\u00e0 un nou [&hellip;]<\/p>\n","protected":false},"author":22,"featured_media":3534,"comment_status":"open","ping_status":"closed","sticky":false,"template":"","format":"standard","meta":{"_bbp_topic_count":0,"_bbp_reply_count":0,"_bbp_total_topic_count":0,"_bbp_total_reply_count":0,"_bbp_voice_count":0,"_bbp_anonymous_reply_count":0,"_bbp_topic_count_hidden":0,"_bbp_reply_count_hidden":0,"_bbp_forum_subforum_count":0,"site-sidebar-layout":"default","site-content-layout":"","ast-site-content-layout":"","site-content-style":"default","site-sidebar-style":"default","ast-global-header-display":"","ast-banner-title-visibility":"","ast-main-header-display":"","ast-hfb-above-header-display":"","ast-hfb-below-header-display":"","ast-hfb-mobile-header-display":"","site-post-title":"","ast-breadcrumbs-content":"","ast-featured-img":"","footer-sml-layout":"","theme-transparent-header-meta":"","adv-header-id-meta":"","stick-header-meta":"","header-above-stick-meta":"","header-main-stick-meta":"","header-below-stick-meta":"","astra-migrate-meta-layouts":"default","ast-page-background-enabled":"default","ast-page-background-meta":{"desktop":{"background-color":"var(--ast-global-color-4)","background-image":"","background-repeat":"repeat","background-position":"center center","background-size":"auto","background-attachment":"scroll","background-type":"","background-media":"","overlay-type":"","overlay-color":"","overlay-opacity":"","overlay-gradient":""},"tablet":{"background-color":"","background-image":"","background-repeat":"repeat","background-position":"center center","background-size":"auto","background-attachment":"scroll","background-type":"","background-media":"","overlay-type":"","overlay-color":"","overlay-opacity":"","overlay-gradient":""},"mobile":{"background-color":"","background-image":"","background-repeat":"repeat","background-position":"center center","background-size":"auto","background-attachment":"scroll","background-type":"","background-media":"","overlay-type":"","overlay-color":"","overlay-opacity":"","overlay-gradient":""}},"ast-content-background-meta":{"desktop":{"background-color":"var(--ast-global-color-5)","background-image":"","background-repeat":"repeat","background-position":"center center","background-size":"auto","background-attachment":"scroll","background-type":"","background-media":"","overlay-type":"","overlay-color":"","overlay-opacity":"","overlay-gradient":""},"tablet":{"background-color":"var(--ast-global-color-5)","background-image":"","background-repeat":"repeat","background-position":"center center","background-size":"auto","background-attachment":"scroll","background-type":"","background-media":"","overlay-type":"","overlay-color":"","overlay-opacity":"","overlay-gradient":""},"mobile":{"background-color":"var(--ast-global-color-5)","background-image":"","background-repeat":"repeat","background-position":"center center","background-size":"auto","background-attachment":"scroll","background-type":"","background-media":"","overlay-type":"","overlay-color":"","overlay-opacity":"","overlay-gradient":""}},"footnotes":""},"categories":[13],"tags":[381,287,474],"class_list":["post-4387","post","type-post","status-publish","format-standard","has-post-thumbnail","hentry","category-4t","tag-4t-de-primaria","tag-catala","tag-sant-jordi"],"post_mailing_queue_ids":[],"_links":{"self":[{"href":"https:\/\/agora.xtec.cat\/escolanouclave\/wp-json\/wp\/v2\/posts\/4387","targetHints":{"allow":["GET"]}}],"collection":[{"href":"https:\/\/agora.xtec.cat\/escolanouclave\/wp-json\/wp\/v2\/posts"}],"about":[{"href":"https:\/\/agora.xtec.cat\/escolanouclave\/wp-json\/wp\/v2\/types\/post"}],"author":[{"embeddable":true,"href":"https:\/\/agora.xtec.cat\/escolanouclave\/wp-json\/wp\/v2\/users\/22"}],"replies":[{"embeddable":true,"href":"https:\/\/agora.xtec.cat\/escolanouclave\/wp-json\/wp\/v2\/comments?post=4387"}],"version-history":[{"count":3,"href":"https:\/\/agora.xtec.cat\/escolanouclave\/wp-json\/wp\/v2\/posts\/4387\/revisions"}],"predecessor-version":[{"id":4424,"href":"https:\/\/agora.xtec.cat\/escolanouclave\/wp-json\/wp\/v2\/posts\/4387\/revisions\/4424"}],"wp:featuredmedia":[{"embeddable":true,"href":"https:\/\/agora.xtec.cat\/escolanouclave\/wp-json\/wp\/v2\/media\/3534"}],"wp:attachment":[{"href":"https:\/\/agora.xtec.cat\/escolanouclave\/wp-json\/wp\/v2\/media?parent=4387"}],"wp:term":[{"taxonomy":"category","embeddable":true,"href":"https:\/\/agora.xtec.cat\/escolanouclave\/wp-json\/wp\/v2\/categories?post=4387"},{"taxonomy":"post_tag","embeddable":true,"href":"https:\/\/agora.xtec.cat\/escolanouclave\/wp-json\/wp\/v2\/tags?post=4387"}],"curies":[{"name":"wp","href":"https:\/\/api.w.org\/{rel}","templated":true}]}}