{"id":4248,"date":"2020-04-22T09:10:27","date_gmt":"2020-04-22T07:10:27","guid":{"rendered":"http:\/\/agora.xtec.cat\/escolanouclave\/?p=4248"},"modified":"2020-04-22T09:10:27","modified_gmt":"2020-04-22T07:10:27","slug":"activitat-2-musica-22-abril-2020-sorpresa","status":"publish","type":"post","link":"https:\/\/agora.xtec.cat\/escolanouclave\/primaria\/1r\/activitat-2-musica-22-abril-2020-sorpresa\/","title":{"rendered":"ACTIVITAT 2 (M\u00fasica) \/ 22-abril-2020 \/ SORPRESA!!!!"},"content":{"rendered":"<p><a href=\"https:\/\/agora.xtec.cat\/escolanouclave\/wp-content\/uploads\/usu1363\/2020\/04\/M\u00daSICA-2.png\"><img loading=\"lazy\" decoding=\"async\" class=\"wp-image-3558 aligncenter\" src=\"https:\/\/agora.xtec.cat\/escolanouclave\/wp-content\/uploads\/usu1363\/2020\/04\/M\u00daSICA-2.png\" alt=\"\" width=\"489\" height=\"186\" srcset=\"https:\/\/agora.xtec.cat\/escolanouclave\/wp-content\/uploads\/usu1363\/2020\/04\/M\u00daSICA-2.png 820w, https:\/\/agora.xtec.cat\/escolanouclave\/wp-content\/uploads\/usu1363\/2020\/04\/M\u00daSICA-2-300x114.png 300w, https:\/\/agora.xtec.cat\/escolanouclave\/wp-content\/uploads\/usu1363\/2020\/04\/M\u00daSICA-2-768x292.png 768w\" sizes=\"auto, (max-width: 489px) 100vw, 489px\" \/><\/a><\/p>\n<p>Boooooon dia noies i nois de 1r!!!<\/p>\n<p>Com esteu?? Heu tingut una bona setmana?<\/p>\n<p>Ai&#8230;.. jo estic tan contenta&#8230;&#8230; tinc una sorpresa per a vosaltres: mireu, mireu! <a href=\"https:\/\/youtu.be\/62OXpnxzs2g\">V\u00cdDEO<\/a><\/p>\n<p>Aqu\u00ed trobareu la <a href=\"https:\/\/agora.xtec.cat\/escolanouclave\/wp-content\/uploads\/usu1363\/2020\/04\/Document-sense-t\u00edtol-19.pdf\">FITXA 1<\/a> (encerclar les notes SOL) i la <a href=\"https:\/\/agora.xtec.cat\/escolanouclave\/wp-content\/uploads\/usu1363\/2020\/04\/Document-sense-t\u00edtol-20.pdf\">FITXA 2<\/a> (dibuixar la clau de sol i la nota SOL)<\/p>\n<p>Tamb\u00e9 us deixo la <a href=\"https:\/\/youtu.be\/LTWj-9vlHPU\">CAN\u00c7\u00d3 DE SANT JORDI<\/a> que us he preparat!<\/p>\n<p>Espero que us agradi molt i, sobretot, que ho passeu molt b\u00e9!!<\/p>\n<p>Feli\u00e7 dimarts i bona feina \ud83d\ude42<\/p>\n<p>&nbsp;<\/p>\n","protected":false},"excerpt":{"rendered":"<p>Boooooon dia noies i nois de 1r!!! Com esteu?? Heu tingut una bona setmana? Ai&#8230;.. jo estic tan contenta&#8230;&#8230; tinc una sorpresa per a vosaltres: mireu, mireu! V\u00cdDEO Aqu\u00ed trobareu la FITXA 1 (encerclar les notes SOL) i la FITXA 2 (dibuixar la clau de sol i la nota SOL) Tamb\u00e9 us deixo la CAN\u00c7\u00d3 [&hellip;]<\/p>\n","protected":false},"author":22,"featured_media":3558,"comment_status":"open","ping_status":"closed","sticky":false,"template":"","format":"standard","meta":{"_bbp_topic_count":0,"_bbp_reply_count":0,"_bbp_total_topic_count":0,"_bbp_total_reply_count":0,"_bbp_voice_count":0,"_bbp_anonymous_reply_count":0,"_bbp_topic_count_hidden":0,"_bbp_reply_count_hidden":0,"_bbp_forum_subforum_count":0,"site-sidebar-layout":"default","site-content-layout":"","ast-site-content-layout":"","site-content-style":"default","site-sidebar-style":"default","ast-global-header-display":"","ast-banner-title-visibility":"","ast-main-header-display":"","ast-hfb-above-header-display":"","ast-hfb-below-header-display":"","ast-hfb-mobile-header-display":"","site-post-title":"","ast-breadcrumbs-content":"","ast-featured-img":"","footer-sml-layout":"","theme-transparent-header-meta":"","adv-header-id-meta":"","stick-header-meta":"","header-above-stick-meta":"","header-main-stick-meta":"","header-below-stick-meta":"","astra-migrate-meta-layouts":"default","ast-page-background-enabled":"default","ast-page-background-meta":{"desktop":{"background-color":"var(--ast-global-color-4)","background-image":"","background-repeat":"repeat","background-position":"center center","background-size":"auto","background-attachment":"scroll","background-type":"","background-media":"","overlay-type":"","overlay-color":"","overlay-opacity":"","overlay-gradient":""},"tablet":{"background-color":"","background-image":"","background-repeat":"repeat","background-position":"center center","background-size":"auto","background-attachment":"scroll","background-type":"","background-media":"","overlay-type":"","overlay-color":"","overlay-opacity":"","overlay-gradient":""},"mobile":{"background-color":"","background-image":"","background-repeat":"repeat","background-position":"center center","background-size":"auto","background-attachment":"scroll","background-type":"","background-media":"","overlay-type":"","overlay-color":"","overlay-opacity":"","overlay-gradient":""}},"ast-content-background-meta":{"desktop":{"background-color":"var(--ast-global-color-5)","background-image":"","background-repeat":"repeat","background-position":"center center","background-size":"auto","background-attachment":"scroll","background-type":"","background-media":"","overlay-type":"","overlay-color":"","overlay-opacity":"","overlay-gradient":""},"tablet":{"background-color":"var(--ast-global-color-5)","background-image":"","background-repeat":"repeat","background-position":"center center","background-size":"auto","background-attachment":"scroll","background-type":"","background-media":"","overlay-type":"","overlay-color":"","overlay-opacity":"","overlay-gradient":""},"mobile":{"background-color":"var(--ast-global-color-5)","background-image":"","background-repeat":"repeat","background-position":"center center","background-size":"auto","background-attachment":"scroll","background-type":"","background-media":"","overlay-type":"","overlay-color":"","overlay-opacity":"","overlay-gradient":""}},"footnotes":""},"categories":[10],"tags":[452,272,474],"class_list":["post-4248","post","type-post","status-publish","format-standard","has-post-thumbnail","hentry","category-1r","tag-1r-primaria","tag-musica","tag-sant-jordi"],"post_mailing_queue_ids":[],"_links":{"self":[{"href":"https:\/\/agora.xtec.cat\/escolanouclave\/wp-json\/wp\/v2\/posts\/4248","targetHints":{"allow":["GET"]}}],"collection":[{"href":"https:\/\/agora.xtec.cat\/escolanouclave\/wp-json\/wp\/v2\/posts"}],"about":[{"href":"https:\/\/agora.xtec.cat\/escolanouclave\/wp-json\/wp\/v2\/types\/post"}],"author":[{"embeddable":true,"href":"https:\/\/agora.xtec.cat\/escolanouclave\/wp-json\/wp\/v2\/users\/22"}],"replies":[{"embeddable":true,"href":"https:\/\/agora.xtec.cat\/escolanouclave\/wp-json\/wp\/v2\/comments?post=4248"}],"version-history":[{"count":1,"href":"https:\/\/agora.xtec.cat\/escolanouclave\/wp-json\/wp\/v2\/posts\/4248\/revisions"}],"predecessor-version":[{"id":4251,"href":"https:\/\/agora.xtec.cat\/escolanouclave\/wp-json\/wp\/v2\/posts\/4248\/revisions\/4251"}],"wp:featuredmedia":[{"embeddable":true,"href":"https:\/\/agora.xtec.cat\/escolanouclave\/wp-json\/wp\/v2\/media\/3558"}],"wp:attachment":[{"href":"https:\/\/agora.xtec.cat\/escolanouclave\/wp-json\/wp\/v2\/media?parent=4248"}],"wp:term":[{"taxonomy":"category","embeddable":true,"href":"https:\/\/agora.xtec.cat\/escolanouclave\/wp-json\/wp\/v2\/categories?post=4248"},{"taxonomy":"post_tag","embeddable":true,"href":"https:\/\/agora.xtec.cat\/escolanouclave\/wp-json\/wp\/v2\/tags?post=4248"}],"curies":[{"name":"wp","href":"https:\/\/api.w.org\/{rel}","templated":true}]}}