{"id":4045,"date":"2020-04-20T08:44:56","date_gmt":"2020-04-20T06:44:56","guid":{"rendered":"http:\/\/agora.xtec.cat\/escolanouclave\/?p=4045"},"modified":"2020-04-20T08:44:56","modified_gmt":"2020-04-20T06:44:56","slug":"activitat-5-socials-20-abril-2020-introduccio-unitat-5","status":"publish","type":"post","link":"https:\/\/agora.xtec.cat\/escolanouclave\/primaria\/4t\/activitat-5-socials-20-abril-2020-introduccio-unitat-5\/","title":{"rendered":"ACTIVITAT 5 (Socials) \/ 20-abril-2020 \/ Introducci\u00f3 UNITAT 5"},"content":{"rendered":"<p><a href=\"https:\/\/agora.xtec.cat\/escolanouclave\/wp-content\/uploads\/usu1363\/2020\/04\/Verde-Blanco-M\u00fasica-Parque-Blog-Banner.png\"><img loading=\"lazy\" decoding=\"async\" class=\"wp-image-3684 aligncenter\" src=\"https:\/\/agora.xtec.cat\/escolanouclave\/wp-content\/uploads\/usu1363\/2020\/04\/Verde-Blanco-M\u00fasica-Parque-Blog-Banner.png\" alt=\"\" width=\"360\" height=\"202\" srcset=\"https:\/\/agora.xtec.cat\/escolanouclave\/wp-content\/uploads\/usu1363\/2020\/04\/Verde-Blanco-M\u00fasica-Parque-Blog-Banner.png 560w, https:\/\/agora.xtec.cat\/escolanouclave\/wp-content\/uploads\/usu1363\/2020\/04\/Verde-Blanco-M\u00fasica-Parque-Blog-Banner-300x169.png 300w\" sizes=\"auto, (max-width: 360px) 100vw, 360px\" \/><\/a><\/p>\n<p>Boooon dia noies i nois!<\/p>\n<p>Avui comen\u00e7arem la UNITAT 5!!!! I&#8230; sabeu de qu\u00e8 tracta??? Comencem HIST\u00d2RIA!!!<\/p>\n<p>Si obriu el llibre per les p\u00e0gines 74 i 75 veureu la introducci\u00f3 d&#8217;aquest tema. Us proposo que contesteu les preguntes de les dues p\u00e0gines (ho podeu fer en petit i en ll\u00e0pis al mateix llibre) aix\u00ed sabrem quines coses sabem abans de comen\u00e7ar.<\/p>\n<p>Quan acabeu, tamb\u00e9 m&#8217;agradaria que f\u00e9ssiu una <strong>PORTADA<\/strong> ben bonica amb el <em>n\u00famero d&#8217;unitat<\/em> (Unitat 5), el <em>t\u00edtol <\/em>(&#8220;De la prehist\u00f2ria a l&#8217;edat mitjana&#8221;) i el vostre <em>nom i cognom<\/em>. Aix\u00ed podrem anar guardant totes les feines i quedar\u00e0 tot molt ben organitzat. <em><strong>(Penjar la portada al DRIVE)<\/strong><\/em><\/p>\n<p>Vinga, mans a l&#8217;obra!!!!<\/p>\n<p>Feli\u00e7 dilluns i bona feina \ud83d\ude42<\/p>\n<p>&nbsp;<\/p>\n","protected":false},"excerpt":{"rendered":"<p>Boooon dia noies i nois! Avui comen\u00e7arem la UNITAT 5!!!! I&#8230; sabeu de qu\u00e8 tracta??? Comencem HIST\u00d2RIA!!! Si obriu el llibre per les p\u00e0gines 74 i 75 veureu la introducci\u00f3 d&#8217;aquest tema. Us proposo que contesteu les preguntes de les dues p\u00e0gines (ho podeu fer en petit i en ll\u00e0pis al mateix llibre) aix\u00ed sabrem [&hellip;]<\/p>\n","protected":false},"author":22,"featured_media":3684,"comment_status":"open","ping_status":"closed","sticky":false,"template":"","format":"standard","meta":{"_bbp_topic_count":0,"_bbp_reply_count":0,"_bbp_total_topic_count":0,"_bbp_total_reply_count":0,"_bbp_voice_count":0,"_bbp_anonymous_reply_count":0,"_bbp_topic_count_hidden":0,"_bbp_reply_count_hidden":0,"_bbp_forum_subforum_count":0,"site-sidebar-layout":"default","site-content-layout":"","ast-site-content-layout":"","site-content-style":"default","site-sidebar-style":"default","ast-global-header-display":"","ast-banner-title-visibility":"","ast-main-header-display":"","ast-hfb-above-header-display":"","ast-hfb-below-header-display":"","ast-hfb-mobile-header-display":"","site-post-title":"","ast-breadcrumbs-content":"","ast-featured-img":"","footer-sml-layout":"","theme-transparent-header-meta":"","adv-header-id-meta":"","stick-header-meta":"","header-above-stick-meta":"","header-main-stick-meta":"","header-below-stick-meta":"","astra-migrate-meta-layouts":"default","ast-page-background-enabled":"default","ast-page-background-meta":{"desktop":{"background-color":"var(--ast-global-color-4)","background-image":"","background-repeat":"repeat","background-position":"center center","background-size":"auto","background-attachment":"scroll","background-type":"","background-media":"","overlay-type":"","overlay-color":"","overlay-opacity":"","overlay-gradient":""},"tablet":{"background-color":"","background-image":"","background-repeat":"repeat","background-position":"center center","background-size":"auto","background-attachment":"scroll","background-type":"","background-media":"","overlay-type":"","overlay-color":"","overlay-opacity":"","overlay-gradient":""},"mobile":{"background-color":"","background-image":"","background-repeat":"repeat","background-position":"center center","background-size":"auto","background-attachment":"scroll","background-type":"","background-media":"","overlay-type":"","overlay-color":"","overlay-opacity":"","overlay-gradient":""}},"ast-content-background-meta":{"desktop":{"background-color":"var(--ast-global-color-5)","background-image":"","background-repeat":"repeat","background-position":"center center","background-size":"auto","background-attachment":"scroll","background-type":"","background-media":"","overlay-type":"","overlay-color":"","overlay-opacity":"","overlay-gradient":""},"tablet":{"background-color":"var(--ast-global-color-5)","background-image":"","background-repeat":"repeat","background-position":"center center","background-size":"auto","background-attachment":"scroll","background-type":"","background-media":"","overlay-type":"","overlay-color":"","overlay-opacity":"","overlay-gradient":""},"mobile":{"background-color":"var(--ast-global-color-5)","background-image":"","background-repeat":"repeat","background-position":"center center","background-size":"auto","background-attachment":"scroll","background-type":"","background-media":"","overlay-type":"","overlay-color":"","overlay-opacity":"","overlay-gradient":""}},"footnotes":""},"categories":[13],"tags":[381,105,261],"class_list":["post-4045","post","type-post","status-publish","format-standard","has-post-thumbnail","hentry","category-4t","tag-4t-de-primaria","tag-historia","tag-socials"],"post_mailing_queue_ids":[],"_links":{"self":[{"href":"https:\/\/agora.xtec.cat\/escolanouclave\/wp-json\/wp\/v2\/posts\/4045","targetHints":{"allow":["GET"]}}],"collection":[{"href":"https:\/\/agora.xtec.cat\/escolanouclave\/wp-json\/wp\/v2\/posts"}],"about":[{"href":"https:\/\/agora.xtec.cat\/escolanouclave\/wp-json\/wp\/v2\/types\/post"}],"author":[{"embeddable":true,"href":"https:\/\/agora.xtec.cat\/escolanouclave\/wp-json\/wp\/v2\/users\/22"}],"replies":[{"embeddable":true,"href":"https:\/\/agora.xtec.cat\/escolanouclave\/wp-json\/wp\/v2\/comments?post=4045"}],"version-history":[{"count":2,"href":"https:\/\/agora.xtec.cat\/escolanouclave\/wp-json\/wp\/v2\/posts\/4045\/revisions"}],"predecessor-version":[{"id":4075,"href":"https:\/\/agora.xtec.cat\/escolanouclave\/wp-json\/wp\/v2\/posts\/4045\/revisions\/4075"}],"wp:featuredmedia":[{"embeddable":true,"href":"https:\/\/agora.xtec.cat\/escolanouclave\/wp-json\/wp\/v2\/media\/3684"}],"wp:attachment":[{"href":"https:\/\/agora.xtec.cat\/escolanouclave\/wp-json\/wp\/v2\/media?parent=4045"}],"wp:term":[{"taxonomy":"category","embeddable":true,"href":"https:\/\/agora.xtec.cat\/escolanouclave\/wp-json\/wp\/v2\/categories?post=4045"},{"taxonomy":"post_tag","embeddable":true,"href":"https:\/\/agora.xtec.cat\/escolanouclave\/wp-json\/wp\/v2\/tags?post=4045"}],"curies":[{"name":"wp","href":"https:\/\/api.w.org\/{rel}","templated":true}]}}