{"id":3996,"date":"2020-04-21T22:28:13","date_gmt":"2020-04-21T20:28:13","guid":{"rendered":"http:\/\/agora.xtec.cat\/escolanouclave\/?p=3996"},"modified":"2020-04-21T22:28:13","modified_gmt":"2020-04-21T20:28:13","slug":"activitat-5naturals-22-4-2020-projecte-laigua","status":"publish","type":"post","link":"https:\/\/agora.xtec.cat\/escolanouclave\/primaria\/1r\/activitat-5naturals-22-4-2020-projecte-laigua\/","title":{"rendered":"ACTIVITAT 5(Naturals) \/22-4-2020\/ Projecte: L&#8217;aigua."},"content":{"rendered":"<p><img loading=\"lazy\" decoding=\"async\" class=\"aligncenter\" src=\"https:\/\/sites.google.com\/site\/3rescolasantjosep\/_\/rsrc\/1463578694954\/medi-natural-1\/unitat-6---l-aigua\/6-3---el-cicle-de-l-aigua\/CICLE%20AIGUA.png\" alt=\"CI\u00c8NCIES SOCIALS: TEMA 3: La hidrosfera\" width=\"469\" height=\"340\" \/><\/p>\n<p>Hola a tots\u00a0 i totes!<\/p>\n<p>Recordeu el conte de la gota Glu? I tant que s\u00ed!!!<\/p>\n<p>Doncs avui anem a explicar com es diu cada\u00a0 canvi que feia la mare de la gota Glu. \u00c9s a dir avui aprendreu m\u00e9s detalladament el cicle de l&#8217;aigua. Per aix\u00f2\u00a0 heu de veure el que v\u00eddeo que us he preparat: <a href=\"https:\/\/drive.google.com\/drive\/folders\/17ea1laXPsblg_X40s1YpGy_IFFiKehAm\">https:\/\/drive.google.com\/drive\/folders\/17ea1laXPsblg_X40s1YpGy_IFFiKehAm<\/a><\/p>\n<p>En aquest enlla\u00e7\u00a0 trobareu un q\u00fcestionari que m&#8217;heu d&#8217;enviar completat. <a href=\"https:\/\/docs.google.com\/forms\/d\/e\/1FAIpQLSfd79KgGIfwxM7GOWMktu3jCzcbaDvJBO7JeB7OGavRo9HrqA\/viewform?usp=sf_link\">https:\/\/docs.google.com\/forms\/d\/e\/1FAIpQLSfd79KgGIfwxM7GOWMktu3jCzcbaDvJBO7JeB7OGavRo9HrqA\/viewform?usp=sf_link\u00a0 <\/a><\/p>\n<p>Mireu, en aquesta web trobareu un experiment molt interessant sobre el cicle de l&#8217;aigua.\u00a0 Animeu-vos a fer.ho quan faci sol. Ja m&#8217;explicareu que us ha semblat!!!<\/p>\n<p><a href=\"https:\/\/ampavinyet.blogspot.com\/2015\/04\/fem-un-experiment-casa-el-cicle-de.html\">https:\/\/ampavinyet.blogspot.com\/2015\/04\/fem-un-experiment-casa-el-cicle-de.html<\/a><\/p>\n<p>&nbsp;<\/p>\n","protected":false},"excerpt":{"rendered":"<p>Hola a tots\u00a0 i totes! Recordeu el conte de la gota Glu? I tant que s\u00ed!!! Doncs avui anem a explicar com es diu cada\u00a0 canvi que feia la mare de la gota Glu. \u00c9s a dir avui aprendreu m\u00e9s detalladament el cicle de l&#8217;aigua. Per aix\u00f2\u00a0 heu de veure el que v\u00eddeo que us [&hellip;]<\/p>\n","protected":false},"author":1,"featured_media":3341,"comment_status":"open","ping_status":"closed","sticky":false,"template":"","format":"standard","meta":{"_bbp_topic_count":0,"_bbp_reply_count":0,"_bbp_total_topic_count":0,"_bbp_total_reply_count":0,"_bbp_voice_count":0,"_bbp_anonymous_reply_count":0,"_bbp_topic_count_hidden":0,"_bbp_reply_count_hidden":0,"_bbp_forum_subforum_count":0,"site-sidebar-layout":"default","site-content-layout":"","ast-site-content-layout":"","site-content-style":"default","site-sidebar-style":"default","ast-global-header-display":"","ast-banner-title-visibility":"","ast-main-header-display":"","ast-hfb-above-header-display":"","ast-hfb-below-header-display":"","ast-hfb-mobile-header-display":"","site-post-title":"","ast-breadcrumbs-content":"","ast-featured-img":"","footer-sml-layout":"","theme-transparent-header-meta":"","adv-header-id-meta":"","stick-header-meta":"","header-above-stick-meta":"","header-main-stick-meta":"","header-below-stick-meta":"","astra-migrate-meta-layouts":"default","ast-page-background-enabled":"default","ast-page-background-meta":{"desktop":{"background-color":"var(--ast-global-color-4)","background-image":"","background-repeat":"repeat","background-position":"center center","background-size":"auto","background-attachment":"scroll","background-type":"","background-media":"","overlay-type":"","overlay-color":"","overlay-opacity":"","overlay-gradient":""},"tablet":{"background-color":"","background-image":"","background-repeat":"repeat","background-position":"center center","background-size":"auto","background-attachment":"scroll","background-type":"","background-media":"","overlay-type":"","overlay-color":"","overlay-opacity":"","overlay-gradient":""},"mobile":{"background-color":"","background-image":"","background-repeat":"repeat","background-position":"center center","background-size":"auto","background-attachment":"scroll","background-type":"","background-media":"","overlay-type":"","overlay-color":"","overlay-opacity":"","overlay-gradient":""}},"ast-content-background-meta":{"desktop":{"background-color":"var(--ast-global-color-5)","background-image":"","background-repeat":"repeat","background-position":"center center","background-size":"auto","background-attachment":"scroll","background-type":"","background-media":"","overlay-type":"","overlay-color":"","overlay-opacity":"","overlay-gradient":""},"tablet":{"background-color":"var(--ast-global-color-5)","background-image":"","background-repeat":"repeat","background-position":"center center","background-size":"auto","background-attachment":"scroll","background-type":"","background-media":"","overlay-type":"","overlay-color":"","overlay-opacity":"","overlay-gradient":""},"mobile":{"background-color":"var(--ast-global-color-5)","background-image":"","background-repeat":"repeat","background-position":"center center","background-size":"auto","background-attachment":"scroll","background-type":"","background-media":"","overlay-type":"","overlay-color":"","overlay-opacity":"","overlay-gradient":""}},"footnotes":""},"categories":[10],"tags":[405,176,253,252],"class_list":["post-3996","post","type-post","status-publish","format-standard","has-post-thumbnail","hentry","category-1r","tag-el-cicle-de-laigua","tag-experimentacio","tag-laigua","tag-naturals"],"post_mailing_queue_ids":[],"_links":{"self":[{"href":"https:\/\/agora.xtec.cat\/escolanouclave\/wp-json\/wp\/v2\/posts\/3996","targetHints":{"allow":["GET"]}}],"collection":[{"href":"https:\/\/agora.xtec.cat\/escolanouclave\/wp-json\/wp\/v2\/posts"}],"about":[{"href":"https:\/\/agora.xtec.cat\/escolanouclave\/wp-json\/wp\/v2\/types\/post"}],"author":[{"embeddable":true,"href":"https:\/\/agora.xtec.cat\/escolanouclave\/wp-json\/wp\/v2\/users\/1"}],"replies":[{"embeddable":true,"href":"https:\/\/agora.xtec.cat\/escolanouclave\/wp-json\/wp\/v2\/comments?post=3996"}],"version-history":[{"count":3,"href":"https:\/\/agora.xtec.cat\/escolanouclave\/wp-json\/wp\/v2\/posts\/3996\/revisions"}],"predecessor-version":[{"id":4294,"href":"https:\/\/agora.xtec.cat\/escolanouclave\/wp-json\/wp\/v2\/posts\/3996\/revisions\/4294"}],"wp:featuredmedia":[{"embeddable":true,"href":"https:\/\/agora.xtec.cat\/escolanouclave\/wp-json\/wp\/v2\/media\/3341"}],"wp:attachment":[{"href":"https:\/\/agora.xtec.cat\/escolanouclave\/wp-json\/wp\/v2\/media?parent=3996"}],"wp:term":[{"taxonomy":"category","embeddable":true,"href":"https:\/\/agora.xtec.cat\/escolanouclave\/wp-json\/wp\/v2\/categories?post=3996"},{"taxonomy":"post_tag","embeddable":true,"href":"https:\/\/agora.xtec.cat\/escolanouclave\/wp-json\/wp\/v2\/tags?post=3996"}],"curies":[{"name":"wp","href":"https:\/\/api.w.org\/{rel}","templated":true}]}}