{"id":3254,"date":"2020-04-03T20:15:34","date_gmt":"2020-04-03T18:15:34","guid":{"rendered":"http:\/\/agora.xtec.cat\/escolanouclave\/?p=3254"},"modified":"2020-04-03T20:15:34","modified_gmt":"2020-04-03T18:15:34","slug":"bona-setmana-santa","status":"publish","type":"post","link":"https:\/\/agora.xtec.cat\/escolanouclave\/infantil\/p5-infantil\/bona-setmana-santa\/","title":{"rendered":"Bona Setmana Santa!!!"},"content":{"rendered":"<p><a href=\"https:\/\/agora.xtec.cat\/escolanouclave\/wp-content\/uploads\/usu1363\/2020\/04\/7bd59bd394a351d4476ee7996acf6337-letras-de-pascua-felices-manuscritas-by-vexels.png\"><img loading=\"lazy\" decoding=\"async\" class=\"wp-image-3255 aligncenter\" src=\"https:\/\/agora.xtec.cat\/escolanouclave\/wp-content\/uploads\/usu1363\/2020\/04\/7bd59bd394a351d4476ee7996acf6337-letras-de-pascua-felices-manuscritas-by-vexels.png\" alt=\"\" width=\"271\" height=\"271\" \/><\/a><\/p>\n<p>Hola elefants!!!<\/p>\n<p>La Laura i l&#8217;\u00c0ngels tenen unes coses a dir-vos:<\/p>\n<p>Primer, felicitar-vos per la fant\u00e0stica feina que heu fet durant aquestes darreres setmanes. Esperem que hagueu disfrutat molt amb les tasques proposades.<\/p>\n<p>Segon, per la setmana vinent, que seran les vacances de Setmana Santa no posarem cap tasca en el bloc ja que tant vosaltres com les mestres hem de descansar. Per\u00f2 aix\u00f2 s\u00ed, hem de continuar seguint amb les rutines di\u00e0ries que ja sabem que ho feu super b\u00e9!!<\/p>\n<p>Algunes propostes s\u00f3n: puzles, tallers de manualitats o cuina, estona de tablets o ordinadors, mirar contes, ioga, estona de lectura, zumba&#8230;<\/p>\n<p>Bona Setmana Santa confinada elefants!!!<\/p>\n<p>FINS AVIAT! US ESTIMEM MOOOOOLT!!!<\/p>\n<p>&nbsp;<\/p>\n","protected":false},"excerpt":{"rendered":"<p>Hola elefants!!! La Laura i l&#8217;\u00c0ngels tenen unes coses a dir-vos: Primer, felicitar-vos per la fant\u00e0stica feina que heu fet durant aquestes darreres setmanes. Esperem que hagueu disfrutat molt amb les tasques proposades. Segon, per la setmana vinent, que seran les vacances de Setmana Santa no posarem cap tasca en el bloc ja que tant [&hellip;]<\/p>\n","protected":false},"author":26,"featured_media":3255,"comment_status":"open","ping_status":"closed","sticky":false,"template":"","format":"standard","meta":{"_bbp_topic_count":0,"_bbp_reply_count":0,"_bbp_total_topic_count":0,"_bbp_total_reply_count":0,"_bbp_voice_count":0,"_bbp_anonymous_reply_count":0,"_bbp_topic_count_hidden":0,"_bbp_reply_count_hidden":0,"_bbp_forum_subforum_count":0,"site-sidebar-layout":"default","site-content-layout":"","ast-site-content-layout":"","site-content-style":"default","site-sidebar-style":"default","ast-global-header-display":"","ast-banner-title-visibility":"","ast-main-header-display":"","ast-hfb-above-header-display":"","ast-hfb-below-header-display":"","ast-hfb-mobile-header-display":"","site-post-title":"","ast-breadcrumbs-content":"","ast-featured-img":"","footer-sml-layout":"","theme-transparent-header-meta":"","adv-header-id-meta":"","stick-header-meta":"","header-above-stick-meta":"","header-main-stick-meta":"","header-below-stick-meta":"","astra-migrate-meta-layouts":"default","ast-page-background-enabled":"default","ast-page-background-meta":{"desktop":{"background-color":"var(--ast-global-color-4)","background-image":"","background-repeat":"repeat","background-position":"center center","background-size":"auto","background-attachment":"scroll","background-type":"","background-media":"","overlay-type":"","overlay-color":"","overlay-opacity":"","overlay-gradient":""},"tablet":{"background-color":"","background-image":"","background-repeat":"repeat","background-position":"center center","background-size":"auto","background-attachment":"scroll","background-type":"","background-media":"","overlay-type":"","overlay-color":"","overlay-opacity":"","overlay-gradient":""},"mobile":{"background-color":"","background-image":"","background-repeat":"repeat","background-position":"center center","background-size":"auto","background-attachment":"scroll","background-type":"","background-media":"","overlay-type":"","overlay-color":"","overlay-opacity":"","overlay-gradient":""}},"ast-content-background-meta":{"desktop":{"background-color":"var(--ast-global-color-5)","background-image":"","background-repeat":"repeat","background-position":"center center","background-size":"auto","background-attachment":"scroll","background-type":"","background-media":"","overlay-type":"","overlay-color":"","overlay-opacity":"","overlay-gradient":""},"tablet":{"background-color":"var(--ast-global-color-5)","background-image":"","background-repeat":"repeat","background-position":"center center","background-size":"auto","background-attachment":"scroll","background-type":"","background-media":"","overlay-type":"","overlay-color":"","overlay-opacity":"","overlay-gradient":""},"mobile":{"background-color":"var(--ast-global-color-5)","background-image":"","background-repeat":"repeat","background-position":"center center","background-size":"auto","background-attachment":"scroll","background-type":"","background-media":"","overlay-type":"","overlay-color":"","overlay-opacity":"","overlay-gradient":""}},"footnotes":""},"categories":[98],"tags":[246,429,419],"class_list":["post-3254","post","type-post","status-publish","format-standard","has-post-thumbnail","hentry","category-p5-infantil","tag-jo-em-quedo-a-casa","tag-recomanacions","tag-setmana-santa"],"post_mailing_queue_ids":[],"_links":{"self":[{"href":"https:\/\/agora.xtec.cat\/escolanouclave\/wp-json\/wp\/v2\/posts\/3254","targetHints":{"allow":["GET"]}}],"collection":[{"href":"https:\/\/agora.xtec.cat\/escolanouclave\/wp-json\/wp\/v2\/posts"}],"about":[{"href":"https:\/\/agora.xtec.cat\/escolanouclave\/wp-json\/wp\/v2\/types\/post"}],"author":[{"embeddable":true,"href":"https:\/\/agora.xtec.cat\/escolanouclave\/wp-json\/wp\/v2\/users\/26"}],"replies":[{"embeddable":true,"href":"https:\/\/agora.xtec.cat\/escolanouclave\/wp-json\/wp\/v2\/comments?post=3254"}],"version-history":[{"count":1,"href":"https:\/\/agora.xtec.cat\/escolanouclave\/wp-json\/wp\/v2\/posts\/3254\/revisions"}],"predecessor-version":[{"id":3256,"href":"https:\/\/agora.xtec.cat\/escolanouclave\/wp-json\/wp\/v2\/posts\/3254\/revisions\/3256"}],"wp:featuredmedia":[{"embeddable":true,"href":"https:\/\/agora.xtec.cat\/escolanouclave\/wp-json\/wp\/v2\/media\/3255"}],"wp:attachment":[{"href":"https:\/\/agora.xtec.cat\/escolanouclave\/wp-json\/wp\/v2\/media?parent=3254"}],"wp:term":[{"taxonomy":"category","embeddable":true,"href":"https:\/\/agora.xtec.cat\/escolanouclave\/wp-json\/wp\/v2\/categories?post=3254"},{"taxonomy":"post_tag","embeddable":true,"href":"https:\/\/agora.xtec.cat\/escolanouclave\/wp-json\/wp\/v2\/tags?post=3254"}],"curies":[{"name":"wp","href":"https:\/\/api.w.org\/{rel}","templated":true}]}}